{"id":527832,"date":"2026-06-07T11:48:15","date_gmt":"2026-06-07T11:48:15","guid":{"rendered":"https:\/\/www.europesays.com\/it\/527832\/"},"modified":"2026-06-07T11:48:15","modified_gmt":"2026-06-07T11:48:15","slug":"milan-i-dubbi-di-maignan-il-mondiale-quanto-costa-chi-lo-vuole","status":"publish","type":"post","link":"https:\/\/www.europesays.com\/it\/527832\/","title":{"rendered":"Milan, i dubbi di Maignan: il Mondiale, quanto costa, chi lo vuole"},"content":{"rendered":"<p>                                Il capitano, deluso dal piazzamento finale ma anche dal licenziamento dello staff con cui si trovava bene, riflette sul suo futuro in rossonero<\/p>\n<p class=\"paragraph\" spellcheck=\"true\">Come da prassi, parla poco con i media, ma Mike Maignan sta riflettendo sul suo futuro che adesso non \u00e8 pi\u00f9 al 100%  a tinte rossonere. Il rinnovo del contratto fino al 2031, a oltre cinque milioni netti pi\u00f9 bonus a stagione (e senza una clausola rescissoria), sembrava aver chiuso ogni discorso relativo al domani del francese e invece la mancata qualificazione alla Champions, abbinata alla rivoluzione in atto a Casa Milan e a Milanello, gli hanno instillato nella mente il dubbio: giusto restare o fare le valige? Il suo agente, Jonathan Kebe, si \u00e8 messo al lavoro per farsi trovare pronto qualora  in Magic Mike a prevalere fosse la volont\u00e0 di provare una nuova avventura. Qualche big orientata a cambiare portiere c\u2019\u00e8, ma tra quelle che al momento cercano nel ruolo un fuoriclasse, nessuna tra Chelsea, Tottenham e Juventus giocher\u00e0 la prossima Champions. Molte cose per\u00f2 possono succedere nelle prossime settimane e per questo Maignan tace e si concentra sul Mondiale. Il tempo delle valutazioni e delle scelte arriver\u00e0 probabilmente  quando il Diavolo annuncer\u00e0 il nuovo allenatore. A quel punto, con un quadro chiaro sia sul mercato sia sul fronte rossonero, sar\u00e0 presa la decisione definitiva.<\/p>\n<p>    stile\u2014 \u00a0<\/p>\n<p class=\"paragraph is-inline\" spellcheck=\"true\">Maignan \u00e8 il capitano, un ruolo che ricopre con orgoglio. Quando ha sposato il progetto del Diavolo, con Allegri saldo sulla panchina e la squadra nei quartieri alti della classifica, non immaginava un finale tanto amaro. L\u2019esonero del tecnico e del suo staff (compreso il preparatore Filippi) lo ha deluso  almeno quanto il quinto posto finale. Ci\u00f2 premesso, non vuole fare scelte affrettate n\u00e9 uscite avventate come quella di Leao, che per ben due volte di fronte alle telecamere ha sbandierato il desiderio di lasciare Milanello. Se alla fine l\u2019ago della bilancia pender\u00e0 dalla parte dell\u2019addio, difficile che la rottura sia traumatica. Mike non \u00e8 il tipo.<\/p>\n<p><a class=\"is-partner-link\" href=\"https:\/\/fantacampionato.gazzetta.it\/home?intcmp=CTAMondiale26\" rel=\"nofollow noopener\" target=\"_blank\">Dimostra di essere il migliore: il fantaconcorso pi\u00f9 ricco d&#8217;Italia diventa Mondiale! Abbonati a soli 9,99\u20ac<\/a><\/p>\n<p>    chelsea bis\u2014 \u00a0<\/p>\n<p class=\"paragraph is-inline\" spellcheck=\"true\">Lo scorso giugno il Chelsea era arrivato a proporre 18 milioni per il suo cartellino: offerta rifiutata dal club, su pressione di Allegri, e Maignan nominato capitano. Adesso \u00e8 partito il nuovo tam-tam legato alla possibile partenza di Mike. Pi\u00f9 facile che vada all\u2019estero perch\u00e9 il Milan non lo lascer\u00e0 andare per meno di 40-50 milioni, soprattutto in caso di Mondiale di alto livello. L\u2019agente del portiere \u00e8 al lavoro e a met\u00e0 luglio probabilmente la panoramica della situazione sar\u00e0 pi\u00f9 chiara. Con tanto di squadre davvero interessate. A quel punto, con il Milan che avr\u00e0 una nuova dirigenza e un nuovo tecnico, sar\u00e0 preso un indirizzo. L\u2019idea rossonera \u00e8 non cedere Maignan, che anche Cardinale stima. Il francese   \u00e8 considerato uno di quei giocatori che devono costituire lo zoccolo duro del Diavolo. Di oggi e di domani. La propriet\u00e0 e la nuova dirigenza ribadiranno il concetto al numero 16 e, offerte irrinunciabili permettendo, sperano che non venga fuori un caso di mercato.<\/p>\n<p class=\"is-copyright\">\u00a9 RIPRODUZIONE RISERVATA<\/p>\n","protected":false},"excerpt":{"rendered":"Il capitano, deluso dal piazzamento finale ma anche dal licenziamento dello staff con cui si trovava bene, riflette&hellip;\n","protected":false},"author":3,"featured_media":527833,"comment_status":"","ping_status":"","sticky":false,"template":"","format":"standard","meta":{"footnotes":"","_share_on_mastodon":"0"},"categories":[1452],"tags":[31363,7169,3076,721,8230,1969,5368,17560,8001,5524,1690,1426,1740,3368,1346,1537,90,89,13200,1412,14827,553,23161,1353,273,291352,2855,494,14751,9611,138,50410,1739,245,244,6194,77376,3375],"class_list":["post-527832","post","type-post","status-publish","format-standard","has-post-thumbnail","category-calcio","tag-abbinata","tag-agente","tag-allegri","tag-calcio","tag-capitano","tag-champions","tag-chelsea","tag-deluso","tag-diavolo","tag-dirigenza","tag-domani","tag-finale","tag-football","tag-francese","tag-fronte","tag-it","tag-italia","tag-italy","tag-maignan","tag-mercato","tag-mike","tag-milan","tag-milanello","tag-mondiale","tag-nuova","tag-nuova-dirigenza","tag-portiere","tag-punto","tag-restare","tag-rossonero","tag-ruolo","tag-scelte","tag-soccer","tag-sport","tag-sports","tag-staff","tag-tam","tag-tecnico"],"share_on_mastodon":{"url":"https:\/\/pubeurope.com\/@it\/116708671659960710","error":""},"_links":{"self":[{"href":"https:\/\/www.europesays.com\/it\/wp-json\/wp\/v2\/posts\/527832","targetHints":{"allow":["GET"]}}],"collection":[{"href":"https:\/\/www.europesays.com\/it\/wp-json\/wp\/v2\/posts"}],"about":[{"href":"https:\/\/www.europesays.com\/it\/wp-json\/wp\/v2\/types\/post"}],"author":[{"embeddable":true,"href":"https:\/\/www.europesays.com\/it\/wp-json\/wp\/v2\/users\/3"}],"replies":[{"embeddable":true,"href":"https:\/\/www.europesays.com\/it\/wp-json\/wp\/v2\/comments?post=527832"}],"version-history":[{"count":0,"href":"https:\/\/www.europesays.com\/it\/wp-json\/wp\/v2\/posts\/527832\/revisions"}],"wp:featuredmedia":[{"embeddable":true,"href":"https:\/\/www.europesays.com\/it\/wp-json\/wp\/v2\/media\/527833"}],"wp:attachment":[{"href":"https:\/\/www.europesays.com\/it\/wp-json\/wp\/v2\/media?parent=527832"}],"wp:term":[{"taxonomy":"category","embeddable":true,"href":"https:\/\/www.europesays.com\/it\/wp-json\/wp\/v2\/categories?post=527832"},{"taxonomy":"post_tag","embeddable":true,"href":"https:\/\/www.europesays.com\/it\/wp-json\/wp\/v2\/tags?post=527832"}],"curies":[{"name":"wp","href":"https:\/\/api.w.org\/{rel}","templated":true}]}}