{"id":527971,"date":"2026-06-07T14:05:14","date_gmt":"2026-06-07T14:05:14","guid":{"rendered":"https:\/\/www.europesays.com\/it\/527971\/"},"modified":"2026-06-07T14:05:14","modified_gmt":"2026-06-07T14:05:14","slug":"juve-per-sorloth-insidie-dalla-premier-spalletti-freme","status":"publish","type":"post","link":"https:\/\/www.europesays.com\/it\/527971\/","title":{"rendered":"Juve, per Sorloth insidie dalla Premier: Spalletti freme&#8230;"},"content":{"rendered":"<p>                                L&#8217;interesse dei club inglesi per l&#8217;attaccante dell&#8217;Atletico complica il lavoro di Comolli, anche perch\u00e9 gli spagnoli non hanno fretta di cedere. Serve uno scatto pure per Kim e Brahim Diaz<\/p>\n<p class=\"paragraph\" spellcheck=\"true\">L\u2019&#8217;estate sar\u00e0 lunga per la Juventus, ma lo \u00e8 anche la lista di caselle da spuntare. L&#8217;amministratore delegato Damien Comolli sta muovendo i primi pezzi sulla scacchiera <a href=\"https:\/\/www.gazzetta.it\/Calcio\/Serie-A\/Juventus\/02-06-2026\/juve-spalletti-vuole-kim-koke-kolo-muani.shtml?intcmp=hyperlink-articolo-gazit\" title=\"Juve, la lista di Spalletti: Kim, Koke e Kolo Muani nel mirino. E per la porta c&#039;\u00e8 un piano B\" rel=\"nofollow noopener\" target=\"_blank\">per assicurare a Luciano Spalletti una rosa rinforzata<\/a> come richiesto, ma intanto qualche &#8220;no&#8221; \u00e8 gi\u00e0 arrivato e ogni obiettivo che sfuma finisce per dare l&#8217;impressione che il tempo corra sempre pi\u00f9 velocemente. \u00c8 il caso di Alexander Sorloth, per esempio, per cui la Juventus ha provato ad accelerare negli ultimi giorni in concomitanza <a href=\"https:\/\/www.gazzetta.it\/Calcio\/Serie-A\/Juventus\/03-06-2026\/juve-vlahovic-via-a-parametro-zero-interrotte-le-trattative-per-il-rinnovo.shtml?intcmp=hyperlink-articolo-gazit\" title=\"Vlahovic-Juve, \u00e8 finita: interrotte le trattative per il rinnovo. Chiellini: \" a=\"\" queste=\"\" cifre=\"\" non=\"\" rimarr=\"\" in=\"\" italia=\"\" itali rel=\"nofollow noopener\" target=\"_blank\">con il rinnovo sfumato di Dusan Vlahovic<\/a>, ma che &#8211; come gi\u00e0 vissuto per altri obiettivi &#8211; rischia di diventare un dossier un po&#8217; pi\u00f9 complesso da chiudere per via degli interessamenti in arrivo dalla Premier League. La Signora, insomma, si muove su pi\u00f9 tavoli per via delle tante necessit\u00e0 di organico, ma fatica a giocare davvero d&#8217;anticipo.\u00a0<\/p>\n<p>    punte girevoli\u2014 \u00a0<\/p>\n<p class=\"paragraph is-inline\" spellcheck=\"true\">Tra l&#8217;addio a Vlahovic e <a href=\"https:\/\/www.gazzetta.it\/Calcio\/Calciomercato\/Juventus\/01-06-2026\/juventus-openda-e-david-grane-milionarie-e-freni-al-mercato.shtml?intcmp=hyperlink-articolo-gazit\" title=\"Juve, e ora come fai? Openda e David: grane milionarie e freni al mercato\" rel=\"nofollow noopener\" target=\"_blank\">la coppia Jonathan David-Lois Openda sull&#8217;uscio<\/a>, l&#8217;attacco resta &#8211; insieme alla porta &#8211; la priorit\u00e0 della Juventus, considerando che senza il serbo Spalletti non ha a oggi nessuna punta di cui \u00e8 davvero convinto. Quindi, mentre <a href=\"https:\/\/www.gazzetta.it\/Calcio\/Calciomercato\/Juventus\/04-06-2026\/juve-addio-a-vlahovic-ora-tutto-su-kolo-muani-ma-a-spalletti-non-basta.shtml?intcmp=hyperlink-articolo-gazit\" title=\"Juve, addio a Vlahovic: ora tutto su Kolo Muani, ma a Spalletti non pu\u00f2 bastare\" rel=\"nofollow noopener\" target=\"_blank\">per Randal Kolo Muani<\/a> \u00e8 previsto nei prossimi giorni un summit con il Paris Saint-Germain per capire quanto \u00e8 ampia la distanza tra domanda e offerta, per Sorloth c&#8217;\u00e8 pi\u00f9 lavoro da fare. L&#8217;Atletico Madrid, forte dell&#8217;interesse dei club inglesi, pregusta una possibile asta e non ha intenzione di forzare i tempi, tutt&#8217;altro, considerando anche il Mondiale in partenza. <a href=\"https:\/\/www.gazzetta.it\/Calcio\/Calciomercato\/Juventus\/06-06-2026\/juve-sorloth-l-atletico-adesso-apre-si-tratta.shtml?intcmp=hyperlink-articolo-gazit\" title=\"La Juve stringe per Sorloth. L&#039;Atletico adesso apre: si tratta\" rel=\"nofollow noopener\" target=\"_blank\">L&#8217;apertura del giocatore \u00e8 indispensabile ed \u00e8 gi\u00e0 realt\u00e0<\/a>, sulla base di un\u2019intesa di massima raggiunta dopo il recente blitz nella capitale norvegese dei dirigenti bianconeri: contratto di 4 anni a 4 milioni pi\u00f9 bonus. Ma non baster\u00e0 se i Colchoneros dovessero posizionare l&#8217;asta troppo oltre i 30 milioni di euro. E Spalletti freme impaziente&#8230;\u00a0<\/p>\n<p>    Le spine in difesa\u2014 \u00a0<\/p>\n<p class=\"paragraph is-inline\" spellcheck=\"true\">Se in porta le candidature <a href=\"https:\/\/www.gazzetta.it\/Calcio\/Serie-A\/Juventus\/03-06-2026\/juve-alisson-lontano-obiettivi-dibu-martinez-e-vicario.shtml?intcmp=hyperlink-articolo-gazit\" title=\"Juve, Alisson sempre pi\u00f9 in salita: occhi su Dibu Martinez e Vicario\" rel=\"nofollow noopener\" target=\"_blank\">di Guglielmo Vicario del Tottenham e di Emiliano Dibu Martinez dell&#8217;Aston Villa<\/a> sono state affiancate dai contatti per Mike Maignan del Milan, in difesa il nome prediletto resta Kim Min-jae. Anche in questo caso, per\u00f2, la strada \u00e8 in salita: innanzitutto <a href=\"https:\/\/www.gazzetta.it\/Calcio\/Serie-A\/Juventus\/05-06-2026\/juve-assalto-kim-sorloth.shtml?intcmp=hyperlink-articolo-gazit\" title=\"Juve all&#039;assalto: arriva il primo s\u00ec di Kim, ma il Bayern spara alto. Per Sorloth si fa sul serio\" rel=\"nofollow noopener\" target=\"_blank\">l&#8217;esagerata richiesta di 40 milioni di euro<\/a> da parte del Bayern Monaco rende il prestito l&#8217;unica formula percorribile e poi l&#8217;ex Napoli \u00e8 legato all&#8217;eventuale uscita di Gleison Bremer, in questo momento tutt&#8217;altro che vicina a concretizzarsi. Il calciatore conosce bene Spalletti e con lui ha vinto a Napoli lo scudetto del 2022-2023: in Germania non \u00e8 un titolare, cos\u00ec l&#8217;apertura alla Juventus \u00e8 risultata s\u00f9bito naturale. Al momento, per\u00f2, non basta: i bianconeri continuano a lavorare sul centrale, ma la quadratura del cerchio non \u00e8 vicina.\u00a0<\/p>\n<p><a class=\"is-partner-link\" href=\"https:\/\/fantacampionato.gazzetta.it\/home?intcmp=CTAMondiale26\" rel=\"nofollow noopener\" target=\"_blank\">Dimostra di essere il migliore: il fantaconcorso pi\u00f9 ricco d&#8217;Italia diventa Mondiale! Abbonati a soli 9,99\u20ac<\/a><\/p>\n<p>    Alla ricerca della qualit\u00e0\u2014 \u00a0<\/p>\n<p class=\"paragraph is-inline\" spellcheck=\"true\">Con Bernardo Silva sogno nato e sfumato in primavera, la caccia di Spalletti a un trequartista di classe e piede si \u00e8 infine diretta su un altro scudettato: <a href=\"https:\/\/www.gazzetta.it\/Calcio\/Calciomercato\/Juventus\/30-05-2026\/juve-brahim-diaz-dipende-da-nico-paz-l-intreccio-di-mercato.shtml?intcmp=hyperlink-articolo-gazit\" title=\"Juve, Brahim Diaz dipende da... Nico Paz: l&#039;intreccio tra Madrid, Como e Torino\" rel=\"nofollow noopener\" target=\"_blank\">Brahim Diaz del Real Madrid<\/a>, tricolore con il Milan nel 2021-2022. Per lo spagnolo naturalizzato marocchino, per\u00f2, devono prima diradarsi le nubi sui Blancos, alle prese con le elezioni presidenziali e quindi ben lontani da avere un&#8217;idea chiara sulla squadra del futuro. Se l&#8217;affollamento sulla trequarti degli spagnoli dovesse aumentare, Diaz potrebbe valutare il ritorno in Serie A con una maglia diversa, ma se invece il club dovesse confermargli la fiducia, allora le possibilit\u00e0 per Comolli sarebbero ben pi\u00f9 basse. Serve tanta pazienza, alla Continassa.<\/p>\n<p class=\"is-copyright\">\u00a9 RIPRODUZIONE RISERVATA<\/p>\n","protected":false},"excerpt":{"rendered":"L&#8217;interesse dei club inglesi per l&#8217;attaccante dell&#8217;Atletico complica il lavoro di Comolli, anche perch\u00e9 gli spagnoli non hanno&hellip;\n","protected":false},"author":3,"featured_media":527972,"comment_status":"","ping_status":"","sticky":false,"template":"","format":"standard","meta":{"footnotes":"","_share_on_mastodon":"0"},"categories":[1452],"tags":[915,30861,5358,391,585,89436,89437,721,554,214782,10572,14309,6693,1278,18350,767,3879,724,1740,3189,5292,14403,291407,1537,90,89,558,10470,5382,553,248,98,115,1434,2181,276113,1739,127860,54129,24806,245,244,26966,10353],"class_list":["post-527971","post","type-post","status-publish","format-standard","has-post-thumbnail","category-calcio","tag-apertura","tag-asta","tag-atletico","tag-ben","tag-bianconeri","tag-brahim","tag-brahim-diaz","tag-calcio","tag-club","tag-club-inglesi","tag-comolli","tag-considerando","tag-contratto","tag-davvero","tag-diaz","tag-difesa","tag-dovesse","tag-euro","tag-football","tag-inglesi","tag-interesse","tag-interesse-club","tag-interesse-club-inglesi","tag-it","tag-italia","tag-italy","tag-juventus","tag-kim","tag-madrid","tag-milan","tag-napoli","tag-porta","tag-premier","tag-resta","tag-serve","tag-sfumato","tag-soccer","tag-sorloth","tag-spagnoli","tag-spalletti","tag-sport","tag-sports","tag-tutt","tag-vicina"],"share_on_mastodon":{"url":"https:\/\/pubeurope.com\/@it\/116709210702842329","error":""},"_links":{"self":[{"href":"https:\/\/www.europesays.com\/it\/wp-json\/wp\/v2\/posts\/527971","targetHints":{"allow":["GET"]}}],"collection":[{"href":"https:\/\/www.europesays.com\/it\/wp-json\/wp\/v2\/posts"}],"about":[{"href":"https:\/\/www.europesays.com\/it\/wp-json\/wp\/v2\/types\/post"}],"author":[{"embeddable":true,"href":"https:\/\/www.europesays.com\/it\/wp-json\/wp\/v2\/users\/3"}],"replies":[{"embeddable":true,"href":"https:\/\/www.europesays.com\/it\/wp-json\/wp\/v2\/comments?post=527971"}],"version-history":[{"count":0,"href":"https:\/\/www.europesays.com\/it\/wp-json\/wp\/v2\/posts\/527971\/revisions"}],"wp:featuredmedia":[{"embeddable":true,"href":"https:\/\/www.europesays.com\/it\/wp-json\/wp\/v2\/media\/527972"}],"wp:attachment":[{"href":"https:\/\/www.europesays.com\/it\/wp-json\/wp\/v2\/media?parent=527971"}],"wp:term":[{"taxonomy":"category","embeddable":true,"href":"https:\/\/www.europesays.com\/it\/wp-json\/wp\/v2\/categories?post=527971"},{"taxonomy":"post_tag","embeddable":true,"href":"https:\/\/www.europesays.com\/it\/wp-json\/wp\/v2\/tags?post=527971"}],"curies":[{"name":"wp","href":"https:\/\/api.w.org\/{rel}","templated":true}]}}