{"id":527973,"date":"2026-06-07T14:06:17","date_gmt":"2026-06-07T14:06:17","guid":{"rendered":"https:\/\/www.europesays.com\/it\/527973\/"},"modified":"2026-06-07T14:06:17","modified_gmt":"2026-06-07T14:06:17","slug":"brad-pitt-e-ines-de-ramon-amore-sotto-i-riflettori-al-roland-garros-la-coppia-piu-glamour-conquista-parigi","status":"publish","type":"post","link":"https:\/\/www.europesays.com\/it\/527973\/","title":{"rendered":"Brad Pitt e Ines de Ramon, amore sotto i riflettori al Roland-Garros: la coppia pi\u00f9 glamour conquista Parigi"},"content":{"rendered":"<p>Mentre il torneo infiamma Parigi, la coppia conquista gli spalti con look impeccabili e un&#8217;intesa che non passa inosservata. I flash sono tutti per loro<\/p>\n<p class=\"chapter-paragraph\">Non solo tennis al Roland-Garros. Mentre sul prestigioso campo Philippe-Chatrier si consumava una delle sfide pi\u00f9 attese del torneo femminile, sugli spalti era un&#8217;altra coppia ad attirare flash e attenzioni. <b>Brad Pitt, 62 anni,\u00a0 e Ines de Ramon 34 a fine anno, hanno infatti trasformato il celebre torneo parigino<\/b> in una passerella a cielo aperto, confermandosi una delle coppie pi\u00f9 glamour e seguite del momento. L&#8217;attore hollywoodiano, icona di stile senza tempo, ha puntato su un look essenziale ma impeccabile: camicia bianca, pantaloni beige e quell&#8217;eleganza rilassata che da sempre lo contraddistingue. Al suo fianco, Ines de Ramon (nata il 19 dicembre 1992 a Madrid, in Spagna, ma cresciuta a Cologny, in Svizzera, parla perfettamente inglese, spagnolo e francese, ma ha un&#8217;ottima conoscenza anche dell&#8217;italiano e del tedesco)\u00a0ha sfoggiato un outfit raffinato e contemporaneo, composto da un abito chiaro, giacca color kaki e occhiali da sole. Tra un punto e l&#8217;altro della finale del singolare femminile, <b>chiusa il 6 giugno con il trionfo della 19enne russa Mirra Andreeva contro la polacca Maja Chwainska<\/b>, i due sono apparsi perfettamente a loro agio sotto gli occhi di fotografi e spettatori. Sorrisi complici, sguardi d&#8217;intesa e momenti di leggerezza hanno raccontato pi\u00f9 di qualsiasi dichiarazione ufficiale, regalando agli appassionati di gossip e moda una delle immagini pi\u00f9 romantiche della giornata. La loro presenza non \u00e8 passata inosservata neppure in un parterre ricco di celebrit\u00e0.\u00a0<\/p>\n<p>    Insieme da tre anni\u00a0<\/p>\n<p class=\"chapter-paragraph\">Tra gli ospiti del torneo figuravano infatti anche <b>Rebel Wilson e Laura Dern accompagnata dalla figlia Jaya Harper.<\/b> Eppure, ancora una volta, \u00e8 stata la coppia formata da Brad Pitt e Ines de Ramon a monopolizzare l&#8217;attenzione. Dopo la recente apparizione alla festa Mercedes-AMG di Los Angeles, i due continuano a mostrarsi sempre pi\u00f9 affiatati in pubblico. Un dettaglio che alimenta l&#8217;interesse dei media internazionali e dei fan, curiosi di seguire l&#8217;evoluzione di una relazione che sembra procedere a gonfie vele. Parigi, del resto, \u00e8 da sempre la citt\u00e0 dell&#8217;amore. E tra il rosso della terra battuta e il fascino intramontabile del Roland-Garros, <b>Brad Pitt e Ines de Ramon,\u00a0<\/b>\u00a0designer di gioielli\u00a0 &#8211; usciti allo scoperto nell&#8217;autunno del 2022 durante un concerto, con la prima apparizione ufficiale sul red carpet del\u00a0 Festival del Cinema di Venezia\u00a0&#8211; hanno offerto un&#8217;altra dimostrazione del loro feeling, confermando di essere una delle coppie pi\u00f9 osservate e fotografate del jet set internazionale.    &#13;<br \/>\n&#13;<br \/>\n&#13;<br \/>\n&#13;<br \/>\n&#13;<br \/>\n&#13;<br \/>\n&#13;<br \/>\n&#13;<br \/>\n&#13;<br \/>\n&#13;<br \/>\n&#13;<br \/>\n&#13;<br \/>\n&#13;<br \/>\n&#13;<br \/>\n&#13;<br \/>\n&#13;<br \/>\n&#13;<br \/>\n&#13;<br \/>\n&#13;<br \/>\n&#13;<br \/>\n&#13;<br \/>\n&#13;<br \/>\n&#13;<br \/>\n&#13;<br \/>\n&#13;<br \/>\n&#13;<br \/>\n&#13;<br \/>\n&#13;<br \/>\n&#13;<br \/>\n&#13;<br \/>\n&#13;<br \/>\n&#13;<br \/>\n&#13;<br \/>\n&#13;<br \/>\n&#13;<br \/>\n&#13;<br \/>\n&#13;<br \/>\n&#13;<br \/>\n&#13;<br \/>\n&#13;<br \/>\n&#13;<br \/>\n&#13;<br \/>\n&#13;<br \/>\n&#13;<br \/>\n&#13;<br \/>\n&#13;<br \/>\n&#13;<br \/>\n&#13;<br \/>\n&#13;<br \/>\n&#13;<br \/>\n&#13;<br \/>\n&#13;<br \/>\n&#13;\n<\/p>\n<p class=\"is-last-update\" datetime=\"2026-06-07T12:50:11+02:00\">7 giugno 2026 ( modifica il 7 giugno 2026 | 12:50)<\/p>\n<p class=\"is-copyright\">\n            \u00a9 RIPRODUZIONE RISERVATA\n        <\/p>\n","protected":false},"excerpt":{"rendered":"Mentre il torneo infiamma Parigi, la coppia conquista gli spalti con look impeccabili e un&#8217;intesa che non passa&hellip;\n","protected":false},"author":3,"featured_media":527974,"comment_status":"","ping_status":"","sticky":false,"template":"","format":"standard","meta":{"footnotes":"","_share_on_mastodon":"0"},"categories":[1451],"tags":[2537,87,16755,15547,2913,291386,1621,1620,3221,2235,6758,277,129443,203,1944,15331,3650,43406,197409,291385,290811,291408,5944,204,1537,90,89,1289,22340,291387,291388,18349,32851,14175,6663],"class_list":["post-527973","post","type-post","status-publish","format-standard","has-post-thumbnail","category-celebrita","tag-altra","tag-amore","tag-apparizione","tag-brad","tag-brad-pitt","tag-brad-pitt-ines","tag-celebrita","tag-celebrities","tag-conquista","tag-coppia","tag-coppie","tag-de","tag-de-ramon","tag-entertainment","tag-femminile","tag-flash","tag-garros","tag-glamour","tag-ines","tag-ines-de","tag-ines-de-ramon","tag-inosservata","tag-intesa","tag-intrattenimento","tag-it","tag-italia","tag-italy","tag-parigi","tag-pitt","tag-pitt-ines","tag-pitt-ines-de","tag-ramon","tag-roland","tag-roland-garros","tag-torneo"],"share_on_mastodon":{"url":"https:\/\/pubeurope.com\/@it\/116709214623112912","error":""},"_links":{"self":[{"href":"https:\/\/www.europesays.com\/it\/wp-json\/wp\/v2\/posts\/527973","targetHints":{"allow":["GET"]}}],"collection":[{"href":"https:\/\/www.europesays.com\/it\/wp-json\/wp\/v2\/posts"}],"about":[{"href":"https:\/\/www.europesays.com\/it\/wp-json\/wp\/v2\/types\/post"}],"author":[{"embeddable":true,"href":"https:\/\/www.europesays.com\/it\/wp-json\/wp\/v2\/users\/3"}],"replies":[{"embeddable":true,"href":"https:\/\/www.europesays.com\/it\/wp-json\/wp\/v2\/comments?post=527973"}],"version-history":[{"count":0,"href":"https:\/\/www.europesays.com\/it\/wp-json\/wp\/v2\/posts\/527973\/revisions"}],"wp:featuredmedia":[{"embeddable":true,"href":"https:\/\/www.europesays.com\/it\/wp-json\/wp\/v2\/media\/527974"}],"wp:attachment":[{"href":"https:\/\/www.europesays.com\/it\/wp-json\/wp\/v2\/media?parent=527973"}],"wp:term":[{"taxonomy":"category","embeddable":true,"href":"https:\/\/www.europesays.com\/it\/wp-json\/wp\/v2\/categories?post=527973"},{"taxonomy":"post_tag","embeddable":true,"href":"https:\/\/www.europesays.com\/it\/wp-json\/wp\/v2\/tags?post=527973"}],"curies":[{"name":"wp","href":"https:\/\/api.w.org\/{rel}","templated":true}]}}