{"id":528059,"date":"2026-06-07T15:31:18","date_gmt":"2026-06-07T15:31:18","guid":{"rendered":"https:\/\/www.europesays.com\/it\/528059\/"},"modified":"2026-06-07T15:31:18","modified_gmt":"2026-06-07T15:31:18","slug":"non-solo-dua-lipa-in-arrivo-un-altro-matrimonio-da-sogno-quello-tra-taylor-swift-e-travis-kelce","status":"publish","type":"post","link":"https:\/\/www.europesays.com\/it\/528059\/","title":{"rendered":"Non solo Dua Lipa: in arrivo un altro matrimonio da sogno, quello tra Taylor Swift e Travis Kelce"},"content":{"rendered":"<p>    di<br \/>\n    Federica Bandirali<\/p>\n<p class=\"summary-art is-line-h-12\">Secondo alcune indiscrezioni la popstar e il fidanzato  starebbero organizzando nozze da mille invitati al Madison Square Garden il 3 luglio. Nessuna conferma ufficiale, ma il gossip corre gi\u00e0 veloce<\/p>\n<p class=\"chapter-paragraph\">Il <b>2026<\/b>.<b> si sta gi\u00e0 affermando come l&#8217;anno dei grandi matrimoni delle celebrit\u00e0<\/b>\u00a0Se i riflettori del gossip internazionale sono puntati sulle imminenti nozze di Dua Lipa, nelle ultime ore una nuova indiscrezione ha infiammato il mondo dello spettacolo: a<b>nche Taylor Swift e Travis Kelce sarebbero pronti a pronunciare il fatidico s\u00ec<\/b>. Secondo quanto riportato da TMZ, la coppia starebbe organizzando una cerimonia destinata a entrare nella storia del jet set internazionale. Il 3 luglio.<b> La location scelta sarebbe niente meno che il celebre Madison Square Garden,<\/b> uno dei luoghi pi\u00f9 iconici di New York. Un&#8217;opzione sorprendente ma perfettamente in linea con la dimensione delle due star, capaci da sole di catalizzare l&#8217;attenzione di milioni di persone in tutto il mondo. Le indiscrezioni parlano di un evento previsto per il mese di luglio e di una lista di invitati che potrebbe superare le mille persone. Numeri impressionanti, accompagnati da un&#8217;organizzazione altrettanto imponente. Per limitare il rischio di fughe di notizie, gli inviti sarebbero stati inviati direttamente tramite messaggi privati e sarebbe gi\u00e0 allo studio un articolato piano di sicurezza per garantire la massima riservatezza agli ospiti.<\/p>\n<p class=\"chapter-paragraph\">Al momento, tuttavia, non \u00e8 arrivata alcuna conferma ufficiale da parte dei diretti interessati. Come spesso accade quando si parla di Taylor Swift, il confine tra indiscrezione e realt\u00e0 resta sottile e alimenta la curiosit\u00e0 dei fan. L<b>a loro storia d&#8217;amore \u00e8 una delle pi\u00f9 seguite degli ultimi anni. Tutto sarebbe iniziato quando Travis Kelce <\/b>tent\u00f2 di attirare l&#8217;attenzione della popstar durante una tappa dell&#8217;Eras Tour con il celebre braccialetto dell&#8217;amicizia diventato simbolo della community swiftie.<b> Da allora, le apparizioni della cantante alle partite dei Kansas City Chiefs hanno contribuito a rendere pubblica una relazione <\/b>che nel tempo si \u00e8 consolidata davanti agli occhi del mondo. Se le indiscrezioni dovessero trovare conferma, il matrimonio tra Taylor Swift e Travis Kelce diventerebbe uno degli eventi mondani pi\u00f9 attesi dell&#8217;anno, destinato a competere per attenzione mediatica con le altre grandi nozze vip del 2026. Per ora resta il fascino del rumor, ma una cosa \u00e8 certa: quando si parla di Taylor Swift, ogni dettaglio \u00e8 gi\u00e0 un evento globale.    &#13;<br \/>\n&#13;<br \/>\n&#13;<br \/>\n&#13;<br \/>\n&#13;<br \/>\n&#13;<br \/>\n&#13;<br \/>\n&#13;<br \/>\n&#13;<br \/>\n&#13;<br \/>\n&#13;<br \/>\n&#13;<br \/>\n&#13;<br \/>\n&#13;<br \/>\n&#13;<br \/>\n&#13;<br \/>\n&#13;<br \/>\n&#13;<br \/>\n&#13;<br \/>\n&#13;<br \/>\n&#13;<br \/>\n&#13;<br \/>\n&#13;<br \/>\n&#13;<br \/>\n&#13;<br \/>\n&#13;<br \/>\n&#13;<br \/>\n&#13;<br \/>\n&#13;<br \/>\n&#13;<br \/>\n&#13;<br \/>\n&#13;<br \/>\n&#13;<br \/>\n&#13;<br \/>\n&#13;<br \/>\n&#13;<br \/>\n&#13;<br \/>\n&#13;<br \/>\n&#13;<br \/>\n&#13;<br \/>\n&#13;<br \/>\n&#13;<br \/>\n&#13;<br \/>\n&#13;<br \/>\n&#13;<br \/>\n&#13;<br \/>\n&#13;<br \/>\n&#13;<br \/>\n&#13;<br \/>\n&#13;<br \/>\n&#13;<br \/>\n&#13;<br \/>\n&#13;\n<\/p>\n<p>        <img decoding=\"async\" class=\"is_full_image\" loading=\"lazy\" alt=\"Non solo Dua Lipa: in arrivo un altro matrimonio da sogno, quello tra Taylor Swift e Travis Kelce\" src=\"https:\/\/www.europesays.com\/it\/wp-content\/uploads\/2026\/06\/6a253e6fe5c08.jpeg\" data-full-src=\"https:\/\/www.europesays.com\/it\/wp-content\/uploads\/2026\/06\/6a253e6fe5c08.jpeg\"\/><\/p>\n<p>        <img decoding=\"async\" class=\"is_full_image\" loading=\"lazy\" alt=\"Non solo Dua Lipa: in arrivo un altro matrimonio da sogno, quello tra Taylor Swift e Travis Kelce\" src=\"https:\/\/www.europesays.com\/it\/wp-content\/uploads\/2026\/06\/6a253e79c76b9.jpeg\" data-full-src=\"https:\/\/www.europesays.com\/it\/wp-content\/uploads\/2026\/06\/6a253e79c76b9.jpeg\"\/><\/p>\n<p class=\"is-last-update\" datetime=\"2026-06-07T15:10:39+02:00\">7 giugno 2026 ( modifica il 7 giugno 2026 | 15:10)<\/p>\n<p class=\"is-copyright\">\n            \u00a9 RIPRODUZIONE RISERVATA\n        <\/p>\n","protected":false},"excerpt":{"rendered":"di Federica Bandirali Secondo alcune indiscrezioni la popstar e il fidanzato starebbero organizzando nozze da mille invitati al&hellip;\n","protected":false},"author":3,"featured_media":528060,"comment_status":"","ping_status":"","sticky":false,"template":"","format":"standard","meta":{"footnotes":"","_share_on_mastodon":"0"},"categories":[1443],"tags":[2109,6749,4385,222511,12549,6651,203,451,25144,2799,1251,8880,69044,204,1537,90,89,38209,426,1538,1539,15384,15138,172031,172032,12051,6865,172033,54763,38035],"class_list":["post-528059","post","type-post","status-publish","format-standard","has-post-thumbnail","category-musica","tag-attenzione","tag-celebre","tag-conferma","tag-conferma-ufficiale","tag-dua","tag-dua-lipa","tag-entertainment","tag-evento","tag-garden","tag-gossip","tag-grandi","tag-indiscrezione","tag-indiscrezioni","tag-intrattenimento","tag-it","tag-italia","tag-italy","tag-kelce","tag-luglio","tag-music","tag-musica","tag-nozze","tag-swift","tag-swift-travis","tag-swift-travis-kelce","tag-taylor","tag-taylor-swift","tag-taylor-swift-travis","tag-travis","tag-travis-kelce"],"share_on_mastodon":{"url":"https:\/\/pubeurope.com\/@it\/116709549611768609","error":""},"_links":{"self":[{"href":"https:\/\/www.europesays.com\/it\/wp-json\/wp\/v2\/posts\/528059","targetHints":{"allow":["GET"]}}],"collection":[{"href":"https:\/\/www.europesays.com\/it\/wp-json\/wp\/v2\/posts"}],"about":[{"href":"https:\/\/www.europesays.com\/it\/wp-json\/wp\/v2\/types\/post"}],"author":[{"embeddable":true,"href":"https:\/\/www.europesays.com\/it\/wp-json\/wp\/v2\/users\/3"}],"replies":[{"embeddable":true,"href":"https:\/\/www.europesays.com\/it\/wp-json\/wp\/v2\/comments?post=528059"}],"version-history":[{"count":0,"href":"https:\/\/www.europesays.com\/it\/wp-json\/wp\/v2\/posts\/528059\/revisions"}],"wp:featuredmedia":[{"embeddable":true,"href":"https:\/\/www.europesays.com\/it\/wp-json\/wp\/v2\/media\/528060"}],"wp:attachment":[{"href":"https:\/\/www.europesays.com\/it\/wp-json\/wp\/v2\/media?parent=528059"}],"wp:term":[{"taxonomy":"category","embeddable":true,"href":"https:\/\/www.europesays.com\/it\/wp-json\/wp\/v2\/categories?post=528059"},{"taxonomy":"post_tag","embeddable":true,"href":"https:\/\/www.europesays.com\/it\/wp-json\/wp\/v2\/tags?post=528059"}],"curies":[{"name":"wp","href":"https:\/\/api.w.org\/{rel}","templated":true}]}}