{"id":528162,"date":"2026-06-07T17:19:18","date_gmt":"2026-06-07T17:19:18","guid":{"rendered":"https:\/\/www.europesays.com\/it\/528162\/"},"modified":"2026-06-07T17:19:18","modified_gmt":"2026-06-07T17:19:18","slug":"ligabue-raddoppia-data-zeroa-jesolo-quando-e-come-acquistare-i-biglietti","status":"publish","type":"post","link":"https:\/\/www.europesays.com\/it\/528162\/","title":{"rendered":"Ligabue raddoppia, data zero&#8217;a Jesolo: quando e come acquistare i biglietti"},"content":{"rendered":"<p><strong><a href=\"https:\/\/www.ilgazzettino.it\/t\/jesolo\" rel=\"nofollow noopener\" target=\"_blank\">JESOLO<\/a> (VENEZIA) <\/strong>&#8211; Il countdown per la grande estate del rock italiano \u00e8 ufficialmente iniziato, ma le sorprese non finiscono qui. Dopo l&#8217;attesissimo debutto della parentesi estiva de &#8220;La notte di certe notti&#8221; la grandiosa festa che vedr\u00e0 <strong><a href=\"https:\/\/www.ilgazzettino.it\/t\/luciano-ligabue\" rel=\"nofollow noopener\" target=\"_blank\">Luciano Ligabue<\/a><\/strong> infiammare gli stadi di Roma, Torino e Milano, dopo la data zero di venerd\u00ec a Bibione il rocker di Correggio ha deciso di fare un ulteriore e straordinario regalo a tutto il pubblico del Nordest. \u00c8 stato lo stesso &#8220;Liga&#8221; al termine del concerto di Bibione, infatti, ad annunciare una nuova, imperdibile tappa che si preannuncia gi\u00e0 come un evento memorabile per il veneziano. Sabato 12 settembre, il <strong>Palazzo del Turismo di Jesolo<\/strong> ospiter\u00e0 l&#8217;attesissima &#8220;data zero&#8221; del tour autunnale dell&#8217;artista. Un appuntamento che permetter\u00e0 ai fan pi\u00f9 calorosi di assistere in anteprima assoluta al rodaggio dello spettacolo che, nei mesi successivi, toccher\u00e0 i principali palasport di tutta la penisola. L&#8217;evento \u00e8 il frutto di una collaudata macchina organizzativa che vede in prima linea Zenit srl e Friends and Partners, capaci di muoversi in stretta e sinergica collaborazione con il Comune di Jesolo e Jesolo Turismo.<\/p>\n<p>    &#13;<\/p>\n<p>APPROFONDIMENTI<\/p>\n<p>&#13;<br \/>\n        &#13;<\/p>\n<p>CACCIA AI BIGLIETTI <\/p>\n<p>Per i sostenitori pi\u00f9 fedeli, la caccia al biglietto scatter\u00e0 in anticipo. I tagliandi sono infatti gi\u00e0 disponibili da ieri in pre-sale esclusiva per gli iscritti al fan club ufficiale, il &#8220;Bar Mario&#8221;. Per tutto il resto del pubblico, la vendita generale si aprir\u00e0 invece alle 14 di luned\u00ec 8 giugno sulla piattaforma Ticketone, mentre tutte le informazioni sui punti vendita autorizzati sul territorio saranno consultabili sul sito www.azalea.it. Il live jesolano non sar\u00e0 un semplice concerto, ma una vera e propria celebrazione collettiva.<\/p>\n<p>Il pubblico del Palazzo del Turismo avr\u00e0 l&#8217;opportunit\u00e0 di unirsi ai festeggiamenti per il trentennale di un vero e proprio pilastro della musica italiana: il brano &#8220;Certe notti&#8221; e l&#8217;album cult &#8220;Buon Compleanno Elvis&#8221;. Pubblicati nel lontano 1995, questo singolo e questo disco hanno segnato una svolta epocale e irreversibile nella straordinaria carriera del Liga, consacrandolo definitivamente come uno dei pi\u00f9 importanti cantautori e rocker degli ultimi decenni nel panorama nazionale. Nato a Correggio nel 1960, Luciano Ligabue ha debuttato sulla scena discografica nel 1990 con l&#8217;album omonimo &#8220;Ligabue&#8221;. Da quel momento in poi, la sua strada \u00e8 stata una parabola continua costellata di successi commerciali e, soprattutto, di storici concerti record. Nella notte di Bibione il Liga nazionale non si \u00e8 risparmiato regalando brividi ed emozioni con brani che hanno fatto cantare i 25mila dello stadio comunale con &#8220;Urlando contro il cielo&#8221;, &#8220;Piccola stella senza cielo&#8221; e &#8220;Balliamo sul mondo&#8221; che sono entrate prepotentemente nell&#8217;immaginario collettivo di pi\u00f9 generazioni.<\/p>\n<p>La sua forza? Uno stile diretto, autentico, privo di filtri, capace di dare voce alle storie quotidiane di provincia, ai legami d&#8217;amicizia e ai sogni pi\u00f9 profondi dei suoi ascoltatori. Il ritorno di Ligabue nel veneziano non fa che confermare il ruolo di primo piano che Bibione e Jesolo stanno assumendo nel circuito dei grandi eventi musicali in Italia.<\/p>\n<p><a class=\"link_item\" data-linked_from=\"9578620\" href=\"https:\/\/www.ilgazzettino.it\/video\/ligabue_concerto_bibione-9575689.html\" rel=\"nofollow noopener\" target=\"_blank\">Ligabue, in 25mila al concerto: fan scatenati a Bibione. \u00abSiete bellissimi!\u00bb VIDEO<\/a><\/p>\n","protected":false},"excerpt":{"rendered":"JESOLO (VENEZIA) &#8211; Il countdown per la grande estate del rock italiano \u00e8 ufficialmente iniziato, ma le sorprese&hellip;\n","protected":false},"author":3,"featured_media":528163,"comment_status":"","ping_status":"","sticky":false,"template":"","format":"standard","meta":{"footnotes":"","_share_on_mastodon":"0"},"categories":[1443],"tags":[203,204,1537,90,89,5121,61649,1538,1539],"class_list":["post-528162","post","type-post","status-publish","format-standard","has-post-thumbnail","category-musica","tag-entertainment","tag-intrattenimento","tag-it","tag-italia","tag-italy","tag-jesolo","tag-luciano-ligabue","tag-music","tag-musica"],"share_on_mastodon":{"url":"https:\/\/pubeurope.com\/@it\/116709973436645264","error":""},"_links":{"self":[{"href":"https:\/\/www.europesays.com\/it\/wp-json\/wp\/v2\/posts\/528162","targetHints":{"allow":["GET"]}}],"collection":[{"href":"https:\/\/www.europesays.com\/it\/wp-json\/wp\/v2\/posts"}],"about":[{"href":"https:\/\/www.europesays.com\/it\/wp-json\/wp\/v2\/types\/post"}],"author":[{"embeddable":true,"href":"https:\/\/www.europesays.com\/it\/wp-json\/wp\/v2\/users\/3"}],"replies":[{"embeddable":true,"href":"https:\/\/www.europesays.com\/it\/wp-json\/wp\/v2\/comments?post=528162"}],"version-history":[{"count":0,"href":"https:\/\/www.europesays.com\/it\/wp-json\/wp\/v2\/posts\/528162\/revisions"}],"wp:featuredmedia":[{"embeddable":true,"href":"https:\/\/www.europesays.com\/it\/wp-json\/wp\/v2\/media\/528163"}],"wp:attachment":[{"href":"https:\/\/www.europesays.com\/it\/wp-json\/wp\/v2\/media?parent=528162"}],"wp:term":[{"taxonomy":"category","embeddable":true,"href":"https:\/\/www.europesays.com\/it\/wp-json\/wp\/v2\/categories?post=528162"},{"taxonomy":"post_tag","embeddable":true,"href":"https:\/\/www.europesays.com\/it\/wp-json\/wp\/v2\/tags?post=528162"}],"curies":[{"name":"wp","href":"https:\/\/api.w.org\/{rel}","templated":true}]}}