{"id":528279,"date":"2026-06-07T19:10:21","date_gmt":"2026-06-07T19:10:21","guid":{"rendered":"https:\/\/www.europesays.com\/it\/528279\/"},"modified":"2026-06-07T19:10:21","modified_gmt":"2026-06-07T19:10:21","slug":"motogp-ungheria-le-parole-di-marquez-e-bagnaia","status":"publish","type":"post","link":"https:\/\/www.europesays.com\/it\/528279\/","title":{"rendered":"MotoGP Ungheria, le parole di Marquez e Bagnaia"},"content":{"rendered":"<p>                                Lo spagnolo vincitore in Ungheria: &#8220;Lo sport \u00e8 cos\u00ec, da un giorno all&#8217;altro tutto pu\u00f2 cambiare&#8221;. L&#8217;italiano: &#8220;Ho provato a stare davanti il pi\u00f9 possibile nei primi giri, poi con 3&#8243; di vantaggio sul 4\u00b0 ho pensato a mantenerlo&#8221;<\/p>\n<p>                    7 giugno &#8211; 17:02  &#8211; MILANO<\/p>\n<p class=\"paragraph\" spellcheck=\"true\">Una gara decisa di fatto alla prima curva, ma questo poco importa a Marc Marquez. Chi \u00e8 caduto alle sue spalle recrimina, lui festeggia la vittoria nel GP d&#8217;Ungheria, la centesima in carriera.\u00a0Lo spagnolo della Ducati, reduce da una doppia operazione, lo scorso gioved\u00ec aveva definito non realistica l&#8217;ipotesi di vincere e anche di salire sul podio, poi evidentemente le cose sono cambiate. &#8220;Sono super felice di questa vittoria. Siamo riusciti a tornare nonostante alcune difficolt\u00e0 in questa stagione &#8211; ha detto lo spagnolo dopo la vittoria -. Ma \u00e8 cos\u00ec lo sport, da un giorno all&#8217;altro tutto pu\u00f2 cambiare. Io l&#8217;ho imparata questa lezione nel 2020 e 2026. Sapevo che avrei avuto chance di vincere, ho avuto questa sensazione ieri dopo un venerd\u00ec non al massimo. Grazie a dottori e fisioterapisti. Il prezzo \u00e8 stato alto, ma sono felicissimo di essere tornato&#8221;.\u00a0<\/p>\n<p><a class=\"is-partner-link\" href=\"https:\/\/ad.doubleclick.net\/ddm\/trackclk\/N1792338.340088CAIRORCSMEDIAS.P.\/B35025367.439955329;dc_trk_aid=633638278;dc_trk_cid=249314339;dc_dbm_token=%24%7bDC_DBM_TOKEN%7d;dc_lat=;dc_rdid=;tag_for_child_directed_treatment=;tfua=;gdpr=%24%7bGDPR%7d;gdpr_consent=%24%7bGDPR_CONSENT_755%7d;ltd=;dc_tdv=1\" rel=\"nofollow noopener\" target=\"_blank\">Non perderti tutti i Gran Premi di Formula 1\u00ae e MotoGP\u2122 in esclusiva streaming su NOW! Attiva il Pass Sport da 19,99\u20ac al mese.<\/a><\/p>\n<p>    bagnaia\u2014 \u00a0<\/p>\n<p class=\"paragraph is-inline\" spellcheck=\"true\">Pecco Bagnaia si \u00e8 trovato spianata davanti la strada per il podio, dopo l&#8217;incidente multiplo in partenza che ha eliminato Jorge Martin, Marco Bezzecchi, Raul Fernandez, Fermin Aldeguer e Fabio Di Giannantonio. Il due volte campione del mondo MotoGP non ne aveva per cercare di restare con i fuggitivi Marquez e Acosta, ma era decisamente pi\u00f9 veloce degli inseguitori, motivo per cui la sua \u00e8 stata una corsa solitaria al terzo posto. Pecco ha concluso a 10 secondi da chi lo precedeva e con un margine di 4 secondi su chi lo seguiva: considerando le difficolt\u00e0 avute sul weekend pu\u00f2 archiviare il terzo posto con soddisfazione. Per l&#8217;italiano si tratta del terzo podio consecutivo in questa stagione. &#8220;L&#8217;incidente? Ho avuto un po&#8217; di spinning e quando ho iniziato a frenare ho visto che stava succedendo qualche cosa. Davanti a me c&#8217;era Martin, che forse ha avuto un blocco all&#8217;anteriore perch\u00e9 l&#8217;asfalto in Curva 1 era scivoloso. Ho cercato di stare davanti il pi\u00f9 possibile nei primi giri, poi avevo 3&#8243; di vantaggio sul 4\u00b0 e ho cercato di mantenere il vantaggio ed \u00e8 andata bene cos\u00ec. Non avevo il passo e la velocit\u00e0 dei primi due e sono stato abbastanza fortunato cos\u00ec&#8221;.<\/p>\n<p class=\"is-above-copyright is-mr-r-10\" spellcheck=\"true\">La Gazzetta dello Sport<\/p>\n<p class=\"is-copyright\">\u00a9 RIPRODUZIONE RISERVATA<\/p>\n","protected":false},"excerpt":{"rendered":"Lo spagnolo vincitore in Ungheria: &#8220;Lo sport \u00e8 cos\u00ec, da un giorno all&#8217;altro tutto pu\u00f2 cambiare&#8221;. L&#8217;italiano: &#8220;Ho&hellip;\n","protected":false},"author":3,"featured_media":528280,"comment_status":"","ping_status":"","sticky":false,"template":"","format":"standard","meta":{"footnotes":"","_share_on_mastodon":"0"},"categories":[176],"tags":[3654,2554,1330,11507,5376,1910,6236,291596,298,1537,90,1599,89,3442,3443,68,3660,3351,3338,3665,245,244,4960,3481,4968,2224],"class_list":["post-528279","post","type-post","status-publish","format-standard","has-post-thumbnail","category-sport","tag-bagnaia","tag-cambiare","tag-cercato","tag-curva","tag-difficolta","tag-fortunato","tag-giri","tag-giri-vantaggio","tag-incidente","tag-it","tag-italia","tag-italiano","tag-italy","tag-marquez","tag-martin","tag-passo","tag-pecco","tag-podio","tag-primi","tag-spagnolo","tag-sport","tag-sports","tag-terzo","tag-vantaggio","tag-vincere","tag-vittoria"],"share_on_mastodon":{"url":"https:\/\/pubeurope.com\/@it\/116710409974268578","error":""},"_links":{"self":[{"href":"https:\/\/www.europesays.com\/it\/wp-json\/wp\/v2\/posts\/528279","targetHints":{"allow":["GET"]}}],"collection":[{"href":"https:\/\/www.europesays.com\/it\/wp-json\/wp\/v2\/posts"}],"about":[{"href":"https:\/\/www.europesays.com\/it\/wp-json\/wp\/v2\/types\/post"}],"author":[{"embeddable":true,"href":"https:\/\/www.europesays.com\/it\/wp-json\/wp\/v2\/users\/3"}],"replies":[{"embeddable":true,"href":"https:\/\/www.europesays.com\/it\/wp-json\/wp\/v2\/comments?post=528279"}],"version-history":[{"count":0,"href":"https:\/\/www.europesays.com\/it\/wp-json\/wp\/v2\/posts\/528279\/revisions"}],"wp:featuredmedia":[{"embeddable":true,"href":"https:\/\/www.europesays.com\/it\/wp-json\/wp\/v2\/media\/528280"}],"wp:attachment":[{"href":"https:\/\/www.europesays.com\/it\/wp-json\/wp\/v2\/media?parent=528279"}],"wp:term":[{"taxonomy":"category","embeddable":true,"href":"https:\/\/www.europesays.com\/it\/wp-json\/wp\/v2\/categories?post=528279"},{"taxonomy":"post_tag","embeddable":true,"href":"https:\/\/www.europesays.com\/it\/wp-json\/wp\/v2\/tags?post=528279"}],"curies":[{"name":"wp","href":"https:\/\/api.w.org\/{rel}","templated":true}]}}