{"id":528400,"date":"2026-06-07T20:55:20","date_gmt":"2026-06-07T20:55:20","guid":{"rendered":"https:\/\/www.europesays.com\/it\/528400\/"},"modified":"2026-06-07T20:55:20","modified_gmt":"2026-06-07T20:55:20","slug":"gabriele-e-sara-di-temptation-island-2026-quel-me-lo-dico-anche-da-sola-e-gia-cult-perche-la-coppia-ha-fatto-impazzire-i-social","status":"publish","type":"post","link":"https:\/\/www.europesays.com\/it\/528400\/","title":{"rendered":"Gabriele e Sara di Temptation Island 2026: quel \u201cMe lo dico anche da sola\u201d \u00e8 gi\u00e0 cult. Perch\u00e9 la coppia ha fatto impazzire i social"},"content":{"rendered":"<p>Se negli Anni Novanta-Duemila ad annunciare l\u2019arrivo dell\u2019estate erano le puntate del mitico Festivalbar, negli ultimi anni un altro programma Mediaset (sebbene di genere completamente diverso) sta assolvendo questa funzione. Stiamo parlando di<strong> <a rel=\"follow nofollow noopener\" href=\"https:\/\/www.quotidiano.net\/magazine\/spettacoli\/temptation-island-2026-ecco-la-prima-coppia-chi-sono-gabriele-e-sara-jy909tvs\" target=\"_blank\">\u201cTemptation Island\u201d, pronto a ripartire con l\u2019inizio di luglio<\/a><\/strong><a rel=\"follow nofollow noopener\" href=\"https:\/\/www.quotidiano.net\/magazine\/spettacoli\/temptation-island-2026-ecco-la-prima-coppia-chi-sono-gabriele-e-sara-jy909tvs\" target=\"_blank\"> (gioved\u00ec 2 luglio per l\u2019esattezza)<\/a>. Come da tradizione, con l\u2019avvicinarsi del via ufficiale, sui social sono apparse le clip di presentazione delle coppie. I primi a fare il loro debutto sono stati Gabriele e Sara che \u2013\u00a0stando ai rumors \u2013\u00a0sarebbero di Milano.\u00a0\u00a0La coppia \u00e8 riuscita a mettere a segno un piccolo record: bisticciare gi\u00e0 nella clip di presentazione.\u00a0<\/p>\n<p>\u00a0Lo scambio di battute\u00a0 <\/p>\n<p>\u201cSono Gabriele, ho 25 anni e sto con Sara da sei anni e mezzo &#8211; ha raccontato il ragazzo -. Conviviamo da due anni. Scrivo a Temptation Island perch\u00e9 sono innamoratissimo di Sara, ma in questi sei anni e mezzo<strong> lei mi ha preso e lasciato quante volte voleva. <\/strong>Ho trovato delle chat sul suo telefono. Lei nega tutto, ma io ho la convinzione sicura che lei mi abbia tradito\u201d. \u201cLui &#8211; ha sottolineato la fidanzata &#8211; <strong>vuole tenermi tutta per s\u00e8, nella sua bolla di vetro <\/strong>ed \u00e8 per questo che io arrivo sempre a lasciarlo\u201d. \u201cA questa storia penso di aver dato veramente tanto, a partire dalle cose futili come i viaggi e le cene nei posti stellati\u201d ha aggiunto lui. \u201cPosso fermarti prima che continui a imbarazzarti da solo? Stai parlando di cose materiali\u201d sottolinea Sara. \u201cQuante volte al giorno ti dico \u2018Amore quanto sei bella\u2019?\u201d ribatte il fidanzato. \u201c<strong>Me lo dico anche da sola\u201d ha chiuso la ragazza<\/strong>.\u00a0<\/p>\n<p>Social scatenati\u00a0 <\/p>\n<p><strong>Lo scambio ha ovviamente sollevato migliaia di commenti sui socia<\/strong>l. \u201cSi pu\u00f2 chiamare il fal\u00f2 di confronto al video di presentazione?\u201d chiede una follower ricordando il momento cult del programma. \u201cLui non vedr\u00e0 video,ma una fiction\u201d ironizza un altro fan della trasmissione.\u00a0Per scoprire come andr\u00e0 il loro \u201cviaggio nei sentimenti\u201d bisogner\u00e0 attendere ancora qualche settimana. Confermata la location, ovvero il Calalandrusa Beach &amp; Nature Resort, a Guardavalle Marina in provincia di Catanzaro. La prima (attesissima) puntata andr\u00e0 in onda su Canale 5 in Prima serata il 2 luglio.<\/p>\n","protected":false},"excerpt":{"rendered":"Se negli Anni Novanta-Duemila ad annunciare l\u2019arrivo dell\u2019estate erano le puntate del mitico Festivalbar, negli ultimi anni un&hellip;\n","protected":false},"author":3,"featured_media":528401,"comment_status":"","ping_status":"","sticky":false,"template":"","format":"standard","meta":{"footnotes":"","_share_on_mastodon":"0"},"categories":[1444],"tags":[2235,12224,3876,203,1482,23111,31098,204,8203,1537,90,89,14594,1686,5244,8204,253],"class_list":["post-528400","post","type-post","status-publish","format-standard","has-post-thumbnail","category-tv","tag-coppia","tag-cult","tag-dico","tag-entertainment","tag-gabriele","tag-gia","tag-impazzire","tag-intrattenimento","tag-island","tag-it","tag-italia","tag-italy","tag-perche","tag-social","tag-sola","tag-temptation","tag-tv"],"share_on_mastodon":{"url":"https:\/\/pubeurope.com\/@it\/116710822752183566","error":""},"_links":{"self":[{"href":"https:\/\/www.europesays.com\/it\/wp-json\/wp\/v2\/posts\/528400","targetHints":{"allow":["GET"]}}],"collection":[{"href":"https:\/\/www.europesays.com\/it\/wp-json\/wp\/v2\/posts"}],"about":[{"href":"https:\/\/www.europesays.com\/it\/wp-json\/wp\/v2\/types\/post"}],"author":[{"embeddable":true,"href":"https:\/\/www.europesays.com\/it\/wp-json\/wp\/v2\/users\/3"}],"replies":[{"embeddable":true,"href":"https:\/\/www.europesays.com\/it\/wp-json\/wp\/v2\/comments?post=528400"}],"version-history":[{"count":0,"href":"https:\/\/www.europesays.com\/it\/wp-json\/wp\/v2\/posts\/528400\/revisions"}],"wp:featuredmedia":[{"embeddable":true,"href":"https:\/\/www.europesays.com\/it\/wp-json\/wp\/v2\/media\/528401"}],"wp:attachment":[{"href":"https:\/\/www.europesays.com\/it\/wp-json\/wp\/v2\/media?parent=528400"}],"wp:term":[{"taxonomy":"category","embeddable":true,"href":"https:\/\/www.europesays.com\/it\/wp-json\/wp\/v2\/categories?post=528400"},{"taxonomy":"post_tag","embeddable":true,"href":"https:\/\/www.europesays.com\/it\/wp-json\/wp\/v2\/tags?post=528400"}],"curies":[{"name":"wp","href":"https:\/\/api.w.org\/{rel}","templated":true}]}}