{"id":528408,"date":"2026-06-07T21:00:14","date_gmt":"2026-06-07T21:00:14","guid":{"rendered":"https:\/\/www.europesays.com\/it\/528408\/"},"modified":"2026-06-07T21:00:14","modified_gmt":"2026-06-07T21:00:14","slug":"diletta-leotta-labbraccio-in-bikini-con-elodie-vacanza-in-famiglia-e-ce-anche-franceska","status":"publish","type":"post","link":"https:\/\/www.europesays.com\/it\/528408\/","title":{"rendered":"Diletta Leotta, l&#8217;abbraccio in bikini con Elodie: vacanza in famiglia (e c&#8217;\u00e8 anche Franceska)"},"content":{"rendered":"<p><strong>Diletta Leotta<\/strong> ha scelto il <strong>Lago di Garda<\/strong> per inaugurare una nuova fase della sua estate, forse la pi\u00f9 dolce e movimentata di sempre. Dopo la nascita del piccolo Leonardo, venuto al mondo il 9 maggio, la conduttrice sta vivendo giornate all\u2019insegna della vita lenta e piene di affetti in una villa a Sal\u00f2, dove il tempo sembra scandito da bagni in piscina, gite in barca, tramonti e visite degli amici pi\u00f9 cari.<\/p>\n<p>Tra loro c\u2019\u00e8 anche <strong>Elodie<\/strong>, protagonista di alcune foto insieme alla conduttrice e a <strong>Franceska Nuredini<\/strong> che non sono passate inosservate: l\u2019abbraccio in bikini con Diletta ha subito scatenato una valanga di commenti.<\/p>\n<p>Diletta Leotta in vacanza sul Garda, l\u2019estate da mamma bis<\/p>\n<p class=\"isSelectedEnd\">Per <a href=\"https:\/\/dilei.it\/star-e-vip\/diletta-leotta\/\" rel=\"nofollow noopener\" target=\"_blank\">Diletta Leotta<\/a> questa \u00e8 un\u2019estate speciale, scandita da nuovi equilibri e dalla gioia travolgente che accompagna l\u2019arrivo di un figlio. La conduttrice si sta concedento qualche settimana di relax sulle rive bresciane del Lago di Garda, dove ha riunito <strong>famiglia e amici in una splendida villa<\/strong> immersa nel verde, con ampi spazi all\u2019aperto e una piscina da sogno.<\/p>\n<p class=\"isSelectedEnd\">Al suo fianco c\u2019\u00e8 il marito Loris Karius, con cui sta vivendo i primi mesi da genitori di due bambini dopo la <a href=\"https:\/\/dilei.it\/vip\/diletta-leotta-nascita-secondo-figlio\/2328943\/\" rel=\"nofollow noopener\" target=\"_blank\">nascita del piccolo Leonardo<\/a> avvenuta lo scorso 9 maggio. La cronista sportiva mostra spesso alcuni scorci della loro estate\u00a0 e le immagini condivise sui social raccontano una quotidianit\u00e0 fatta di tanto affetto, complicit\u00e0 e momenti semplici, senza per\u00f2 rinunciare alla riservatezza: i volti dei figli, infatti, restano sempre protetti.<\/p>\n<p>Tra gite in barca, passeggiate sul lungolago, commissioni quotidiane e serate in compagnia, dalle foto prende forma il ritratto di <strong>una vacanza autentica e rilassata<\/strong>. Un racconto fatto di attimi spontanei e atmosfere leggere, che restituisce l\u2019immagine di una famiglia unita e di una compagnia di amici affiatata, lontana dagli eccessi ma ricca di emozioni. E Leotta \u00e8 pi\u00f9 stilosa che mai: sfoggia un fisico invidiabile <a href=\"https:\/\/dilei.it\/vip\/diletta-leotta-bikini-stagione-nero-nascita-leonardo\/2397597\/\" rel=\"nofollow noopener\" target=\"_blank\">in bikini<\/a> nonostante sia passato un mese scarso dal parto.<\/p>\n<p>In barca con lei anche Elodie e Franceska<\/p>\n<p class=\"isSelectedEnd\">A fare notizia, per\u00f2, \u00e8 stata soprattutto la presenza di <a href=\"https:\/\/dilei.it\/star-e-vip\/elodie\/\" rel=\"nofollow noopener\" target=\"_blank\">Elodie<\/a>. La cantante, legatissima a Diletta Leotta, ha raggiunto il gruppo insieme alla sua compagna Franceska Nuredini, mostrando ancora una volta tutta la complicit\u00e0 che le unisce. La vediamo in barca sfoggiare <strong>un bikini azzurro<\/strong> in un caldo abbraccio con la conduttrice, ma anche in momenti pi\u00f9 quotidiani insieme alla sua met\u00e0, ai bimbi e alla famiglia di Leotta.<\/p>\n<blockquote class=\"instagram-media\" data-instgrm-captioned=\"\" data-instgrm-permalink=\"https:\/\/www.instagram.com\/p\/DZSHxwbAC39\/?utm_source=ig_embed&amp;utm_campaign=loading\" data-instgrm-version=\"14\" style=\" background:#FFF; border:0; border-radius:3px; box-shadow:0 0 1px 0 rgba(0,0,0,0.5),0 1px 10px 0 rgba(0,0,0,0.15); margin: 1px; max-width:100%; min-width:326px; padding:0; width:99.375%; width:-webkit-calc(100% - 2px); width:calc(100% - 2px);\"\/>\n<p class=\"isSelectedEnd\">Elodie e Franceska erano gi\u00e0 finite al centro dell\u2019attenzione nelle ultime settimane, dopo le immagini del viaggio in Giappone e <a href=\"https:\/\/dilei.it\/vip\/elodie-franceska-nuredini-primo-bacio-vacanza-giappone-instagram\/2358470\/\" rel=\"nofollow noopener\" target=\"_blank\">quel bacio notturno<\/a> che aveva alimentato i rumors sulla loro relazione. Ora la loro presenza sul Garda ufficializza una volta per tutte la storia e mostra una sintonia totale.<\/p>\n<p>L\u2019incontro tra le due amiche ha attirato l\u2019attenzione dei follower, che hanno riempito i social di <strong>commenti e apprezzamenti<\/strong>. Tra scorci sul lago, momenti di relax e compagnia affiatata, le immagini raccontano una vacanza serena e autentica, lontana dalle polemiche e dai riflettori pi\u00f9 invadenti. Un\u2019atmosfera distesa che mette al centro il piacere di stare insieme e di condividere qualche giorno di pausa.<\/p>\n<p>\t\t\t\tScopri i personaggi in trend, le storie del momento e molto altro.<br \/>Dove? Sul <a href=\"https:\/\/whatsapp.com\/channel\/0029Vb68mVyHVvTWezDm7d0R\" target=\"_blank\" rel=\"noopener nofollow\">canale WhatsApp di DiLei!<\/a><\/p>\n<p>\t\t\t<a class=\"buttonCall\" href=\"https:\/\/whatsapp.com\/channel\/0029Vb68mVyHVvTWezDm7d0R\" target=\"_blank\" rel=\"noopener nofollow\" title=\"Seguici su WhatsApp\"><br \/>\n\t\t\t\tSeguici su WhatsApp<br \/>\n\t\t\t<\/a><\/p>\n<p>\t<script async src=\"\/\/www.instagram.com\/embed.js\"><\/script><\/p>\n","protected":false},"excerpt":{"rendered":"Diletta Leotta ha scelto il Lago di Garda per inaugurare una nuova fase della sua estate, forse la&hellip;\n","protected":false},"author":3,"featured_media":528409,"comment_status":"","ping_status":"","sticky":false,"template":"","format":"standard","meta":{"footnotes":"","_share_on_mastodon":"0"},"categories":[174],"tags":[8047,8048,8049,203,1909,204,1537,90,89,2644,86],"class_list":["post-528408","post","type-post","status-publish","format-standard","has-post-thumbnail","category-intrattenimento","tag-bikini","tag-diletta-leotta","tag-elodie","tag-entertainment","tag-famiglia","tag-intrattenimento","tag-it","tag-italia","tag-italy","tag-vacanze","tag-vip"],"share_on_mastodon":{"url":"https:\/\/pubeurope.com\/@it\/116710842286512174","error":""},"_links":{"self":[{"href":"https:\/\/www.europesays.com\/it\/wp-json\/wp\/v2\/posts\/528408","targetHints":{"allow":["GET"]}}],"collection":[{"href":"https:\/\/www.europesays.com\/it\/wp-json\/wp\/v2\/posts"}],"about":[{"href":"https:\/\/www.europesays.com\/it\/wp-json\/wp\/v2\/types\/post"}],"author":[{"embeddable":true,"href":"https:\/\/www.europesays.com\/it\/wp-json\/wp\/v2\/users\/3"}],"replies":[{"embeddable":true,"href":"https:\/\/www.europesays.com\/it\/wp-json\/wp\/v2\/comments?post=528408"}],"version-history":[{"count":0,"href":"https:\/\/www.europesays.com\/it\/wp-json\/wp\/v2\/posts\/528408\/revisions"}],"wp:featuredmedia":[{"embeddable":true,"href":"https:\/\/www.europesays.com\/it\/wp-json\/wp\/v2\/media\/528409"}],"wp:attachment":[{"href":"https:\/\/www.europesays.com\/it\/wp-json\/wp\/v2\/media?parent=528408"}],"wp:term":[{"taxonomy":"category","embeddable":true,"href":"https:\/\/www.europesays.com\/it\/wp-json\/wp\/v2\/categories?post=528408"},{"taxonomy":"post_tag","embeddable":true,"href":"https:\/\/www.europesays.com\/it\/wp-json\/wp\/v2\/tags?post=528408"}],"curies":[{"name":"wp","href":"https:\/\/api.w.org\/{rel}","templated":true}]}}