{"id":528528,"date":"2026-06-07T22:48:22","date_gmt":"2026-06-07T22:48:22","guid":{"rendered":"https:\/\/www.europesays.com\/it\/528528\/"},"modified":"2026-06-07T22:48:22","modified_gmt":"2026-06-07T22:48:22","slug":"a-venezia-riapre-palazzo-giovanelli-il-gioiello-sul-canal-grande","status":"publish","type":"post","link":"https:\/\/www.europesays.com\/it\/528528\/","title":{"rendered":"A Venezia riapre Palazzo Giovanelli, il gioiello sul Canal Grande"},"content":{"rendered":"<p><strong>Venezia<\/strong> si prepara a riscoprire uno dei suoi indirizzi pi\u00f9 affascinanti: a luglio 2026 riaprir\u00e0, infatti, <strong>Palazzo Giovanelli<\/strong>, storica dimora veneziana del XVI secolo che, dopo un lungo e accurato intervento di restauro, inaugura una nuova fase trasformandosi in un <strong>raffinato hotel cinque stelle<\/strong>. Affacciato sul Canal Grande nel sestiere di San Stae, rappresenta un importante tassello del patrimonio storico e architettonico della citt\u00e0 lagunare.<\/p>\n<p>La riapertura segna la conclusione di un progetto di recupero durato quattro anni, realizzato sotto la supervisione della Soprintendenza Archeologia, Belle Arti e Paesaggio per il Comune di Venezia.<\/p>\n<p>\t\tUn nuovo capitolo per una dimora storica veneziana<\/p>\n<p>Con sole <strong>33 camere e suite<\/strong>, Palazzo Giovanelli si presenta come una struttura dall&#8217;anima intima e raccolta, lontana dai grandi numeri dell&#8217;ospitalit\u00e0 contemporanea: la scelta di mantenere dimensioni contenute riflette la volont\u00e0 di offrire un&#8217;<strong>esperienza di soggiorno esclusiva<\/strong> e legata al carattere autentico della citt\u00e0.<\/p>\n<p>Il palazzo spicca nel cuore di San Stae, una zona che permette di vivere <a href=\"https:\/\/siviaggia.it\/destinazioni\/europa\/italia\/venezia\/\" rel=\"nofollow noopener\" target=\"_blank\">Venezia<\/a> con maggiore tranquillit\u00e0, lontano dai flussi turistici pi\u00f9 intensi che interessano altre aree del centro storico e, nel corso dei secoli, ha ospitato personalit\u00e0 di primo piano della storia veneziana ed europea, tra cui <strong>Marco Foscarini<\/strong>, destinato a diventare Doge della Repubblica di Venezia, ma anche <strong>Wolfgang Amadeus Mozart<\/strong>.<\/p>\n<p>Di propriet\u00e0 della famiglia Semenzato, Palazzo Giovanelli conserva l&#8217;atmosfera di una <strong>residenza privata veneziana<\/strong>. Il progetto di rilancio ha puntato a reinterpretare il concetto di lusso grazie a una combinazione equilibrata tra valore storico, comfort contemporaneo e attenzione personalizzata nei confronti degli ospiti.<\/p>\n<p>Il recupero di un patrimonio artistico e architettonico<\/p>\n<p>Uno degli aspetti pi\u00f9 significativi dell&#8217;intervento riguarda il recupero degli elementi artistici e decorativi che caratterizzano il palazzo: il restauro ha, infatti, consentito di valorizzare alcuni dei dettagli pi\u00f9 preziosi custoditi all&#8217;interno.<\/p>\n<p>Tra gli elementi oggetto di particolare attenzione ci sono gli <strong>affreschi<\/strong> attribuiti a Giovanni Battista Zelotti, gli<strong> stucchi decorativi<\/strong> e i <strong>marmi policromi<\/strong> che testimoniano il prestigio raggiunto dal palazzo nel corso della sua lunga storia. A questi si aggiungono dettagli di grande suggestione, come l&#8217;<strong>antico passaggio segreto<\/strong> collegato all&#8217;appartamento del Doge, testimonianza concreta di un passato strettamente legato alle vicende della Serenissima.<\/p>\n<p>Il progetto architettonico, affidato allo Studio Gasc\u00f3n, ha affrontato la sfida di unire tutela e innovazione: l&#8217;intervento \u00e8 stato concepito come un dialogo costante tra conservazione e contemporaneit\u00e0, con l&#8217;intento di rispettare l&#8217;identit\u00e0 dell&#8217;edificio introducendo al contempo un linguaggio dell&#8217;ospitalit\u00e0 capace di rispondere alle aspettative del viaggiatore internazionale di oggi.<\/p>\n<p>Secondo Gabriele Gasc\u00f3n, fondatore dello studio, Venezia richiede un approccio progettuale fondato sull&#8217;ascolto e sul rispetto della memoria custodita dai suoi palazzi. L&#8217;obiettivo del lavoro svolto a Palazzo Giovanelli \u00e8 stato proprio quello di restituire<strong> luminosit\u00e0 agli ambienti<\/strong>, lasciando che fosse la stessa citt\u00e0 a guidare il processo di trasformazione.<\/p>\n<p>Gastronomia e convivialit\u00e0 nel segno della tradizione<\/p>\n<p>Il nuovo corso di Palazzo Giovanelli sar\u00e0 accompagnato anche dall&#8217;apertura di due spazi dedicati all&#8217;esperienza gastronomica e all&#8217;incontro: <strong>Armonico<\/strong>, ristorante che trae ispirazione dalla tradizione culinaria veneziana e che si propone come luogo in cui valorizzare il patrimonio gastronomico locale, e <strong>spazio Do Grifoni<\/strong>, cocktail lounge ripensata per offrire un ambiente contemporaneo in dialogo con il contesto storico che la accoglie.<\/p>\n<p>Un lusso che punta sull&#8217;autenticit\u00e0<\/p>\n<p>La riapertura di Palazzo Giovanelli si inserisce in un contesto in cui cresce l&#8217;interesse verso forme di ospitalit\u00e0 capaci di distinguersi dalle proposte standardizzate del mercato globale e mira a intercettare una<strong> nuova generazione di viaggiatori<\/strong> alla ricerca di esperienze fortemente identitarie.<\/p>\n<p>L&#8217;accesso diretto dal <a href=\"https:\/\/siviaggia.it\/idee-di-viaggio\/5-palazzi-venezia-bellissimi\/342693\/\" rel=\"nofollow noopener\" target=\"_blank\">Canal Grande<\/a>, la presenza di un attracco privato e la possibilit\u00e0 di vivere Venezia da una prospettiva pi\u00f9 riservata diventano elementi distintivi di una proposta che mette al centro il rapporto con il territorio e la sua storia.<\/p>\n<p>Nelle parole di Angelica e Oliviero Semenzato, Palazzo Giovanelli rappresenta la <strong>concretizzazione di una visione familiare<\/strong> maturata nel tempo, fondata sul desiderio di restituire vita a luoghi di straordinario valore storico e culturale.<\/p>\n","protected":false},"excerpt":{"rendered":"Venezia si prepara a riscoprire uno dei suoi indirizzi pi\u00f9 affascinanti: a luglio 2026 riaprir\u00e0, infatti, Palazzo Giovanelli,&hellip;\n","protected":false},"author":3,"featured_media":528529,"comment_status":"","ping_status":"","sticky":false,"template":"","format":"standard","meta":{"footnotes":"","_share_on_mastodon":"0"},"categories":[174],"tags":[5856,291694,203,204,1537,90,89,5857,32620,15],"class_list":["post-528528","post","type-post","status-publish","format-standard","has-post-thumbnail","category-intrattenimento","tag-citta-darte","tag-cosa-fare-a-luglio","tag-entertainment","tag-intrattenimento","tag-it","tag-italia","tag-italy","tag-itinerari-culturali","tag-luxury","tag-notizie"],"share_on_mastodon":{"url":"https:\/\/pubeurope.com\/@it\/116711267190699626","error":""},"_links":{"self":[{"href":"https:\/\/www.europesays.com\/it\/wp-json\/wp\/v2\/posts\/528528","targetHints":{"allow":["GET"]}}],"collection":[{"href":"https:\/\/www.europesays.com\/it\/wp-json\/wp\/v2\/posts"}],"about":[{"href":"https:\/\/www.europesays.com\/it\/wp-json\/wp\/v2\/types\/post"}],"author":[{"embeddable":true,"href":"https:\/\/www.europesays.com\/it\/wp-json\/wp\/v2\/users\/3"}],"replies":[{"embeddable":true,"href":"https:\/\/www.europesays.com\/it\/wp-json\/wp\/v2\/comments?post=528528"}],"version-history":[{"count":0,"href":"https:\/\/www.europesays.com\/it\/wp-json\/wp\/v2\/posts\/528528\/revisions"}],"wp:featuredmedia":[{"embeddable":true,"href":"https:\/\/www.europesays.com\/it\/wp-json\/wp\/v2\/media\/528529"}],"wp:attachment":[{"href":"https:\/\/www.europesays.com\/it\/wp-json\/wp\/v2\/media?parent=528528"}],"wp:term":[{"taxonomy":"category","embeddable":true,"href":"https:\/\/www.europesays.com\/it\/wp-json\/wp\/v2\/categories?post=528528"},{"taxonomy":"post_tag","embeddable":true,"href":"https:\/\/www.europesays.com\/it\/wp-json\/wp\/v2\/tags?post=528528"}],"curies":[{"name":"wp","href":"https:\/\/api.w.org\/{rel}","templated":true}]}}