{"id":528593,"date":"2026-06-07T23:42:17","date_gmt":"2026-06-07T23:42:17","guid":{"rendered":"https:\/\/www.europesays.com\/it\/528593\/"},"modified":"2026-06-07T23:42:17","modified_gmt":"2026-06-07T23:42:17","slug":"luisa-ranieri-camicia-e-gonna-per-i-nastri-dargento-il-look-ispirato-a-monica-bellucci","status":"publish","type":"post","link":"https:\/\/www.europesays.com\/it\/528593\/","title":{"rendered":"Luisa Ranieri, camicia e gonna per i Nastri d&#8217;Argento: il look ispirato a Monica Bellucci"},"content":{"rendered":"<p>La moda, si sa, \u00e8 una continua ispirazione. Lo sa bene Luisa Ranieri, che ha deciso di ispirarsi a uno dei look pi\u00f9 memorabili di Monica Bellucci, che l\u2019hanno resa iconica negli anni. In occasione dell\u201980esima edizione dei\u00a0Nastri d\u2019Argento Grandi Serie l\u2019attrice ha ritirato il suo premio indossando <strong>un look di tendenza e che ricorda quello della collega<\/strong> di qualche anno fa sul red carpet del Festival di Cannes: camicia bianca abbinata a una gonna lunga super colorata.\n<\/p>\n<p>Luisa Ranieri, il look di tendenza con camicia bianca e gonna lunga<\/p>\n<p>Nella\u00a0Sala degli Specchi del Teatro San Carlo di Napoli, <a href=\"https:\/\/dilei.it\/star-e-vip\/luisa-ranieri\/\" rel=\"nofollow noopener\" target=\"_blank\">Luisa Ranieri<\/a> \u00e8 apparsa raggiante: l\u2019attrice \u00e8 salita sul palco per ritirare <a href=\"https:\/\/dilei.it\/spettacolo\/nastri-dargento-2026-premi-luisa-ranieri-carlo-verdone-lino-guanciale\/2407070\/\" rel=\"nofollow noopener\" target=\"_blank\">il premio assegnato<\/a> per l\u2019interpretazione nella serie tv di successo La Preside, dove ha interpretato <a href=\"https:\/\/dilei.it\/spettacolo\/luisa-ranieri-la-preside-la-vera-storia-ispirato-la-fiction\/2085872\/\" rel=\"nofollow noopener\" target=\"_blank\">Eugenia Carfora,<\/a> la dirigente scolastica che a Caivano ha trasformato la scuola in un presidio di cambiamento.<\/p>\n<p>Per l\u2019occasione \u2013 accompagnata dal marito <a href=\"https:\/\/dilei.it\/star-e-vip\/luca-zingaretti\/\" rel=\"nofollow noopener\" target=\"_blank\">Luca Zingaretti<\/a>, al suo fianco da pi\u00f9 di vent\u2019anni \u2013 ha sfoggiato un look di tendenza e che allo stesso tempo ci ricorda quello dell\u2019iconica Monica Bellucci <a href=\"https:\/\/dilei.it\/vip\/fotonotizia\/monica-bellucci-10-abiti-iconici-festival-cannes\/2368687\/\" rel=\"nofollow noopener\" target=\"_blank\">indossato qualche anno fa sulla Croisette<\/a>. L\u2019attrice ha scelto infatti una <strong>camicia bianca<\/strong>, capo di tendenza di questa stagione, abbinata a una <strong>gonna lunga vistosa e dall\u2019anima giocosa.<\/strong><\/p>\n<p>La blusa di seta, morbida e molto scollata, metteva in risalto il d\u00e9collet\u00e9, mentre <strong>la gonna coloratissima<\/strong> \u2013 che fa parte della collezione Autunno\/Inverno 2026-27 di Etro \u2013 \u00e8 impreziosita da piume, paillettes e ricami preziosi che rendono il capo unico. Un outfit equilibrato e <strong>che risulta chic ed elegantissimo<\/strong>, anche grazie al collier inconfondibile, messo in risalto dal raccolto: un gioiello Bulgari \u2013 il modello Viper in oro bianco 18 kt con pav\u00e9 di diamanti \u2013 dal costo di 175 mila euro, perfetto per l\u2019occasione.<\/p>\n<p>Il look ispirato all\u2019iconica Monica Bellucci<\/p>\n<p>Nel 2006 <a href=\"https:\/\/dilei.it\/star-e-vip\/monica-bellucci\/\" rel=\"nofollow noopener\" target=\"_blank\">Monica Bellucci<\/a> viveva un periodo d\u2019oro, diventando giurata al Festival di Cannes e sfilando in pi\u00f9 di un\u2019occasione sulla Croisette, sfoggiando look che sono entrati nella storia della moda. Non a caso <strong>uno dei suoi outfit sfoggiato sul red carpet di quell\u2019edizione \u00e8 diventato iconico<\/strong>, a cui a distanza di vent\u2019anni si \u00e8 ispirata anche Luisa Ranieri.<\/p>\n<p>Impossibile non notare similitudini tra gli outfit delle due attrici: in quell\u2019occasione Monica Bellucci aveva indossato <strong>una camicia strutturata in cotone con le maniche arrotolate, <\/strong>elemento che negli anni diventer\u00e0 una delle sue cifre stilistiche, tanto da riproporla anche negli anni successi.<\/p>\n<p>Il capo \u00e8 decisamente pi\u00f9 informale rispetto a quello scelto da Luisa Ranieri, in seta, dal colore pi\u00f9 caldo e dal taglio pi\u00f9 morbido. Identico invece lo spirito della gonna a fiori, anche questa con paillettes e con mini balze svolazzanti. Anche Monica Bellucci sul red carpet di Cannes aveva impreziosito il suo look <strong>con gioiello importante<\/strong>: nel suo caso si trattava di un maxi collier di Cartier con due coccodrilli, che dava un tocco informale ma prezioso all\u2019intero outfit, valorizzato, proprio come nel caso di Ranieri, da uno chignon.<\/p>\n<p>\t\t\t\tScopri i personaggi in trend, le storie del momento e molto altro.<br \/>Dove? Sul <a href=\"https:\/\/whatsapp.com\/channel\/0029Vb68mVyHVvTWezDm7d0R\" target=\"_blank\" rel=\"noopener nofollow\">canale WhatsApp di DiLei!<\/a><\/p>\n<p>\t\t\t<a class=\"buttonCall\" href=\"https:\/\/whatsapp.com\/channel\/0029Vb68mVyHVvTWezDm7d0R\" target=\"_blank\" rel=\"noopener nofollow\" title=\"Seguici su WhatsApp\"><br \/>\n\t\t\t\tSeguici su WhatsApp<br \/>\n\t\t\t<\/a><\/p>\n","protected":false},"excerpt":{"rendered":"La moda, si sa, \u00e8 una continua ispirazione. Lo sa bene Luisa Ranieri, che ha deciso di ispirarsi&hellip;\n","protected":false},"author":3,"featured_media":528594,"comment_status":"","ping_status":"","sticky":false,"template":"","format":"standard","meta":{"footnotes":"","_share_on_mastodon":"0"},"categories":[174],"tags":[203,204,1537,90,89,37324,11496,86],"class_list":["post-528593","post","type-post","status-publish","format-standard","has-post-thumbnail","category-intrattenimento","tag-entertainment","tag-intrattenimento","tag-it","tag-italia","tag-italy","tag-luisa-ranieri","tag-monica-bellucci","tag-vip"],"share_on_mastodon":{"url":"https:\/\/pubeurope.com\/@it\/116711479515310781","error":""},"_links":{"self":[{"href":"https:\/\/www.europesays.com\/it\/wp-json\/wp\/v2\/posts\/528593","targetHints":{"allow":["GET"]}}],"collection":[{"href":"https:\/\/www.europesays.com\/it\/wp-json\/wp\/v2\/posts"}],"about":[{"href":"https:\/\/www.europesays.com\/it\/wp-json\/wp\/v2\/types\/post"}],"author":[{"embeddable":true,"href":"https:\/\/www.europesays.com\/it\/wp-json\/wp\/v2\/users\/3"}],"replies":[{"embeddable":true,"href":"https:\/\/www.europesays.com\/it\/wp-json\/wp\/v2\/comments?post=528593"}],"version-history":[{"count":0,"href":"https:\/\/www.europesays.com\/it\/wp-json\/wp\/v2\/posts\/528593\/revisions"}],"wp:featuredmedia":[{"embeddable":true,"href":"https:\/\/www.europesays.com\/it\/wp-json\/wp\/v2\/media\/528594"}],"wp:attachment":[{"href":"https:\/\/www.europesays.com\/it\/wp-json\/wp\/v2\/media?parent=528593"}],"wp:term":[{"taxonomy":"category","embeddable":true,"href":"https:\/\/www.europesays.com\/it\/wp-json\/wp\/v2\/categories?post=528593"},{"taxonomy":"post_tag","embeddable":true,"href":"https:\/\/www.europesays.com\/it\/wp-json\/wp\/v2\/tags?post=528593"}],"curies":[{"name":"wp","href":"https:\/\/api.w.org\/{rel}","templated":true}]}}