{"id":528635,"date":"2026-06-08T00:27:14","date_gmt":"2026-06-08T00:27:14","guid":{"rendered":"https:\/\/www.europesays.com\/it\/528635\/"},"modified":"2026-06-08T00:27:14","modified_gmt":"2026-06-08T00:27:14","slug":"javier-zanetti-in-tribuna-per-seguire-il-figlio-che-vince-il-campionato","status":"publish","type":"post","link":"https:\/\/www.europesays.com\/it\/528635\/","title":{"rendered":"Javier Zanetti in tribuna per seguire il figlio, che vince il campionato"},"content":{"rendered":"<p>                                L&#8217;ex capitano dei nerazzurri era in tribuna a seguire la partita di suo figlio Tomas<\/p>\n<p class=\"paragraph\" spellcheck=\"true\">L&#8217;Accademia Inter conquista il titolo di campione di Lombardia Under 14. La finale Under 14 del campionato Giovanissimi Nazionali Lombardia tra Accademia Inter e Varesina si \u00e8 infatti 2-1 dopo i tempi supplementari: per i nerazzurri \u00e8 un trionfo che mancava da pi\u00f9 di dieci anni. E lo hanno fatto sotto lo sguardo vigile di Javier Zanetti, che si trovava in tribuna per seguire suo figlio Tomas. A fine partita, l&#8217;ex capitano interista \u00e8 sceso in campo per consolare gli avversari.<\/p>\n<p>    La partita\u2014 \u00a0<\/p>\n<p class=\"paragraph is-inline\" spellcheck=\"true\">A sbloccare il risultato per la squadra di Zanetti Junior e compagni \u00e8 Fuga al 14\u2019 del primo tempo, con un colpo di testa su punizione di Lupica. La Varesina pareggia al 26\u2019 in modo rocambolesco: errore di Gentile e Crugnola ne approfitta per siglare l\u20191-1. La ripresa \u00e8 ricca di occasioni da entrambe le parti, ma il punteggio non cambia e si va ai supplementari. Al 2\u2019 del secondo tempo supplementare, Santoro riceve una carambola fortuita e fredda De Marchi sul primo palo, firmando il 2-1 definitivo.\u00a0<\/p>\n","protected":false},"excerpt":{"rendered":"L&#8217;ex capitano dei nerazzurri era in tribuna a seguire la partita di suo figlio Tomas L&#8217;Accademia Inter conquista&hellip;\n","protected":false},"author":3,"featured_media":528636,"comment_status":"","ping_status":"","sticky":false,"template":"","format":"standard","meta":{"footnotes":"","_share_on_mastodon":"0"},"categories":[1452],"tags":[8400,173596,721,1953,2716,1740,350,1537,90,89,5762,1290,22479,1739,245,244,20184,291726,57031],"class_list":["post-528635","post","type-post","status-publish","format-standard","has-post-thumbnail","category-calcio","tag-accademia","tag-accademia-inter","tag-calcio","tag-campione","tag-figlio","tag-football","tag-inter","tag-it","tag-italia","tag-italy","tag-lombardia","tag-partita","tag-seguire","tag-soccer","tag-sport","tag-sports","tag-tribuna","tag-tribuna-seguire","tag-zanetti"],"share_on_mastodon":{"url":"https:\/\/pubeurope.com\/@it\/116711656410967788","error":""},"_links":{"self":[{"href":"https:\/\/www.europesays.com\/it\/wp-json\/wp\/v2\/posts\/528635","targetHints":{"allow":["GET"]}}],"collection":[{"href":"https:\/\/www.europesays.com\/it\/wp-json\/wp\/v2\/posts"}],"about":[{"href":"https:\/\/www.europesays.com\/it\/wp-json\/wp\/v2\/types\/post"}],"author":[{"embeddable":true,"href":"https:\/\/www.europesays.com\/it\/wp-json\/wp\/v2\/users\/3"}],"replies":[{"embeddable":true,"href":"https:\/\/www.europesays.com\/it\/wp-json\/wp\/v2\/comments?post=528635"}],"version-history":[{"count":0,"href":"https:\/\/www.europesays.com\/it\/wp-json\/wp\/v2\/posts\/528635\/revisions"}],"wp:featuredmedia":[{"embeddable":true,"href":"https:\/\/www.europesays.com\/it\/wp-json\/wp\/v2\/media\/528636"}],"wp:attachment":[{"href":"https:\/\/www.europesays.com\/it\/wp-json\/wp\/v2\/media?parent=528635"}],"wp:term":[{"taxonomy":"category","embeddable":true,"href":"https:\/\/www.europesays.com\/it\/wp-json\/wp\/v2\/categories?post=528635"},{"taxonomy":"post_tag","embeddable":true,"href":"https:\/\/www.europesays.com\/it\/wp-json\/wp\/v2\/tags?post=528635"}],"curies":[{"name":"wp","href":"https:\/\/api.w.org\/{rel}","templated":true}]}}