{"id":528799,"date":"2026-06-08T03:33:16","date_gmt":"2026-06-08T03:33:16","guid":{"rendered":"https:\/\/www.europesays.com\/it\/528799\/"},"modified":"2026-06-08T03:33:16","modified_gmt":"2026-06-08T03:33:16","slug":"classica-di-bruxelles-2026-volata-vincente-per-jordi-meeus-battuti-fretin-e-girmay","status":"publish","type":"post","link":"https:\/\/www.europesays.com\/it\/528799\/","title":{"rendered":"Classica di Bruxelles 2026: volata vincente per Jordi Meeus. Battuti Fretin e Girmay"},"content":{"rendered":"<p>Non solo il World Tour, con l\u2019ex Delfinato iniziato oggi. Weekend e in generale calendario intensissimo per il ciclismo: in Belgio in scena infatti l\u2019edizione numero 106 della<strong> Classica di Bruxelles<\/strong>. A vincere, davanti al pubblico di casa, \u00e8<strong> Jordi Meeus<\/strong>. Era il favorito e si \u00e8 preso la vittoria numero 19 della carriera il corridore della Red Bull \u2013 BORA \u2013 hansgrohe.<\/p>\n<p>Quattro uomini hanno animato il 90% della corsa belga: Casper Pedersen (Soudal Quick-Step), Titouan Fontaine (Groupama \u2013 FDJ United), S\u00e9bastien Grignard (Lotto Intermarch\u00e9) e Henrik Pedersen (Uno-X Mobility). Una fuga che \u00e8 stata ripresa praticamente nel momento in cui il gruppo ha iniziato a preparare la volata conclusiva.<\/p>\n<p>Negli ultimi 10 chilometri tanti corridori hanno provato ad anticipare, da Sheehan ad Abrahamansen, ma il gruppo non ha lasciato spazio ed \u00e8 stata volata compatta, nonostante una caduta. Van Den Berg ha tentato la sparata sul finale, ma la <strong>Red Bull \u2013 BORA \u2013 hansgrohe \u00e8 stata perfetta con van Poppel a lanciare Meeus<\/strong> che ha completato l\u2019opera nel modo migliore.<\/p>\n<p>Secondo posto per il connazionale <strong>Milan Fretin<\/strong> (Cofidis), terzo <strong>Biniam Girmay<\/strong> (NSN Cycling Team), completano la top-5 i due neerlandesi Frits Biesterbos (Team Picnic PostNL) e Arvid de Kleijn (Tudor Pro Cycling Team).<\/p>\n","protected":false},"excerpt":{"rendered":"Non solo il World Tour, con l\u2019ex Delfinato iniziato oggi. Weekend e in generale calendario intensissimo per il&hellip;\n","protected":false},"author":3,"featured_media":528800,"comment_status":"","ping_status":"","sticky":false,"template":"","format":"standard","meta":{"footnotes":"","_share_on_mastodon":"0"},"categories":[1456],"tags":[1824,291763,1825,1537,90,89,38769,245,244],"class_list":["post-528799","post","type-post","status-publish","format-standard","has-post-thumbnail","category-ciclismo","tag-ciclismo","tag-classica-di-bruxelles-2026","tag-cycling","tag-it","tag-italia","tag-italy","tag-jordi-meeus","tag-sport","tag-sports"],"share_on_mastodon":{"url":"https:\/\/pubeurope.com\/@it\/116712387849377941","error":""},"_links":{"self":[{"href":"https:\/\/www.europesays.com\/it\/wp-json\/wp\/v2\/posts\/528799","targetHints":{"allow":["GET"]}}],"collection":[{"href":"https:\/\/www.europesays.com\/it\/wp-json\/wp\/v2\/posts"}],"about":[{"href":"https:\/\/www.europesays.com\/it\/wp-json\/wp\/v2\/types\/post"}],"author":[{"embeddable":true,"href":"https:\/\/www.europesays.com\/it\/wp-json\/wp\/v2\/users\/3"}],"replies":[{"embeddable":true,"href":"https:\/\/www.europesays.com\/it\/wp-json\/wp\/v2\/comments?post=528799"}],"version-history":[{"count":0,"href":"https:\/\/www.europesays.com\/it\/wp-json\/wp\/v2\/posts\/528799\/revisions"}],"wp:featuredmedia":[{"embeddable":true,"href":"https:\/\/www.europesays.com\/it\/wp-json\/wp\/v2\/media\/528800"}],"wp:attachment":[{"href":"https:\/\/www.europesays.com\/it\/wp-json\/wp\/v2\/media?parent=528799"}],"wp:term":[{"taxonomy":"category","embeddable":true,"href":"https:\/\/www.europesays.com\/it\/wp-json\/wp\/v2\/categories?post=528799"},{"taxonomy":"post_tag","embeddable":true,"href":"https:\/\/www.europesays.com\/it\/wp-json\/wp\/v2\/tags?post=528799"}],"curies":[{"name":"wp","href":"https:\/\/api.w.org\/{rel}","templated":true}]}}