{"id":528832,"date":"2026-06-08T04:31:17","date_gmt":"2026-06-08T04:31:17","guid":{"rendered":"https:\/\/www.europesays.com\/it\/528832\/"},"modified":"2026-06-08T04:31:17","modified_gmt":"2026-06-08T04:31:17","slug":"milan-da-bennacer-e-chukwueze-a-camarda-e-zeroli-il-futuro-di-chi-torna-dai-prestiti","status":"publish","type":"post","link":"https:\/\/www.europesays.com\/it\/528832\/","title":{"rendered":"Milan, da Bennacer e Chukwueze a Camarda e Zeroli: il futuro di chi torna dai prestiti"},"content":{"rendered":"<p>                                Torneranno a Milanello in sette: in base a chi sar\u00e0 l&#8217;allenatore si capir\u00e0 chi pu\u00f2 avere chance di restare<\/p>\n<p class=\"paragraph\" spellcheck=\"true\">Ora che anche Zlatan Ibrahimovic \u00e8 volato negli Usa per esibirsi da opinionista con Fox Sports, da queste parti non \u00e8 rimasto davvero nessuno del Milan che abbia anche solo una vaga attinenza con l&#8217;area sportiva. L&#8217;ordinaria amministrazione, in termini strettamente tecnico-burocratici, la mandano avanti il presidente Scaroni e il consigliere Calvelli, ma a giugno pi\u00f9 che di burocrazia occorrerebbe parlare di mercato. O meglio: affrontare il mercato. Che adesso \u00e8 per forza di cose congelato non soltanto negli affari in entrata, ma anche nei giocatori che fanno ritorno al mittente dopo una stagione in prestito. Non sono pochi e si tratta di situazioni che vanno affrontate. Gi\u00e0, ma su quali basi dal momento che non ci sono un allenatore e un direttore sportivo a cui chiedere?<\/p>\n<p>        tre riscatti ok\u2014 \u00a0<\/p>\n<p class=\"paragraph\" spellcheck=\"true\">Iniziamo col dire che dei dieci giocatori che hanno trascorso l&#8217;ultima stagione lontano da Milanello, tre non faranno ritorno: si tratta di Pobega, Colombo e Jimenez, per i quali sono scattate le condizioni che hanno trasformato il diritto di riscatto in obbligo. Si riaprono dunque le porte per gli altri sette (per alcuni non \u00e8 stato esercitato il diritto, altri erano solo in prestito secco), plotoncino in cui troviamo un po&#8217; di tutto: si va dal nome pesante al giovane di belle speranze. Scenario pi\u00f9 accreditato: la maggior parte di questi \u00e8 destinata a rifare nuovamente le valigie.<\/p>\n<p><a class=\"is-partner-link\" href=\"https:\/\/fantacampionato.gazzetta.it\/home?intcmp=CTAMondiale26\" rel=\"nofollow noopener\" target=\"_blank\">Dimostra di essere il migliore: il fantaconcorso pi\u00f9 ricco d&#8217;Italia diventa Mondiale! Abbonati a soli 9,99\u20ac<\/a><\/p>\n<p>        infortuni\u2014 \u00a0<\/p>\n<p class=\"paragraph\" spellcheck=\"true\">Il nome pi\u00f9 complesso da gestire \u00e8 quello di Bennacer, che proprio non riesce a ripartire altrove. Era andato male il prestito a Marsiglia ed \u00e8 andato male anche quello alla Dinamo Zagabria. L&#8217;algerino non \u00e8 mai riuscito a trovare continuit\u00e0 a causa dei continui infortuni. Due scenari: dal momento che scadr\u00e0 nel 2027, ripartir\u00e0 per l&#8217;ultima volta o il Milan prover\u00e0 a cercare un accordo per risolvere il contratto. Soluzione, quest&#8217;ultima, non semplice visto che il centrocampista guadagna quasi sette milioni e mezzo lordi. Pi\u00f9 facile che il Milan lo liberi senza chiedere denaro per il cartellino: il risparmio sull&#8217;ingaggio sarebbe gi\u00e0 un vantaggio importante. Poi c&#8217;\u00e8 Chukwueze. A met\u00e0 stagione pareva che il Fulham fosse seriamente intenzionato a riscattarlo, poi lo scenario \u00e8 cambiato in peggio. Il diritto \u00e8 stato fissato a 26 milioni, e a meno che il Milan non riveda le proprie pretese il nigeriano \u00e8 destinato al rientro. In teoria per ripartire nuovamente, ma nel suo caso \u00e8 ragionevole piazzarci un asterisco: se arriver\u00e0 un allenatore che pratica il 4-3-3 o il 4-2-3-1, Samuel potrebbe anche tornare utile come seconda scelta. Torna a Milanello pure Musah, dopo un&#8217;avventura all&#8217;Atalanta andata sicuramente peggio di quanto fosse lecito attendersi. Il riscatto da 24 milioni non \u00e8 mai stato preso in considerazione dalla Dea, ma l&#8217;americano difficilmente rimarr\u00e0 in rossonero. Stesso discorso per Bondo e Filippo Terracciano, che hanno chiuso il prestito con la Cremonese retrocessa. Infine, i ragazzini del vivaio, ovvero Camarda e Zeroli. I loro percorsi sono tutti da valutare, anche con un occhio di riguardo alle liste: potrebbero fare comodo.<\/p>\n<p class=\"is-copyright\">\u00a9 RIPRODUZIONE RISERVATA<\/p>\n","protected":false},"excerpt":{"rendered":"Torneranno a Milanello in sette: in base a chi sar\u00e0 l&#8217;allenatore si capir\u00e0 chi pu\u00f2 avere chance di&hellip;\n","protected":false},"author":3,"featured_media":528833,"comment_status":"","ping_status":"","sticky":false,"template":"","format":"standard","meta":{"footnotes":"","_share_on_mastodon":"0"},"categories":[1452],"tags":[579,291773,291774,94332,291775,1960,2940,64504,721,8028,291772,6913,22394,806,1740,3412,8455,1537,90,89,1412,553,23161,1693,87500,6840,72433,7175,3675,2743,1739,245,244,577,906,2199,270936],"class_list":["post-528832","post","type-post","status-publish","format-standard","has-post-thumbnail","category-calcio","tag-accordo","tag-accordo-risolvere","tag-accordo-risolvere-contratto","tag-accreditato","tag-accreditato-destinata","tag-allenatore","tag-andato","tag-bennacer","tag-calcio","tag-camarda","tag-camarda-zeroli","tag-chiedere","tag-chukwueze","tag-diritto","tag-football","tag-giocatori","tag-infortuni","tag-it","tag-italia","tag-italy","tag-mercato","tag-milan","tag-milanello","tag-nome","tag-nuovamente","tag-prestito","tag-ripartire","tag-riscatto","tag-ritorno","tag-scenario","tag-soccer","tag-sport","tag-sports","tag-stagione","tag-tratta","tag-ultima","tag-zeroli"],"share_on_mastodon":{"url":"https:\/\/pubeurope.com\/@it\/116712615889682979","error":""},"_links":{"self":[{"href":"https:\/\/www.europesays.com\/it\/wp-json\/wp\/v2\/posts\/528832","targetHints":{"allow":["GET"]}}],"collection":[{"href":"https:\/\/www.europesays.com\/it\/wp-json\/wp\/v2\/posts"}],"about":[{"href":"https:\/\/www.europesays.com\/it\/wp-json\/wp\/v2\/types\/post"}],"author":[{"embeddable":true,"href":"https:\/\/www.europesays.com\/it\/wp-json\/wp\/v2\/users\/3"}],"replies":[{"embeddable":true,"href":"https:\/\/www.europesays.com\/it\/wp-json\/wp\/v2\/comments?post=528832"}],"version-history":[{"count":0,"href":"https:\/\/www.europesays.com\/it\/wp-json\/wp\/v2\/posts\/528832\/revisions"}],"wp:featuredmedia":[{"embeddable":true,"href":"https:\/\/www.europesays.com\/it\/wp-json\/wp\/v2\/media\/528833"}],"wp:attachment":[{"href":"https:\/\/www.europesays.com\/it\/wp-json\/wp\/v2\/media?parent=528832"}],"wp:term":[{"taxonomy":"category","embeddable":true,"href":"https:\/\/www.europesays.com\/it\/wp-json\/wp\/v2\/categories?post=528832"},{"taxonomy":"post_tag","embeddable":true,"href":"https:\/\/www.europesays.com\/it\/wp-json\/wp\/v2\/tags?post=528832"}],"curies":[{"name":"wp","href":"https:\/\/api.w.org\/{rel}","templated":true}]}}