{"id":529344,"date":"2026-06-08T13:08:15","date_gmt":"2026-06-08T13:08:15","guid":{"rendered":"https:\/\/www.europesays.com\/it\/529344\/"},"modified":"2026-06-08T13:08:15","modified_gmt":"2026-06-08T13:08:15","slug":"dai-sentimenti-di-bridgerton-a-uomini-e-donne-la-tv-punta-sul-gia-visto","status":"publish","type":"post","link":"https:\/\/www.europesays.com\/it\/529344\/","title":{"rendered":"Dai sentimenti di Bridgerton a Uomini e Donne: la tv punta sul \u201cgi\u00e0 visto\u201d"},"content":{"rendered":"\n<p>Da qualche settimana mi rimugina in testa un pensiero. Anzi, pi\u00f9 che un pensiero, \u00e8 una semplice constatazione ed \u00e8 quella che si d\u00e0 per assodata la possibilit\u00e0 o meglio la probabilit\u00e0 che ogni sera la tv italiana, comprese le piattaforme, tirino fuori qualcosa di nuovo. Di inedito e sorprendente. Quando alla stura dei fatti e a ben vedere la sorpresa si trova quasi sempre sul cosiddetto usato sicuro che ha nel numero progressivo delle edizioni o delle stagioni la propria ragione d\u2019essere. <\/p>\n<p>Se ho risposte, forse qualcuno dei miei 12 lettori potrebbe aspettarsele (e mi scuso per l\u2019autoironica sbruffoneria con cui ho pure pi\u00f9 che dimezzato i lettori manzoniana memoria), ma assicuro che no, non le ho. Un esempio comunque ce l\u2019ho e va per\u00f2 sondato sulla piattaforma di Netflix. Si tratta della nuova stagione di Bridgerton, per la precisione \u00e8 la quarta che va in onda e ancor pi\u00f9 si dipanano nella fantomatica e multirazziale Londra, ove impazza una cultura meticcia e woke nella serie i destini di alcune famiglie nobiliari. Tutte alle prese con problemi d\u2019amore o tutt\u2019al pi\u00f9 economici. Soprattutto d\u2019amore e ogni singolo avvenimento, il gossip \u00e8 la maggior occupazione della regina Carlotta e delle sue dame di compagnia, sembra avere quale fulcro centrale la famiglia dei conti di Bridgerton. Nessuno di questa famiglia sembra esente dal mal d\u2019amore. Nemmeno l\u2019apparente morigerata madre sembra cedere a sentimenti di ribellioni sopiti dal matrimonio, dagli otto figli e dalla decennale vedovanza. Insomma, tutta la trama assomiglia a un romance al cubo e forse questa \u00e8 la chiave per comprendere come anche altri prodotti e generi tv, indipendentemente dalla funzione, trovino nella ripetizione e nei sottogeneri, soprattutto sentimentali e confidenziali la loro ragione d\u2019essere. D\u2019altronde, gli stessi dubbi e le medesime dinamiche che muovono i Bridgerton e la loro community sociale non \u00e8 ad esempio la stessa, senza quarti di nobilt\u00e0, che sommuove gli istinti pi\u00f9 trivi di Uomini &amp; Donne o del GFvip o ancora dell\u2019Isola dei famosi o di qualunque fiction Rai?<\/p>\n","protected":false},"excerpt":{"rendered":"Da qualche settimana mi rimugina in testa un pensiero. Anzi, pi\u00f9 che un pensiero, \u00e8 una semplice constatazione&hellip;\n","protected":false},"author":3,"featured_media":529345,"comment_status":"","ping_status":"","sticky":false,"template":"","format":"standard","meta":{"footnotes":"","_share_on_mastodon":"0"},"categories":[1444],"tags":[1615,1644,203,189144,204,1537,90,89,2259,2848,2258,5486,188,253],"class_list":["post-529344","post","type-post","status-publish","format-standard","has-post-thumbnail","category-tv","tag-arte","tag-cultura","tag-entertainment","tag-fabio-francione","tag-intrattenimento","tag-it","tag-italia","tag-italy","tag-questioni-sociali-generico","tag-rai","tag-sociale","tag-televisione","tag-tempo-libero","tag-tv"],"share_on_mastodon":{"url":"https:\/\/pubeurope.com\/@it\/116714648930337701","error":""},"_links":{"self":[{"href":"https:\/\/www.europesays.com\/it\/wp-json\/wp\/v2\/posts\/529344","targetHints":{"allow":["GET"]}}],"collection":[{"href":"https:\/\/www.europesays.com\/it\/wp-json\/wp\/v2\/posts"}],"about":[{"href":"https:\/\/www.europesays.com\/it\/wp-json\/wp\/v2\/types\/post"}],"author":[{"embeddable":true,"href":"https:\/\/www.europesays.com\/it\/wp-json\/wp\/v2\/users\/3"}],"replies":[{"embeddable":true,"href":"https:\/\/www.europesays.com\/it\/wp-json\/wp\/v2\/comments?post=529344"}],"version-history":[{"count":0,"href":"https:\/\/www.europesays.com\/it\/wp-json\/wp\/v2\/posts\/529344\/revisions"}],"wp:featuredmedia":[{"embeddable":true,"href":"https:\/\/www.europesays.com\/it\/wp-json\/wp\/v2\/media\/529345"}],"wp:attachment":[{"href":"https:\/\/www.europesays.com\/it\/wp-json\/wp\/v2\/media?parent=529344"}],"wp:term":[{"taxonomy":"category","embeddable":true,"href":"https:\/\/www.europesays.com\/it\/wp-json\/wp\/v2\/categories?post=529344"},{"taxonomy":"post_tag","embeddable":true,"href":"https:\/\/www.europesays.com\/it\/wp-json\/wp\/v2\/tags?post=529344"}],"curies":[{"name":"wp","href":"https:\/\/api.w.org\/{rel}","templated":true}]}}