{"id":529434,"date":"2026-06-08T14:29:14","date_gmt":"2026-06-08T14:29:14","guid":{"rendered":"https:\/\/www.europesays.com\/it\/529434\/"},"modified":"2026-06-08T14:29:14","modified_gmt":"2026-06-08T14:29:14","slug":"isola-dei-famosi-patrick-ray-pugliese-e-un-nuovo-concorrente-la-paura-di-selvaggia-lucarelli-per-il-terremoto-e-la-verita-sul-set","status":"publish","type":"post","link":"https:\/\/www.europesays.com\/it\/529434\/","title":{"rendered":"Isola dei Famosi, Patrick Ray Pugliese \u00e8 un nuovo concorrente: la paura di Selvaggia Lucarelli per il terremoto e la verit\u00e0 sul set"},"content":{"rendered":"<p>&#13;<br \/>\n                               &#13;<br \/>\n                                                &#13;<br \/>\n                &#13;<\/p>\n<p>Non \u00e8 ancora iniziata eppure la nuova edizione de L&#8217;<strong><a href=\"https:\/\/www.leggo.it\/t\/isola-dei-famosi\" rel=\"nofollow noopener\" target=\"_blank\">Isola dei Famosi<\/a><\/strong> sta gi\u00e0 regalando dinamiche degne di una prima serata di fuoco. Il reality show di Canale 5, che quest&#8217;anno si preannuncia totalmente rivoluzionato, \u00e8 finito al centro dei riflessori per un mix esplosivo di indiscrezioni sul cast e momenti di vera e propria apprensione geopolitica.<\/p>\n<p>&#13;<br \/>\n&#13;<\/p>\n<p>Secondo quanto apprende\u00a0Leggo, nel cast dei naufraghi \u00e8 pronto a sbarcare un vero e proprio asso nella manica. Si tratta di <strong><a href=\"https:\/\/www.leggo.it\/t\/patrick-ray-pugliese\" rel=\"nofollow noopener\" target=\"_blank\">Patrick Ray Pugliese<\/a><\/strong>, lo storico, amatissimo e inossidabile volto del Grande Fratello. Con la sua ironia travolgente, la sua irresistibile simpatia e una clamorosa esperienza nelle dinamiche di convivenza forzata, Patrick promette di essere il concorrente ideale per accendere gli animi in spiaggia e conquistare il pubblico a suon di risate e nomination.<\/p>\n<p>&#13;<br \/>\n&#13;<br \/>\n<strong>Paura per il terremoto di magnitudo 7.8, ma l&#8217;Isola \u00e8 salva: \u00abNon \u00e8 stato sentito\u00bb<\/strong>&#13;<br \/>\n&#13;<\/p>\n<p>&#13;<br \/>\nNelle stesse ore in cui trapelava il nome del nuovo concorrente, una notizia drammatica ha per\u00f2 gelato i fan. Un violentissimo terremoto di magnitudo 7.8, seguito da una replica di 6.5, ha colpito il sud delle Filippine, provocando crolli, feriti e purtroppo diverse vittime, oltre a un&#8217;iniziale allerta tsunami poi rientrata. La mente di tutti \u00e8 andata subito alla produzione Mediaset, dato che l&#8217;arcipelago asiatico \u00e8 la location scelta per i naufraghi.<\/p>\n<p>&#13;<br \/>\n&#13;<\/p>\n<p>A tranquillizzare tutti sul piano logistico sono state nuovamente le fonti di Leggo: fortunatamente, l&#8217;area destinata alle registrazioni dello show non \u00e8 stata interessata dal sisma. <\/p>\n<p>La macchina del programma si trova in una zona sicura e il terremoto non \u00e8 stato minimamente avvertito sul set, il che garantisce la totale incolumit\u00e0 di tecnici e concorrenti e il regolare svolgimento delle riprese.&#13;<br \/>\n&#13;<br \/>\n<strong>La reazione di Selvaggia Lucarelli e la svolta del programma<\/strong>&#13;<br \/>\n&#13;<\/p>\n<p>&#13;<br \/>\nA guidare questa complessa e avventurosa edizione ci sar\u00e0 Selvaggia Lucarelli, affiancata da Alvin. La giornalista, che proprio nelle scorse ore aveva annunciato di essere in procinto di partire per l&#8217;Asia per un soggiorno di un mese e mezzo, ha appreso la notizia del terremoto e ha voluto commentare a caldo sui suoi profili social con il suo solito e inconfondibile sarcasmo:<\/p>\n<p>&#13;<br \/>\n&#13;<br \/>\n<strong>\u00abIniziamo serenamente\u00bb<\/strong>&#13;<br \/>\n&#13;<\/p>\n<p>Una battuta delle sue per esorcizzare la paura collettiva dei fan. Del resto, per la Lucarelli si tratta di una sfida senza precedenti: a differenza del passato, la conduttrice non rimarr\u00e0 al sicuro nello studio in Italia, ma vivr\u00e0 e registrer\u00e0 direttamente sul posto, a stretto contatto con la natura selvaggia (e le insidie) delle Filippine, esattamente come accade nelle versioni internazionali del format Survivor. Pur non potendo mostrare dettagli del set blindatissimo, Selvaggia ha gi\u00e0 promesso ai follower che user\u00e0 Instagram per raccontare la sua nuova e bizzarra vita quotidiana da esiliata speciale. Con un terremoto scampato e l&#8217;ingresso di un fuoriclasse come Patrick, l&#8217;avventura \u00e8 ufficialmente<\/p>\n<p>                                &#13;<br \/>\n                &#13;<br \/>\n&#13;<br \/>\n                Ultimo aggiornamento: luned\u00ec 8 giugno 2026, 16:20&#13;<br \/>\n                <br \/>&#13;<br \/>\n                &#13;<br \/>\n                  &#13;<br \/>\n                    &#13;<br \/>\n                        \u00a9 RIPRODUZIONE RISERVATA&#13;<\/p>\n<p>&#13;<\/p>\n<p>                    &#13;<\/p>\n","protected":false},"excerpt":{"rendered":"&#13; &#13; &#13; &#13; Non \u00e8 ancora iniziata eppure la nuova edizione de L&#8217;Isola dei Famosi sta gi\u00e0&hellip;\n","protected":false},"author":3,"featured_media":529435,"comment_status":"","ping_status":"","sticky":false,"template":"","format":"standard","meta":{"footnotes":"","_share_on_mastodon":"0"},"categories":[1444],"tags":[203,204,14322,1537,90,89,292133,253],"class_list":["post-529434","post","type-post","status-publish","format-standard","has-post-thumbnail","category-tv","tag-entertainment","tag-intrattenimento","tag-isola-dei-famosi","tag-it","tag-italia","tag-italy","tag-patrick-ray-pugliese","tag-tv"],"share_on_mastodon":{"url":"https:\/\/pubeurope.com\/@it\/116714967409716057","error":""},"_links":{"self":[{"href":"https:\/\/www.europesays.com\/it\/wp-json\/wp\/v2\/posts\/529434","targetHints":{"allow":["GET"]}}],"collection":[{"href":"https:\/\/www.europesays.com\/it\/wp-json\/wp\/v2\/posts"}],"about":[{"href":"https:\/\/www.europesays.com\/it\/wp-json\/wp\/v2\/types\/post"}],"author":[{"embeddable":true,"href":"https:\/\/www.europesays.com\/it\/wp-json\/wp\/v2\/users\/3"}],"replies":[{"embeddable":true,"href":"https:\/\/www.europesays.com\/it\/wp-json\/wp\/v2\/comments?post=529434"}],"version-history":[{"count":0,"href":"https:\/\/www.europesays.com\/it\/wp-json\/wp\/v2\/posts\/529434\/revisions"}],"wp:featuredmedia":[{"embeddable":true,"href":"https:\/\/www.europesays.com\/it\/wp-json\/wp\/v2\/media\/529435"}],"wp:attachment":[{"href":"https:\/\/www.europesays.com\/it\/wp-json\/wp\/v2\/media?parent=529434"}],"wp:term":[{"taxonomy":"category","embeddable":true,"href":"https:\/\/www.europesays.com\/it\/wp-json\/wp\/v2\/categories?post=529434"},{"taxonomy":"post_tag","embeddable":true,"href":"https:\/\/www.europesays.com\/it\/wp-json\/wp\/v2\/tags?post=529434"}],"curies":[{"name":"wp","href":"https:\/\/api.w.org\/{rel}","templated":true}]}}