{"id":529561,"date":"2026-06-08T16:17:16","date_gmt":"2026-06-08T16:17:16","guid":{"rendered":"https:\/\/www.europesays.com\/it\/529561\/"},"modified":"2026-06-08T16:17:16","modified_gmt":"2026-06-08T16:17:16","slug":"berrettini-le-condizioni-dopo-linfortunio-giochera-a-wimbledon","status":"publish","type":"post","link":"https:\/\/www.europesays.com\/it\/529561\/","title":{"rendered":"Berrettini, le condizioni dopo l&#8217;infortunio: giocher\u00e0 a Wimbledon"},"content":{"rendered":"<p>                                Il romano si era ritirato nel secondo set dei quarti di finale contro Arnaldi al Roland Garros. Ma arrivano buone notizie: &#8220;Sto gi\u00e0 lavorando sul mio recupero per tornare nella miglior forma possibile&#8221;<\/p>\n<p>            <a class=\"image is-50x50\" href=\"https:\/\/www.gazzetta.it\/collaboratori\/pellegrino-dell-anno\/\" rel=\"nofollow noopener\" target=\"_blank\"><br \/>\n                <img decoding=\"async\" class=\"is-rounded\" src=\"https:\/\/www.europesays.com\/it\/wp-content\/uploads\/2026\/03\/1774472354_735_omino.png\" alt=\"Pellegrino Dell'Anno\"\/><br \/>\n            <\/a><\/p>\n<p>Collaboratore<\/p>\n<p>                    8 giugno 2026 (modifica alle 17:03)  &#8211; MILANO<\/p>\n<p class=\"paragraph\" spellcheck=\"true\">Il Roland Garros di Matteo Berrettini si \u00e8 concluso nel modo peggiore possibile. <a href=\"https:\/\/www.gazzetta.it\/Tennis\/atp\/slam\/roland-garros\/04-06-2026\/berrettini-dolore-ritiro-arnaldi.shtml?intcmp=hyperlink-articolo-gazit\" rel=\"nofollow noopener\" target=\"_blank\">Quasi in lacrime, dopo l&#8217;ennesimo ritiro della sua carriera<\/a>, nel secondo set del quarto di finale contro Matteo Arnaldi. Il romano aveva parlato di un problema all&#8217;anca sinistra, rimandando ai giorni successivi qualsiasi comunicazione per capire quali effettivamente fossero le possibilit\u00e0 di vederlo a Wimbledon. Cinque giorni dopo, dalle ipotesi si passa alle certezze. Matteo, finalista ai Championships nel 2021, sar\u00e0 presente al terzo Slam della stagione. Lo ha annunciato nel pomeriggio con un post su Instagram, sotto una foto che lo ritrae sorridente al Roland Garros: &#8220;Gli esami svolti negli ultimi due giorni non hanno rintracciato nessuna lesione significativa! Sto gi\u00e0 lavorando sul mio recupero per tornare a Wimbledon nella miglior forma possibile&#8221;.<\/p>\n<p>        percorso\u2014 \u00a0<\/p>\n<p class=\"paragraph\" spellcheck=\"true\">Berrettini ha ritrovato al Roland Garros un quarto di finale Slam che mancava dagli Us Open 2022, mostrando anche ottima attitudine, fisica e mentale, nella battaglia, nelle partite lunghe e faticose. Ora l&#8217;obiettivo \u00e8 rientrare nelle condizioni migliori possibili per lo Slam dove meglio ha figurato in carriera, dove due anni fa gioc\u00f2 contro Sinner una delle partite pi\u00f9 belle dell&#8217;anno. La conferma del livello c&#8217;\u00e8 stata, ora tocca rimettersi in sesto fisicamente. Con una classifica che lo vede tornato in 43esima posizione, dopo un cammino esaltante a Parigi. Per quanto, sorprendentemente, Matteo non sia ancora certo di poter giocare nel tabellone principale sui prati di Church Road. Le entry list, l&#8217;elenco dei giocatori ammessi direttamente al torneo, vengono infatti pubblicate sei settimane prima dell&#8217;inizio. Nel caso di Wimbledon, facendo fede alla classifica del 18 maggio, il luned\u00ec dopo Roma. In cui Berrettini figurava come n.107 del mondo, non ammesso direttamente in main draw. Come funzioner\u00e0 dunque per Wimbledon?<\/p>\n<p>        Incertezza\u2014 \u00a0<\/p>\n<p class=\"paragraph\" spellcheck=\"true\">Salvo la concessione di una wildcard, che permetterebbe all&#8217;ex n.6 Atp di entrare direttamente nel tabellone principale, il romano sar\u00e0 costretto a giocare le qualificazioni, sui prati di Roehampton. Una situazione abbastanza nuova per lui, che ha giocato solo due volte in carriera nei tabelloni cadetti di uno Slam, Us Open 2017 e Australian Open 2018&#8230;senza poi qualificarsi. Questo perch\u00e9 Matteo ha scalato la classifica in maniera dirompente, entrando in orbita ammissione diretta ai Major molto rapidamente. Al momento \u00e8 terzo nella lista degli alternate, dopo Sho Shimabukuro e Alex Molcan. Ci\u00f2 vuol dire che Berrettini, chiaramente una mina vagante se dovesse stare al massimo fisicamente, avrebbe bisogno di tre forfait per entrare direttamente in tabellone, evitando le forche caudine delle qualificazioni. Ma ci\u00f2 che pi\u00f9 conta \u00e8 che Matteo sia sicuro di stare bene, di non aver riportato infortuni gravi. E a Londra, in un modo o nell&#8217;altro, ci sar\u00e0. Con l&#8217;intenzione di lasciare il segno.<\/p>\n<p class=\"is-copyright\">\u00a9 RIPRODUZIONE RISERVATA<\/p>\n","protected":false},"excerpt":{"rendered":"Il romano si era ritirato nel secondo set dei quarti di finale contro Arnaldi al Roland Garros. Ma&hellip;\n","protected":false},"author":3,"featured_media":529562,"comment_status":"","ping_status":"","sticky":false,"template":"","format":"standard","meta":{"footnotes":"","_share_on_mastodon":"0"},"categories":[1457],"tags":[7916,3049,1902,483,1932,7884,292246,1115,292247,292248,1426,5014,2498,292249,3650,1889,1537,90,89,6087,292250,292251,33409,292252,114,2006,4565,32851,14175,10997,3423,245,244,8934,1273,1274],"class_list":["post-529561","post","type-post","status-publish","format-standard","has-post-thumbnail","category-tennis","tag-arnaldi","tag-berrettini","tag-carriera","tag-cio","tag-classifica","tag-direttamente","tag-direttamente-tabellone","tag-entrare","tag-entrare-direttamente","tag-entrare-direttamente-tabellone","tag-finale","tag-fisicamente","tag-forma","tag-forma-possibile","tag-garros","tag-giocare","tag-it","tag-italia","tag-italy","tag-lavorando","tag-lavorando-recupero","tag-lavorando-recupero-tornare","tag-lesione","tag-lesione-significativa","tag-matteo","tag-open","tag-possibile","tag-roland","tag-roland-garros","tag-romano","tag-slam","tag-sport","tag-sports","tag-tabellone","tag-tennis","tag-wimbledon"],"share_on_mastodon":{"url":"","error":"Validation failed: Text character limit of 500 exceeded"},"_links":{"self":[{"href":"https:\/\/www.europesays.com\/it\/wp-json\/wp\/v2\/posts\/529561","targetHints":{"allow":["GET"]}}],"collection":[{"href":"https:\/\/www.europesays.com\/it\/wp-json\/wp\/v2\/posts"}],"about":[{"href":"https:\/\/www.europesays.com\/it\/wp-json\/wp\/v2\/types\/post"}],"author":[{"embeddable":true,"href":"https:\/\/www.europesays.com\/it\/wp-json\/wp\/v2\/users\/3"}],"replies":[{"embeddable":true,"href":"https:\/\/www.europesays.com\/it\/wp-json\/wp\/v2\/comments?post=529561"}],"version-history":[{"count":0,"href":"https:\/\/www.europesays.com\/it\/wp-json\/wp\/v2\/posts\/529561\/revisions"}],"wp:featuredmedia":[{"embeddable":true,"href":"https:\/\/www.europesays.com\/it\/wp-json\/wp\/v2\/media\/529562"}],"wp:attachment":[{"href":"https:\/\/www.europesays.com\/it\/wp-json\/wp\/v2\/media?parent=529561"}],"wp:term":[{"taxonomy":"category","embeddable":true,"href":"https:\/\/www.europesays.com\/it\/wp-json\/wp\/v2\/categories?post=529561"},{"taxonomy":"post_tag","embeddable":true,"href":"https:\/\/www.europesays.com\/it\/wp-json\/wp\/v2\/tags?post=529561"}],"curies":[{"name":"wp","href":"https:\/\/api.w.org\/{rel}","templated":true}]}}