{"id":529596,"date":"2026-06-08T16:42:14","date_gmt":"2026-06-08T16:42:14","guid":{"rendered":"https:\/\/www.europesays.com\/it\/529596\/"},"modified":"2026-06-08T16:42:14","modified_gmt":"2026-06-08T16:42:14","slug":"julia-bergmann-e-una-nuova-giocatrice-della-savino-del-bene-volley","status":"publish","type":"post","link":"https:\/\/www.europesays.com\/it\/529596\/","title":{"rendered":"J\u00falia Bergmann \u00e8 una nuova giocatrice della Savino Del Bene Volley"},"content":{"rendered":"<p align=\"JUSTIFY\">La Savino Del Bene Volley \u00e8 lieta di annunciare l\u2019arrivo della schiacciatrice brasiliana con cittadinanza tedesca J\u00falia Isabelle Bergmann, che entrer\u00e0 a far parte del roster a disposizione di coach Marco Gaspari a partire dalla stagione 2026\u20132027. L\u2019atleta classe 2001, nella prossima annata sportiva, affronter\u00e0 per la prima volta in carriera il campionato italiano.<\/p>\n<p align=\"JUSTIFY\">Bergmann approda a Scandicci dopo aver maturato importanti esperienze tra Brasile, Stati Uniti e Turchia, oltre che con la maglia della sua Nazionale.<\/p>\n<p align=\"JUSTIFY\">Schiacciatrice moderna, dotata di fisicit\u00e0 e tecnica, J\u00falia Bergmann rappresenta un innesto di assoluto valore per il progetto tecnico della Savino Del Bene Volley, che potr\u00e0 contare su di lei per affrontare una stagione di alto profilo sia in Italia che in Europa.<\/p>\n<p align=\"JUSTIFY\">Nell\u2019ultima stagione ha militato nel massimo campionato turco dove, con la maglia del T\u00fcrk Hava Yollar\u0131 Spor Kul\u00fcb\u00fc, ha fatto registrare 422 punti, 26 muri vincenti e 43 ace.<\/p>\n<p align=\"JUSTIFY\">J\u00falia Bergmann ha cos\u00ec commentato il suo arrivo in Toscana:<\/p>\n<p align=\"JUSTIFY\">\u201cLa Savino Del Bene Volley \u00e8 uno dei migliori club del mondo e conosco la sua storia. Ho seguito tutte le partite della scorsa stagione e sono entusiasta di fare questo passo in avanti nella mia carriera: il prossimo anno giocher\u00f2 al miglior livello di pallavolo che esiste. Il mio obiettivo \u00e8 ovviamente quello di aiutare la squadra per quanto possibile e accrescere nelle mie abilit\u00e0, per essere la migliore versione di me stessa per questo club.\u201d<\/p>\n<p><b>LA CARRIERA DI J\u00daLIA BERGMANN<\/b><\/p>\n<p align=\"JUSTIFY\">J\u00falia Bergmann, nata il 21 febbraio 2001, \u00e8 una schiacciatrice con doppia nazionalit\u00e0 brasiliana e tedesca. Cresciuta in un ambiente fortemente legato alla pallavolo, proviene infatti da una famiglia di ex giocatori: sia il padre tedesco sia la madre brasiliana hanno praticato questo sport, e anche il fratello minore, Lukas Bergmann \u00e8 pallavolista e milita nella Gas Sales Bluenergy Piacenza, formazione militante in Superlega.<\/p>\n<p align=\"JUSTIFY\">Nata a Monaco di Baviera, J\u00falia si \u00e8 trasferita con la famiglia in Brasile nel 2011. Ha iniziato a giocare nel 2013 e, dopo una prima fase di crescita, nel 2015 ha partecipato al Campionato Paranaense con l\u2019Avotol. <\/p>\n<p align=\"JUSTIFY\">Due anni pi\u00f9 tardi \u00e8 passata all\u2019ABEL, dove ha disputato la Ta\u00e7a Prata 2016, la Superliga S\u00e9rie B 2017 e il Campionato Catarinense dello stesso anno.<\/p>\n<p align=\"JUSTIFY\">In seguito si \u00e8 spostata negli Stati Uniti, entrando nel programma NCAA Division I con Georgia Tech. Dal 2019 al 2022 ha giocato con le Yellow Jackets, conquistando il National Invitational Volleyball Championship nel 2019, torneo in cui \u00e8 stata inserita nel sestetto ideale.<\/p>\n<p align=\"JUSTIFY\">Inserita nel 2021 nell\u2019All-America First Team e nel 2022 nell\u2019All-America Second Team, successivamente alla esperienza collegiale negli Stati Uniti ha iniziato la carriera professionistica in Europa, giocando per tre stagioni consecutive (2023-2026) con il T\u00fcrk Hava Yollar\u0131 nella Sultanlar Ligi turca.<\/p>\n<p align=\"JUSTIFY\">Per la stagione 2026-2027 ha deciso di lasciare la Turchia e di sposare il progetto della Savino Del Bene Volley, approdando in Italia per la prima volta in carriera.<\/p>\n","protected":false},"excerpt":{"rendered":"La Savino Del Bene Volley \u00e8 lieta di annunciare l\u2019arrivo della schiacciatrice brasiliana con cittadinanza tedesca J\u00falia Isabelle&hellip;\n","protected":false},"author":3,"featured_media":529597,"comment_status":"","ping_status":"","sticky":false,"template":"","format":"standard","meta":{"footnotes":"","_share_on_mastodon":"0"},"categories":[1474],"tags":[292268,6772,16807,292269,3734,1856,3044,1537,90,1599,89,647,292270,70197,2347,31172,79592,31176,14447,41131,18406,245,244,292271,1869],"class_list":["post-529596","post","type-post","status-publish","format-standard","has-post-thumbnail","category-volley","tag-292268","tag-6772","tag-16807","tag-bergmann","tag-brasile","tag-campionato","tag-germania","tag-it","tag-italia","tag-italiano","tag-italy","tag-julia","tag-julia-bergmann","tag-monaco-di-baviera","tag-pallavolo","tag-savino-del-bene","tag-savino-del-bene-scandicci","tag-savino-del-bene-volley","tag-scandicci","tag-schiacciatrice","tag-serie-a1","tag-sport","tag-sports","tag-turk-hava-yollari","tag-volley"],"share_on_mastodon":{"url":"https:\/\/pubeurope.com\/@it\/116715490281080747","error":""},"_links":{"self":[{"href":"https:\/\/www.europesays.com\/it\/wp-json\/wp\/v2\/posts\/529596","targetHints":{"allow":["GET"]}}],"collection":[{"href":"https:\/\/www.europesays.com\/it\/wp-json\/wp\/v2\/posts"}],"about":[{"href":"https:\/\/www.europesays.com\/it\/wp-json\/wp\/v2\/types\/post"}],"author":[{"embeddable":true,"href":"https:\/\/www.europesays.com\/it\/wp-json\/wp\/v2\/users\/3"}],"replies":[{"embeddable":true,"href":"https:\/\/www.europesays.com\/it\/wp-json\/wp\/v2\/comments?post=529596"}],"version-history":[{"count":0,"href":"https:\/\/www.europesays.com\/it\/wp-json\/wp\/v2\/posts\/529596\/revisions"}],"wp:featuredmedia":[{"embeddable":true,"href":"https:\/\/www.europesays.com\/it\/wp-json\/wp\/v2\/media\/529597"}],"wp:attachment":[{"href":"https:\/\/www.europesays.com\/it\/wp-json\/wp\/v2\/media?parent=529596"}],"wp:term":[{"taxonomy":"category","embeddable":true,"href":"https:\/\/www.europesays.com\/it\/wp-json\/wp\/v2\/categories?post=529596"},{"taxonomy":"post_tag","embeddable":true,"href":"https:\/\/www.europesays.com\/it\/wp-json\/wp\/v2\/tags?post=529596"}],"curies":[{"name":"wp","href":"https:\/\/api.w.org\/{rel}","templated":true}]}}