{"id":529650,"date":"2026-06-08T17:26:13","date_gmt":"2026-06-08T17:26:13","guid":{"rendered":"https:\/\/www.europesays.com\/it\/529650\/"},"modified":"2026-06-08T17:26:13","modified_gmt":"2026-06-08T17:26:13","slug":"la-volta-buona-le-pagelle-dell8-giugno-balivo-confusa-8-il-ritorno-di-belen-10-polemiche-per-dua-5","status":"publish","type":"post","link":"https:\/\/www.europesays.com\/it\/529650\/","title":{"rendered":"La Volta Buona, le pagelle dell&#8217;8 giugno: Balivo confusa (8), il ritorno di Belen (10), polemiche per Dua (5)"},"content":{"rendered":"<p>Puntata davvero \u201ccaotica\u201d, quella dell\u20198 giugno 2026 de La Volta Buona, il talk condotto da <strong>Caterina Balivo<\/strong> su Rai1. Come ogni giorno dal luned\u00ec al venerd\u00ec, la conduttrice ha dato il benvenuto ai suoi ospiti e dato il \u201cla\u201d al tema del giorno: grandi amori e infedelt\u00e0. E allora non si poteva non parlare dei festeggiamenti del matrimonio pi\u00f9 chic di questi giorni, quello di Dua Lipa e Callum Turner a Palermo, che ha generato non poche polemiche. Le nostre pagelle.\n<\/p>\n<p>Orietta Berti e l\u2019Intelligenza Artificiale. Voto: 7<\/p>\n<p>In fatto di grandi amori, <a href=\"https:\/\/dilei.it\/star-e-vip\/orietta-berti\/\" rel=\"nofollow noopener\" target=\"_blank\">Orietta Berti<\/a> pu\u00f2 dirsi di certo soddisfatta: non ha mai tradito, n\u00e9 \u2013 \u00e8 certa \u2013 \u00e8 mai stata tradita da Osvaldo Paterlini, l\u2019uomo con cui sta insieme da 59 anni, quasi 60 anni di matrimonio, due figli, le nipotine amatissime, ma soprattutto una carriera alle stelle. E se c\u2019\u00e8 chi negli ultimi tempi si sta chiedendo del futuro con l\u2019AI, la Berti ha confermato da <a href=\"https:\/\/dilei.it\/star-e-vip\/caterina-balivo\/\" rel=\"nofollow noopener\" target=\"_blank\">Caterina Balivo<\/a> a La Volta Buona che usa e lavora con l\u2019Intelligenza Artificiale da due anni.<\/p>\n<p>A Natale \u00e8 infatti previsto un <strong>cofanetto per festeggiare i 60 anni di carriera<\/strong>, con 10 nuove canzoni. \u201cIo <strong>lavoro con l\u2019AI da due anni e mezzo<\/strong>, mi fa i provini. La maggior parte degli autori sono maschili, ma io non ho un\u2019idea se va bene per me. Subito mi fa il provino con una voce che somiglia alla mia\u201d. Poi, una piccola sorpresa per la Berti: \u00e8 stato mandato in onda un filmato da parte del figlio Otis, che si sposa sabato 13 giugno.<\/p>\n<p>Luca Barbareschi, \u201cinfedele seriale\u201d. Voto: 5<\/p>\n<p>Tra gli ospiti in studio nella puntata dell\u20198 giugno de La Volta Buona anche <strong>Luca Barbareschi<\/strong>, presentato agli occhi del pubblico come un \u201cinfedele seriale\u201d. Ma a dirlo \u00e8 stato lui stesso: \u201cNon credo di <strong>essere adatto per il matrimonio<\/strong>, sono faticoso. Compio 70 anni quest\u2019anno, mi d\u00e0 ansia adesso rimanere un po\u2019 solo\u201d.<\/p>\n<p>Non si \u00e8 lasciato sfuggire la possibilit\u00e0 di <strong>commentare quanto discusso in studio<\/strong>, come il tema dell\u2019Intelligenza Artificiale: \u201cMolte soubrette erano con l\u2019intelligenza artificiale anche prima\u201d. Ma Caterina Balivo non \u00e8 stata d\u2019accordo con lui. E mentre Barbareschi stava parlando per spiegare il suo pensiero, \u00e8 stato mandato in onda un servizio sull\u2019infedelt\u00e0, interrompendo il suo discorso.<\/p>\n<p>Dua Lipa balla sulle polemiche del matrimonio. Voto: 5<\/p>\n<p>Uno dei temi di cui si sta parlando di pi\u00f9 e per questo motivo non ci sentiamo di dare un voto alto: bene ha fatto <a href=\"https:\/\/dilei.it\/star-e-vip\/dua-lipa\/\" rel=\"nofollow noopener\" target=\"_blank\">Dua Lipa<\/a> a festeggiare a Palermo, dopo il <a href=\"https:\/\/dilei.it\/vip\/dua-lipa-callum-turner-matrimonio-look\/2397541\/\" rel=\"nofollow noopener\" target=\"_blank\">matrimonio a sorpresa a Londra<\/a>, ma \u00e8 il momento di andare avanti. La citt\u00e0 ha reagito alla presenza delle star, dei vip, degli ospiti di Dua e di Callum, e il tutto \u00e8 costato \u2013 forse \u2013 addirittura <strong>3 milioni di euro<\/strong>, pi\u00f9 di quanto preventivato inizialmente (ovvero 1,5 milioni). Ma anche chi ha avuto la possibilit\u00e0 di lavorare al matrimonio o di averci anche solo lontanamente a che fare non pu\u00f2 rivelare molti dettagli: esiste un patto di riservatezza a riguardo. Giovani, innamorati, hanno organizzato una meravigliosa festa, e allora \u00e8 il momento che si godano la loro vita insieme.<\/p>\n<p>Caterina Balivo confusa: troppi matrimoni. Voto: 8<\/p>\n<p>Troppi matrimoni in questi giorni: oltre a Callum Turner e Dua Lipa, sono convolati a nozze anche <a href=\"https:\/\/dilei.it\/reali\/fotonotizia\/peter-phillips-harriet-sperling-matrimonio-look-invitati\/2407951\/\" rel=\"nofollow noopener\" target=\"_blank\">Peter Phillips e Harriet Sperling<\/a>. Naturalmente a La Volta Buona si \u00e8 discusso del tema con la corrispondente Nicoletta: c\u2019\u00e8 stato solo un piccolo intoppo che ha confuso leggermente Caterina Balivo all\u2019inizio, ma ha saputo <strong>riprendere il filo del programma<\/strong> con una battuta leggera.<\/p>\n<p>Il <strong>servizio su Peter Phillips e Harriet Sperling<\/strong> \u00e8 stato mandato in onda dopo quello di Dua e Callum, quindi la corrispondente ha parlato della coppia di vip e non del nipote di Re Carlo. \u201cC\u2019\u00e8 stato il matrimonio a Londra, a sorpresa\u201d. Ma la Balivo ha intuito l\u2019equivoco in pochi secondi: \u201cNon abbiamo detto chi si \u00e8 sposato\u201d. E quando la risposta \u00e8 stata \u201cCallum Turner\u201d, la Balivo si \u00e8 scusata: \u201cAspetta, Nicoletta, scusaci, per\u00f2 non si \u00e8 sposato anche il <strong>nipote di Re Carlo<\/strong>?\u201d. Per fortuna, equivoco chiarito e servizio mandato in onda.<\/p>\n<p>Il saluto a Fiorello e Amadeus. Voto: 10<\/p>\n<p>A chi mancano gli Amarello? A tutti! Probabilmente anche a Caterina Balivo, che ha salutato <a href=\"https:\/\/dilei.it\/star-e-vip\/fiorello\/\" rel=\"nofollow noopener\" target=\"_blank\">Fiorello<\/a> e <a href=\"https:\/\/dilei.it\/star-e-vip\/amadeus\/\" rel=\"nofollow noopener\" target=\"_blank\">Amadeus<\/a> cogliendo la palla al balzo presentando Valerio Palmieri di Chi. Proprio Amadeus conduce il Premio Ravera \u2013 Una canzone \u00e8 per sempre, il 20 giugno: \u201cAmadeus non parla da due anni\u201d, ha detto Palmieri, riferendosi alla possibilit\u00e0 di un\u2019intervista. E la Balivo ha menzionato l\u2019ospitata speciale di Amadeus da Fiorello: \u201cChiss\u00e0, magari staranno riposando con noi\u201d.<\/p>\n<p>Sanremo, primi indizi. Voto: 8<\/p>\n<p><strong>Fausto Leali<\/strong>, ospite in studio, ha detto di aver gi\u00e0 dato: non dovremmo attenderlo a Sanremo, ma Orietta Berti potrebbe riservare sorprese. Abbiamo gi\u00e0 le date del Festival, <strong>dal 16 al 20 febbraio<\/strong>. E tutto \u00e8 in fibrillazione per le scelte di Stefano De Martino, inclusa la possibilit\u00e0 di <a href=\"https:\/\/dilei.it\/spettacolo\/gerry-scotti-stefano-de-martino-sanremo-2027\/2403161\/\" rel=\"nofollow noopener\" target=\"_blank\">vedere Gerry Scotti al suo fianco<\/a> per una serata, o anche solo per un cameo.<\/p>\n<p>Belen torna in pubblico. Voto: 10<\/p>\n<p>Belen \u00e8 <strong>tornata in pubblico<\/strong>: ha ripreso a pubblicare sui social, e il \u201cmomento no\u201d sembra ormai alle spalle. Sta ripartendo dopo <strong>giorni decisamente complessi<\/strong>, ma al suo fianco ci sono le persone che pi\u00f9 le vogliono bene: la famiglia, gli amici, inclusa la storica manager con cui si \u00e8 concessa un pranzo all\u2019aperto, immortalata dai fotografi di Chi. Finalmente \u00e8 comparso un sorriso sul volto della conduttrice.<\/p>\n<p>\t\t\t\tScopri i personaggi in trend, le storie del momento e molto altro.<br \/>Dove? Sul <a href=\"https:\/\/whatsapp.com\/channel\/0029Vb68mVyHVvTWezDm7d0R\" target=\"_blank\" rel=\"noopener nofollow\">canale WhatsApp di DiLei!<\/a><\/p>\n<p>\t\t\t<a class=\"buttonCall\" href=\"https:\/\/whatsapp.com\/channel\/0029Vb68mVyHVvTWezDm7d0R\" target=\"_blank\" rel=\"noopener nofollow\" title=\"Seguici su WhatsApp\"><br \/>\n\t\t\t\tSeguici su WhatsApp<br \/>\n\t\t\t<\/a><\/p>\n","protected":false},"excerpt":{"rendered":"Puntata davvero \u201ccaotica\u201d, quella dell\u20198 giugno 2026 de La Volta Buona, il talk condotto da Caterina Balivo su&hellip;\n","protected":false},"author":3,"featured_media":529651,"comment_status":"","ping_status":"","sticky":false,"template":"","format":"standard","meta":{"footnotes":"","_share_on_mastodon":"0"},"categories":[174],"tags":[39049,6651,203,204,1537,90,89,41581,214,196],"class_list":["post-529650","post","type-post","status-publish","format-standard","has-post-thumbnail","category-intrattenimento","tag-caterina-balivo","tag-dua-lipa","tag-entertainment","tag-intrattenimento","tag-it","tag-italia","tag-italy","tag-orietta-berti","tag-spettacolo","tag-tecnologia"],"share_on_mastodon":{"url":"https:\/\/pubeurope.com\/@it\/116715663432491443","error":""},"_links":{"self":[{"href":"https:\/\/www.europesays.com\/it\/wp-json\/wp\/v2\/posts\/529650","targetHints":{"allow":["GET"]}}],"collection":[{"href":"https:\/\/www.europesays.com\/it\/wp-json\/wp\/v2\/posts"}],"about":[{"href":"https:\/\/www.europesays.com\/it\/wp-json\/wp\/v2\/types\/post"}],"author":[{"embeddable":true,"href":"https:\/\/www.europesays.com\/it\/wp-json\/wp\/v2\/users\/3"}],"replies":[{"embeddable":true,"href":"https:\/\/www.europesays.com\/it\/wp-json\/wp\/v2\/comments?post=529650"}],"version-history":[{"count":0,"href":"https:\/\/www.europesays.com\/it\/wp-json\/wp\/v2\/posts\/529650\/revisions"}],"wp:featuredmedia":[{"embeddable":true,"href":"https:\/\/www.europesays.com\/it\/wp-json\/wp\/v2\/media\/529651"}],"wp:attachment":[{"href":"https:\/\/www.europesays.com\/it\/wp-json\/wp\/v2\/media?parent=529650"}],"wp:term":[{"taxonomy":"category","embeddable":true,"href":"https:\/\/www.europesays.com\/it\/wp-json\/wp\/v2\/categories?post=529650"},{"taxonomy":"post_tag","embeddable":true,"href":"https:\/\/www.europesays.com\/it\/wp-json\/wp\/v2\/tags?post=529650"}],"curies":[{"name":"wp","href":"https:\/\/api.w.org\/{rel}","templated":true}]}}