{"id":529752,"date":"2026-06-08T19:05:20","date_gmt":"2026-06-08T19:05:20","guid":{"rendered":"https:\/\/www.europesays.com\/it\/529752\/"},"modified":"2026-06-08T19:05:20","modified_gmt":"2026-06-08T19:05:20","slug":"calciomercato-inter-il-fenerbahce-continua-il-pressing-su-calhanoglu","status":"publish","type":"post","link":"https:\/\/www.europesays.com\/it\/529752\/","title":{"rendered":"Calciomercato Inter, il Fenerbah\u00e7e continua il pressing su Calhanoglu"},"content":{"rendered":"<p>                                Aziz\u00a0Y\u0131ld\u0131r\u0131m, nuovo patron dei gialloblu, avrebbe gi\u00e0 avviato i primi contatti con il giocatore. La societ\u00e0 nerazzurra non pensa a vendere il suo regista<\/p>\n<p>            <a class=\"image is-50x50\" href=\"https:\/\/www.gazzetta.it\/redazione\/filippo-conticello\/\" rel=\"nofollow noopener\" target=\"_blank\"><br \/>\n                <img decoding=\"async\" class=\"is-rounded\" src=\"https:\/\/www.europesays.com\/it\/wp-content\/uploads\/2025\/10\/filippo_conticello_avatar.png\" alt=\"Filippo Conticello\"\/><br \/>\n            <\/a><\/p>\n<p>Giornalista<\/p>\n<p>                    8 giugno &#8211; 19:22  &#8211; MILANO<\/p>\n<p class=\"paragraph\" spellcheck=\"true\">L\u2019eterno ritorno dei club turchi su Calha, l\u2019eterno stop interista a qualsiasi velleit\u00e0 dal Bosforo. Neanche la sconfitta di Hakan Safi, il candidato alla presidenza del Fenerbah\u00e7e che aveva sbandierato l\u2019interista come gagliardetto elettorale per settimane, ha spento il rumore attorno al regista, capitano della Nazionale di Montella.<\/p>\n<p>    scenari\u2014 \u00a0<\/p>\n<p class=\"paragraph is-inline\" spellcheck=\"true\">Anche Aziz Y\u0131ld\u0131r\u0131m, vincitore alle urne e ora tornato ufficialmente alla guida del club di Istanbul, potrebbe essere intenzionato a seguire la stessa strada dell\u2019avversario alle elezioni. Secondo quanto riportato dai media turchi nelle ore successive al voto, infatti, Y\u0131ld\u0131r\u0131m avrebbe gi\u00e0 avviato i primi contatti per valutare la fattibilit\u00e0 dell&#8217;operazione. Insomma, il fronte Calha \u00e8 tutt\u2019altro che vicino al raffreddamento, anzi sembra di sentire il solito refrain alle orecchie dei dirigenti nerazzurri. Lo scenario ai piani alti del Fenerbah\u00e7e non sarebbe cambiato anche perch\u00e9 lo stesso Hakan \u00e8 considerato dalla nuova guida del club come il profilo ideale per rilanciare il progetto sportivo dopo il campionato vinto dagli arcirivali del Galatasaray.\u00a0<\/p>\n<p><a class=\"is-partner-link\" href=\"https:\/\/fantacampionato.gazzetta.it\/home?intcmp=CTAMondiale26\" rel=\"nofollow noopener\" target=\"_blank\">Dimostra di essere il migliore: il fantaconcorso pi\u00f9 ricco d&#8217;Italia diventa Mondiale! Abbonati a soli 9,99\u20ac<\/a><\/p>\n<p>    ostacoli\u2014 \u00a0<\/p>\n<p class=\"paragraph is-inline\" spellcheck=\"true\">Come sempre, per\u00f2, resta l&#8217;ostacolo pi\u00f9 difficile, ovvero l\u2019Inter, pronta a erigere un muro altissimo: il club nerazzurro non intende privarsi di uno dei suoi elementi pi\u00f9 strategici, ora in ritiro con Montella e concentrato solo sul recupero fisico, al punto di non dare troppe notizie di s\u00e9 a Milano. L\u2019Inter considera Calhanoglu uno degli uomini chiave e chiude le porte a ogni contatto col Fenerbah\u00e7e, indipendentemente dal presidente di turno, cos\u00ec come aveva fatto col Galatasaray fiondatosi sulla preda un anno fa. L\u2019intoccabilit\u00e0 di Hakan \u00e8 una scelta dirigenziale, nonostante abbia un solo anno di contratto, ma anche tecnica, deliberata da Cristian Chivu in prima persona.<\/p>\n<p class=\"is-copyright\">\u00a9 RIPRODUZIONE RISERVATA<\/p>\n","protected":false},"excerpt":{"rendered":"Aziz\u00a0Y\u0131ld\u0131r\u0131m, nuovo patron dei gialloblu, avrebbe gi\u00e0 avviato i primi contatti con il giocatore. La societ\u00e0 nerazzurra non&hellip;\n","protected":false},"author":3,"featured_media":529753,"comment_status":"","ping_status":"","sticky":false,"template":"","format":"standard","meta":{"footnotes":"","_share_on_mastodon":"0"},"categories":[1452],"tags":[4431,292410,292411,52689,292412,721,1751,554,4435,24905,596,1740,2246,3453,292413,2247,350,6041,1537,90,89,129204,4092,135,1739,245,244,292409],"class_list":["post-529752","post","type-post","status-publish","format-standard","has-post-thumbnail","category-calcio","tag-avviato","tag-avviato-primi","tag-avviato-primi-contatti","tag-aziz","tag-aziz-yildirim","tag-calcio","tag-calha","tag-club","tag-contatti","tag-eterno","tag-fenerbahce","tag-football","tag-galatasaray","tag-guida","tag-guida-club","tag-hakan","tag-inter","tag-interista","tag-it","tag-italia","tag-italy","tag-montella","tag-muro","tag-presidente","tag-soccer","tag-sport","tag-sports","tag-yildirim"],"share_on_mastodon":{"url":"https:\/\/pubeurope.com\/@it\/116716053372164468","error":""},"_links":{"self":[{"href":"https:\/\/www.europesays.com\/it\/wp-json\/wp\/v2\/posts\/529752","targetHints":{"allow":["GET"]}}],"collection":[{"href":"https:\/\/www.europesays.com\/it\/wp-json\/wp\/v2\/posts"}],"about":[{"href":"https:\/\/www.europesays.com\/it\/wp-json\/wp\/v2\/types\/post"}],"author":[{"embeddable":true,"href":"https:\/\/www.europesays.com\/it\/wp-json\/wp\/v2\/users\/3"}],"replies":[{"embeddable":true,"href":"https:\/\/www.europesays.com\/it\/wp-json\/wp\/v2\/comments?post=529752"}],"version-history":[{"count":0,"href":"https:\/\/www.europesays.com\/it\/wp-json\/wp\/v2\/posts\/529752\/revisions"}],"wp:featuredmedia":[{"embeddable":true,"href":"https:\/\/www.europesays.com\/it\/wp-json\/wp\/v2\/media\/529753"}],"wp:attachment":[{"href":"https:\/\/www.europesays.com\/it\/wp-json\/wp\/v2\/media?parent=529752"}],"wp:term":[{"taxonomy":"category","embeddable":true,"href":"https:\/\/www.europesays.com\/it\/wp-json\/wp\/v2\/categories?post=529752"},{"taxonomy":"post_tag","embeddable":true,"href":"https:\/\/www.europesays.com\/it\/wp-json\/wp\/v2\/tags?post=529752"}],"curies":[{"name":"wp","href":"https:\/\/api.w.org\/{rel}","templated":true}]}}