{"id":529828,"date":"2026-06-08T20:26:14","date_gmt":"2026-06-08T20:26:14","guid":{"rendered":"https:\/\/www.europesays.com\/it\/529828\/"},"modified":"2026-06-08T20:26:14","modified_gmt":"2026-06-08T20:26:14","slug":"jashari-e-pavlovic-lintenzione-e-quella-di-restare-al-milan","status":"publish","type":"post","link":"https:\/\/www.europesays.com\/it\/529828\/","title":{"rendered":"Jashari e Pavlovic, l&#8217;intenzione \u00e8 quella di restare al Milan"},"content":{"rendered":"<p>                                Lo svizzero e il serbo daranno, su basi diverse, priorit\u00e0 al Diavolo: Ardon vuole rifarsi dopo una stagione piena di problemi, Strahinja dare continuit\u00e0 in termini personali a una crescita evidente<\/p>\n<p class=\"paragraph\" spellcheck=\"true\">Per qualcuno \u00e8 la mancanza della Champions, per qualcun altro quella di Allegri, per altri ancora l&#8217;incertezza progettuale. In questo momento chi \u00e8 un tesserato del Milan \u00e8 portato a riflettere parecchio e ognuno di loro potrebbe in teoria avere un buon motivo per non vedersi a Milanello quando scatter\u00e0 la nuova stagione. Per\u00f2, in mezzo a mille incertezze e accanto a qualche compagno che probabilmente \u00e8 davvero destinato a svuotare l&#8217;armadietto, c&#8217;\u00e8 anche chi invece dice no. No alle preclusioni e ai preconcetti. Perch\u00e9 c&#8217;\u00e8 anche chi, nonostante tutto, sar\u00e0 contento di rimanere. Sono i giocatori che, in base a com&#8217;\u00e8 andata la stagione passata e al momento specifico della carriera in cui si trovano ora, preferiscono pensare di proseguire in rossonero. Ovviamente nella convinzione che i guai di quest&#8217;anno non si ripeteranno.<\/p>\n<p>        intenzione\u2014 \u00a0<\/p>\n<p class=\"paragraph\" spellcheck=\"true\">In quest&#8217;ambito spiccano soprattutto due nomi: Jashari e Pavlovic. Arrivano da una stagione molto diversa per impiego e legame con l&#8217;allenatore, ma sono accomunati dall&#8217;intenzione di restare al Milan. Lo svizzero lo ha gi\u00e0 detto chiaramente nei giorni scorsi ai suoi agenti: la volont\u00e0, forte, \u00e8 quella di rimanere perch\u00e9, al netto del contratto, il desiderio \u00e8 quello di mettersi alla prova e dimostrarsi all&#8217;altezza lungo una stagione &#8220;vera&#8221;. E non trascorsa perennemente a inseguire una forma mai realmente raggiunta dopo il crac al perone. A pesare nel bilancio personale di Ardon c&#8217;\u00e8 anche la consapevolezza di essere stato il secondo investimento pi\u00f9 oneroso (34 milioni pi\u00f9 bonus) della scorsa estate dopo Nkunku. Pensare di cambiare aria, a 24 anni (da compiere a fine luglio), solo perch\u00e9 la prima avventura non \u00e8 andata a buon fine, sarebbe controproducente e non gioverebbe alla sua immagine. Anche se poi in realt\u00e0 non \u00e8 una questione di immagine: Jashari \u00e8 un ragazzo che ama mettersi in gioco e lottare per i propri obiettivi. Oltretutto, vista l&#8217;incertezza sulla permanenza di Modric e Rabiot, all&#8217;orizzonte per lui potrebbe esserci molto pi\u00f9 spazio. Lo svizzero \u00e8 un profilo che ha mercato e fa gola, all&#8217;estero e anche in Italia (Juve, soprattutto), ma \u00e8 intenzionato a non muoversi.<\/p>\n<p><a class=\"is-partner-link\" href=\"https:\/\/fantacampionato.gazzetta.it\/home?intcmp=CTAMondiale26\" rel=\"nofollow noopener\" target=\"_blank\">Dimostra di essere il migliore: il fantaconcorso pi\u00f9 ricco d&#8217;Italia diventa Mondiale! Abbonati a soli 9,99\u20ac<\/a><\/p>\n<p>        sgrezzato\u2014 \u00a0<\/p>\n<p class=\"paragraph\" spellcheck=\"true\">Lo stesso vale per Pavlovic, sebbene il serbo sia in teoria uno dei rossoneri pi\u00f9 appetibili sul mercato dopo un&#8217;annata di enorme crescita. Lui, come Jashari, vorrebbe restare dov&#8217;\u00e8 e quindi il &#8220;pericolo&#8221; semmai potrebbe arrivare nel caso in cui in via Aldo Rossi citofoni qualcuno con un&#8217;offerta irrinunciabile (piace allo United, per esempio). Questa \u00e8 l&#8217;unica opzione per immaginare un Milan &#8217;26-27 senza di lui. Allegri lo ha plasmato, sgrezzato e armato con abilit\u00e0 offensive insospettabili. Il resto ce l&#8217;ha messo lui: nella seconda parte di stagione ha provato, assieme a pochissimi altri, a essere d&#8217;esempio per spirito e atteggiamento all&#8217;interno di un gruppo che stava affondando. La missione purtroppo \u00e8 fallita ma Strahinja \u00e8 uscito migliorato e fortificato da questa annata. Tra l&#8217;altro, se davvero arrivasse Glasner, potrebbe continuare a giocare nell&#8217;ambito di una difesa a tre sicuramente a lui pi\u00f9 congeniale rispetto alla linea a quattro. Un allenatore a lui gradito, cos\u00ec come sarebbe gradito avere un dt come Rangnick: Pavlovic prima di sbarcare a Milanello giocava a Salisburgo, roccaforte Red Bull da cui \u00e8 passato Glasner una dozzina d&#8217;anni fa e dove Rangnick ha portato avanti il suo modello di calcio in campo e fuori.<\/p>\n<p class=\"is-copyright\">\u00a9 RIPRODUZIONE RISERVATA<\/p>\n","protected":false},"excerpt":{"rendered":"Lo svizzero e il serbo daranno, su basi diverse, priorit\u00e0 al Diavolo: Ardon vuole rifarsi dopo una stagione&hellip;\n","protected":false},"author":3,"featured_media":529829,"comment_status":"","ping_status":"","sticky":false,"template":"","format":"standard","meta":{"footnotes":"","_share_on_mastodon":"0"},"categories":[1452],"tags":[3076,1960,1017,1961,8234,9604,1034,721,1307,1278,1740,110555,261191,14367,6852,9874,7292,1537,90,89,601,292440,1412,45325,553,23161,8012,5385,1916,282518,14751,25799,12154,292441,1739,337,245,244,577,175250,10947],"class_list":["post-529828","post","type-post","status-publish","format-standard","has-post-thumbnail","category-calcio","tag-allegri","tag-allenatore","tag-ambito","tag-andata","tag-annata","tag-ardon","tag-buon","tag-calcio","tag-crescita","tag-davvero","tag-football","tag-fuggi","tag-glasner","tag-gradito","tag-immagine","tag-incertezza","tag-intenzione","tag-it","tag-italia","tag-italy","tag-jashari","tag-jashari-pavlovic","tag-mercato","tag-mettersi","tag-milan","tag-milanello","tag-pavlovic","tag-pensare","tag-portato","tag-rangnick","tag-restare","tag-rimanere","tag-serbo","tag-sgrezzato","tag-soccer","tag-soprattutto","tag-sport","tag-sports","tag-stagione","tag-strahinja","tag-svizzero"],"share_on_mastodon":{"url":"https:\/\/pubeurope.com\/@it\/116716371654309132","error":""},"_links":{"self":[{"href":"https:\/\/www.europesays.com\/it\/wp-json\/wp\/v2\/posts\/529828","targetHints":{"allow":["GET"]}}],"collection":[{"href":"https:\/\/www.europesays.com\/it\/wp-json\/wp\/v2\/posts"}],"about":[{"href":"https:\/\/www.europesays.com\/it\/wp-json\/wp\/v2\/types\/post"}],"author":[{"embeddable":true,"href":"https:\/\/www.europesays.com\/it\/wp-json\/wp\/v2\/users\/3"}],"replies":[{"embeddable":true,"href":"https:\/\/www.europesays.com\/it\/wp-json\/wp\/v2\/comments?post=529828"}],"version-history":[{"count":0,"href":"https:\/\/www.europesays.com\/it\/wp-json\/wp\/v2\/posts\/529828\/revisions"}],"wp:featuredmedia":[{"embeddable":true,"href":"https:\/\/www.europesays.com\/it\/wp-json\/wp\/v2\/media\/529829"}],"wp:attachment":[{"href":"https:\/\/www.europesays.com\/it\/wp-json\/wp\/v2\/media?parent=529828"}],"wp:term":[{"taxonomy":"category","embeddable":true,"href":"https:\/\/www.europesays.com\/it\/wp-json\/wp\/v2\/categories?post=529828"},{"taxonomy":"post_tag","embeddable":true,"href":"https:\/\/www.europesays.com\/it\/wp-json\/wp\/v2\/tags?post=529828"}],"curies":[{"name":"wp","href":"https:\/\/api.w.org\/{rel}","templated":true}]}}