{"id":529860,"date":"2026-06-08T20:54:15","date_gmt":"2026-06-08T20:54:15","guid":{"rendered":"https:\/\/www.europesays.com\/it\/529860\/"},"modified":"2026-06-08T20:54:15","modified_gmt":"2026-06-08T20:54:15","slug":"italia-albania-under-21-1-0-gol-di-calvani","status":"publish","type":"post","link":"https:\/\/www.europesays.com\/it\/529860\/","title":{"rendered":"Italia-Albania Under 21 1-0: gol di Calvani"},"content":{"rendered":"<p>                                Il difensore del Frosinone regala il successo al ct ad interim degli azzurrini in una gara affrontata con la maggioranza dei giocatori impegnati tra i &#8220;grandi&#8221; con Baldini<\/p>\n<p class=\"paragraph\" spellcheck=\"true\">L&#8217;Under 21 &#8220;vera&#8221; si fa valere tra i grandi, quella &#8220;sperimentale&#8221; affidata a Nunziata la sostituisce con la stessa efficacia. Calvani, 2004 che ha gi\u00e0 esordito con Baldini e ha 35 presenze in B con il Frosinone, decide l&#8217;amichevole con l&#8217;Albania che chiude la stagione.\u00a0<\/p>\n<p>    azzurri al comando\u2014 \u00a0<\/p>\n<p class=\"paragraph is-inline\" spellcheck=\"true\">Nunziata sceglie il 4-3-2-1, la formula che ha contraddistinto gran parte del suo curriculum azzurro: Rao e Vavassori a supporto di Lavelli formano un tridente stretto che lascia ai terzini lo spazio per spingere sulle ali. La giovanissima Italia, pur comandando la palla con la regia di Rispoli, la fa girare con troppa lentezza e cos\u00ec le vie di accesso centrali, dove gli azzurrini vorrebbero imporre la tecnica, vengono intasate dal muro dell&#8217;Albania, che difende 5+3 ed \u00e8 molto pi\u00f9 fisica dei nostri. Calvani, che ha gi\u00e0 giocato nell&#8217;Under 21 &#8220;vera&#8221;, \u00e8 tra i pochi a reggere il confronto e si aggiunge alla spinta, poco arriva dalle mezzeali Mannini e Zeroli, quasi niente dai tre davanti. La poca coesione di una squadra che non \u00e8 abituata a giocare insieme \u00e8 evidente. Gli unici sbocchi sono a sinistra, dove il piede di Cama &#8211; campione d&#8217;Europa Under 17 nel 2024 &#8211; non risulta particolarmente preciso al cross. Gli unici brividi arrivano allora nei dintorni della porta di Torriani, portierino di Milan Futuro: Perndreca fa soffrire Amey e calcia di poco fuori con il sinistro al 9&#8242;, Toma frusta di testa al 19&#8242; e spedisce di poco alto, Dodaj ci riprova ancora di testa in chiusura di primo tempo e allarga la mira.\u00a0<\/p>\n<p><a class=\"is-partner-link\" href=\"https:\/\/fantacampionato.gazzetta.it\/home?intcmp=CTAMondiale26\" rel=\"nofollow noopener\" target=\"_blank\">Dimostra di essere il migliore: il fantaconcorso pi\u00f9 ricco d&#8217;Italia diventa Mondiale! Abbonati a soli 9,99\u20ac<\/a><\/p>\n<p>    l&#8217;intensit\u00e0 aumenta\u2014 \u00a0<\/p>\n<p class=\"paragraph is-inline\" spellcheck=\"true\">I sei cambi a inizio ripresa permettono all&#8217;Italia di tenere alta l&#8217;intensit\u00e0 e il ritmo del possesso. Il primo pericolo \u00e8 ancora albanese e ancora da un sinistro di Perndreca, fuori di poco, ma gli azzurrini aggrediscono, pressano in riconquista, cominciano a trovare combinazioni. L&#8217;inserimento di Alesi e poi di Nuamah compone una mediana che si conosce bene &#8211; hanno giocato tutti e tre a Catanzaro -, la circolazione diventa pi\u00f9 fluida e arriva il gol. Alesi aggancia splendidamente un palla scodellata da Moruzzi, affonda e trova libero sul secondo palo Calvani, che come nel primo tempo aveva avviato l&#8217;azione ma stavolta accompagna fino all&#8217;area avversaria chiudendo a porta vuota. Il vantaggio scioglie i nostri che vanno ancora al tiro con Moruzzi e Bakoune, senza mira, ma \u00e8 dimostrazione di voler comandare la partita senza accontentarsi. La partita si incattivisce &#8211; brutti interventi di Perndreca su Bakoune e di Brruti su Ciammaglichella -, l\u2019Italia la porta a casa con determinazione e senza distrazioni.<\/p>\n<p class=\"is-copyright\">\u00a9 RIPRODUZIONE RISERVATA<\/p>\n","protected":false},"excerpt":{"rendered":"Il difensore del Frosinone regala il successo al ct ad interim degli azzurrini in una gara affrontata con&hellip;\n","protected":false},"author":3,"featured_media":510853,"comment_status":"","ping_status":"","sticky":false,"template":"","format":"standard","meta":{"footnotes":"","_share_on_mastodon":"0"},"categories":[1452],"tags":[20623,292478,23729,81718,2478,65203,292476,65204,721,292474,3220,1740,5281,2267,1251,12132,1537,90,89,4076,69957,87830,3171,1290,292475,98,3096,1739,34389,245,244,1928,4315,292477,68520,2475],"class_list":["post-529860","post","type-post","status-publish","format-standard","has-post-thumbnail","category-calcio","tag-abituata","tag-abituata-giocare","tag-albania","tag-alesi","tag-arriva","tag-azzurrini","tag-bakoune","tag-baldini","tag-calcio","tag-calvani","tag-chiude","tag-football","tag-frosinone","tag-giocato","tag-grandi","tag-intensita","tag-it","tag-italia","tag-italy","tag-mira","tag-moruzzi","tag-nunziata","tag-palla","tag-partita","tag-perndreca","tag-porta","tag-sinistro","tag-soccer","tag-sperimentale","tag-sport","tag-sports","tag-testa","tag-under","tag-under-vera","tag-unici","tag-vera"],"share_on_mastodon":{"url":"https:\/\/pubeurope.com\/@it\/116716481588884346","error":""},"_links":{"self":[{"href":"https:\/\/www.europesays.com\/it\/wp-json\/wp\/v2\/posts\/529860","targetHints":{"allow":["GET"]}}],"collection":[{"href":"https:\/\/www.europesays.com\/it\/wp-json\/wp\/v2\/posts"}],"about":[{"href":"https:\/\/www.europesays.com\/it\/wp-json\/wp\/v2\/types\/post"}],"author":[{"embeddable":true,"href":"https:\/\/www.europesays.com\/it\/wp-json\/wp\/v2\/users\/3"}],"replies":[{"embeddable":true,"href":"https:\/\/www.europesays.com\/it\/wp-json\/wp\/v2\/comments?post=529860"}],"version-history":[{"count":0,"href":"https:\/\/www.europesays.com\/it\/wp-json\/wp\/v2\/posts\/529860\/revisions"}],"wp:featuredmedia":[{"embeddable":true,"href":"https:\/\/www.europesays.com\/it\/wp-json\/wp\/v2\/media\/510853"}],"wp:attachment":[{"href":"https:\/\/www.europesays.com\/it\/wp-json\/wp\/v2\/media?parent=529860"}],"wp:term":[{"taxonomy":"category","embeddable":true,"href":"https:\/\/www.europesays.com\/it\/wp-json\/wp\/v2\/categories?post=529860"},{"taxonomy":"post_tag","embeddable":true,"href":"https:\/\/www.europesays.com\/it\/wp-json\/wp\/v2\/tags?post=529860"}],"curies":[{"name":"wp","href":"https:\/\/api.w.org\/{rel}","templated":true}]}}