{"id":530296,"date":"2026-06-09T05:01:19","date_gmt":"2026-06-09T05:01:19","guid":{"rendered":"https:\/\/www.europesays.com\/it\/530296\/"},"modified":"2026-06-09T05:01:19","modified_gmt":"2026-06-09T05:01:19","slug":"juve-kolo-muani-strappo-con-il-psg-calciomercato","status":"publish","type":"post","link":"https:\/\/www.europesays.com\/it\/530296\/","title":{"rendered":"Juve, Kolo Muani: strappo con il Psg? | Calciomercato"},"content":{"rendered":"<p>                                L&#8217;attaccante ha rifiutato la Turchia e non vuole accettare nulla che non siano i bianconeri: terr\u00e0 fede al patto con la Signora, il Psg rischia un altro prestito<\/p>\n<p class=\"paragraph\" spellcheck=\"true\">Randal Kolo Muani vede soltanto in bianco e nero. Non a causa di qualche problema con il televisore di casa, ma perch\u00e9 \u00e8 determinatissimo a rivestire la maglia della Juventus al pi\u00f9 presto, senza considerare piani B. Lo ha comunicato da tempo ai dirigenti della Signora e pure a quelli del Paris Saint-Germain che ne detengono il cartellino. Ma adesso sembra pronto a chiarirlo anche con i fatti oltre che con le parole.<\/p>\n<p>        braccio di ferro\u2014 \u00a0<\/p>\n<p class=\"paragraph\" spellcheck=\"true\">Appena sono circolate nuove voci di possibili trasferimenti altrove, verso la ricca Turchia nello specifico, l&#8217;attaccante francese ha ricordato ai parigini che non ne vuole sapere di accettare destinazioni che non siano Torino. Il messaggio \u00e8 che, per quanto tecnicamente tutte le parti in causa debbano accordarsi sulla sua uscita, a pagare le conseguenze delle tempistiche dilatate sarebbe soprattutto il club, che ha gi\u00e0 palesato fretta di &#8220;liberarsi&#8221; della punta. Il motivo che sostiene la convinzione di Kolo Muani \u00e8 semplice: la scorsa estate i discorsi tra Juventus e Psg deragliarono per via delle richieste folli in arrivo dalla Francia &#8211; 70 milioni di euro &#8211; e il risultato fu che sotto alla Torre Eiffel non incassarono nulla, trovandosi costretti a riparare in extremis su un prestito al Newcastle. Se oggi l&#8217;obiettivo societario \u00e8 di incassare circa 35 milioni di euro, il rischio di proporre altre squadre a Kolo Muani \u00e8 quello di un epilogo simile al 2025 se davvero Randal \u00e8 cos\u00ec focalizzato sulla Signora, con il fuoco che arde dalla scintilla scattata un anno fa nei mesi di prestito tra gennaio e giugno.<\/p>\n<p><a class=\"is-partner-link\" href=\"https:\/\/fantacampionato.gazzetta.it\/home?intcmp=CTAMondiale26\" rel=\"nofollow noopener\" target=\"_blank\">Dimostra di essere il migliore: il fantaconcorso pi\u00f9 ricco d&#8217;Italia diventa Mondiale! Abbonati a soli 9,99\u20ac<\/a><\/p>\n<p>        dentro o fuori\u2014 \u00a0<\/p>\n<p class=\"paragraph\" spellcheck=\"true\">Patto saldo con la Juventus, insomma, e messaggio chiaro al Psg. L&#8217;erede di Dusan Vlahovic vuole essere lui, Kolo Muani: anche se la Juventus ha in programma di prendere due nuove punte, Randal non ha intenzione di perdere la priorit\u00e0 in entrata alla Continassa e per questo sta lavorando sodo per perorare la causa. \u00c8 pronto a puntare i piedi per la Signora, anche considerando che ad agosto fu lui stesso il primo a restare profondamente deluso del naufragio della trattativa tra le societ\u00e0. Societ\u00e0 che sono in contatto quasi quotidianamente per mediare su questa operazione, consapevoli che per entrambe il piatto in tavola sia la soluzione pi\u00f9 logica, in grado di risolvere i rispettivi problemi e voltare pagina per un calciomercato che sar\u00e0 pi\u00f9 complesso del solito visto il Mondiale pronto a sparigliare le carte sugli altri obiettivi. Lo strappo non \u00e8 mai la prima soluzione a disposizione, ma il francese vuole assicurarsi che non ci siano dubbi tra i dirigenti del Psg: se davvero vogliono alleggerire il monte ingaggi e chiudere l\u2019opaco capitolo di Kolo Muani in Ligue 1, conviene loro mettersi davvero al tavolo con la Juventus. A 27 anni, sente che la Signora \u00e8 il treno giusto: non vuole perderlo una seconda volta.<\/p>\n<p class=\"is-copyright\">\u00a9 RIPRODUZIONE RISERVATA<\/p>\n","protected":false},"excerpt":{"rendered":"L&#8217;attaccante ha rifiutato la Turchia e non vuole accettare nulla che non siano i bianconeri: terr\u00e0 fede al&hellip;\n","protected":false},"author":3,"featured_media":530297,"comment_status":"","ping_status":"","sticky":false,"template":"","format":"standard","meta":{"footnotes":"","_share_on_mastodon":"0"},"categories":[1452],"tags":[6576,292676,292677,292678,562,721,1048,1278,6929,724,1740,3368,1537,90,89,558,572,573,6411,576,2508,7987,6840,1917,292675,14393,40409,35697,2372,1739,1359,6444,245,244,530,4969],"class_list":["post-530296","post","type-post","status-publish","format-standard","has-post-thumbnail","category-calcio","tag-accettare","tag-accettare-bianconeri","tag-accettare-bianconeri-terra","tag-accettare-destinazioni","tag-attaccante","tag-calcio","tag-causa","tag-davvero","tag-dirigenti","tag-euro","tag-football","tag-francese","tag-it","tag-italia","tag-italy","tag-juventus","tag-kolo","tag-kolo-muani","tag-messaggio","tag-muani","tag-nuove","tag-patto","tag-prestito","tag-pronto","tag-pronto-puntare","tag-psg","tag-puntare","tag-randal","tag-signora","tag-soccer","tag-societa","tag-soluzione","tag-sport","tag-sports","tag-turchia","tag-vuole"],"share_on_mastodon":{"url":"https:\/\/pubeurope.com\/@it\/116718396360424328","error":""},"_links":{"self":[{"href":"https:\/\/www.europesays.com\/it\/wp-json\/wp\/v2\/posts\/530296","targetHints":{"allow":["GET"]}}],"collection":[{"href":"https:\/\/www.europesays.com\/it\/wp-json\/wp\/v2\/posts"}],"about":[{"href":"https:\/\/www.europesays.com\/it\/wp-json\/wp\/v2\/types\/post"}],"author":[{"embeddable":true,"href":"https:\/\/www.europesays.com\/it\/wp-json\/wp\/v2\/users\/3"}],"replies":[{"embeddable":true,"href":"https:\/\/www.europesays.com\/it\/wp-json\/wp\/v2\/comments?post=530296"}],"version-history":[{"count":0,"href":"https:\/\/www.europesays.com\/it\/wp-json\/wp\/v2\/posts\/530296\/revisions"}],"wp:featuredmedia":[{"embeddable":true,"href":"https:\/\/www.europesays.com\/it\/wp-json\/wp\/v2\/media\/530297"}],"wp:attachment":[{"href":"https:\/\/www.europesays.com\/it\/wp-json\/wp\/v2\/media?parent=530296"}],"wp:term":[{"taxonomy":"category","embeddable":true,"href":"https:\/\/www.europesays.com\/it\/wp-json\/wp\/v2\/categories?post=530296"},{"taxonomy":"post_tag","embeddable":true,"href":"https:\/\/www.europesays.com\/it\/wp-json\/wp\/v2\/tags?post=530296"}],"curies":[{"name":"wp","href":"https:\/\/api.w.org\/{rel}","templated":true}]}}