{"id":53037,"date":"2025-08-17T18:14:11","date_gmt":"2025-08-17T18:14:11","guid":{"rendered":"https:\/\/www.europesays.com\/it\/53037\/"},"modified":"2025-08-17T18:14:11","modified_gmt":"2025-08-17T18:14:11","slug":"garantire-laborto-in-tutti-gli-ospedali-pubblici-tedeschi","status":"publish","type":"post","link":"https:\/\/www.europesays.com\/it\/53037\/","title":{"rendered":"garantire l&#8217;aborto in tutti gli ospedali pubblici tedeschi"},"content":{"rendered":"<p>Trovare assistenza medica per un\u2019<strong>interruzione di gravidanza<\/strong> in <strong>Germania<\/strong> pu\u00f2 trasformarsi in un percorso ad ostacoli. Stigmatizzazione sociale, disparit\u00e0 regionali, pressioni temporali fanno s\u00ec che l\u2019<strong>aborto<\/strong> sia pi\u00f9 o meno accessibile, negli ospedali tedeschi, a seconda dell\u2019area geografica e della disponibilit\u00e0 economica. Il panorama che emerge dallo studio \u201c<strong>Elsa<\/strong>\u201d appena pubblicato sul sito web del Ministero della sanit\u00e0 tedesco racconta di un sistema che fatica a garantire cure adeguate alle donne con gravidanze indesiderate. Proprio a partire dai risultati di questo studio, il gruppo parlamentare dell\u2019<strong>SPD<\/strong> ha proposto una riforma che obbligherebbe tutti gli <strong>ospedali che ricevono finanziamenti pubblici<\/strong>, compresi quelli gestiti da <strong>istituti religiosi<\/strong>, a eseguire interruzioni di gravidanza, per evitare che gli ostacoli logistici e organizzativi si traducano in una effettiva impossibilit\u00e0 di accedere all\u2019aborto per chi ne ha bisogno.\u00a0<\/p>\n<p>La ricerca Elsa: primo studio completo sulla situazione dell\u2019aborto negli ospedali tedeschi<\/p>\n<p>Lo studio Elsa, un\u2019indagine rappresentativa di ben 999 pagine, rappresenta il primo approccio sistematico alla questione dell\u2019aborto in Germania dal punto di vista dell\u2019assistenza sanitaria. Nello studio sono state coinvolte, fra le altre, 4.589 donne con almeno un figlio di et\u00e0 inferiore ai sei anni. I ricercatori hanno raccolto testimonianze dirette attraverso interviste approfondite e hanno analizzato dati ufficiali dell\u2019<strong>Ufficio federale di statistica<\/strong>.<\/p>\n<p>La ricerca si distingue per l\u2019approccio sia qualitativo che quantitativo, che affianca le statistiche all\u2019analisi delle esperienze personali, dei vissuti emotivi, delle difficolt\u00e0 concrete che tuttora esistono per l\u2019<strong>accesso all\u2019aborto in Germania<\/strong>. Questo doppio binario metodologico restituisce un quadro sfaccettato della realt\u00e0 tedesca. L\u2019ampiezza del campione garantisce rappresentativit\u00e0 statistica. Ma sono le storie individuali a dare corpo e significato ai numeri.<\/p>\n<p><a href=\"https:\/\/www.ilmitte.com\/2025\/03\/depenalizzare-aborto-spd-coalizione-governo\/\" target=\"_blank\" rel=\"nofollow noopener\"><img loading=\"lazy\" decoding=\"async\" width=\"800\" height=\"533\" src=\"https:\/\/www.europesays.com\/it\/wp-content\/uploads\/2025\/08\/rappresentanza-femminile-donne-al-bundestag.jpg\" alt=\"depenalizzare l'aborto\" class=\"wp-image-125095 size-full\"  \/><\/a>Ostacoli sistemici nell\u2019accesso all\u2019interruzione di gravidanza<\/p>\n<p>Quattro donne su cinque dichiarano di aver incontrato almeno un ostacolo nel percorso verso l\u2019interruzione di gravidanza. La <strong>stigmatizzazione<\/strong> emerge come \u201cfattore centrale\u201d che influenza negativamente sia l\u2019<strong>accesso all\u2019assistenza sanitaria<\/strong> che il <strong>benessere psicologico<\/strong> delle donne. Non si tratta solo di giudizi morali: la stigmatizzazione crea barriere concrete, tangibili, che complicano un momento gi\u00e0 delicato.<\/p>\n<p>Barriere geografiche e disparit\u00e0 regionali<\/p>\n<p>L\u2019assistenza sanitaria per l\u2019aborto negli ospedali tedeschi varia drasticamente da una regione all\u2019altra. <strong>Renania-Palatinato<\/strong>, <strong>Baden-W\u00fcrttemberg<\/strong> e <strong>Baviera<\/strong> presentano le situazioni pi\u00f9 critiche. Chi vive in queste aree deve spesso percorrere lunghe distanze, affrontare tempi di attesa prolungati, cercare alternative in altri L\u00e4nder.<\/p>\n<p>La disponibilit\u00e0 e l\u2019accessibilit\u00e0 delle strutture che praticano interruzioni di gravidanza rappresentano un nodo cruciale. Non basta che esistano: devono essere raggiungibili e devono offrire tempistiche compatibili con i vincoli legali.<\/p>\n<p>Pressioni temporali e vincoli normativi<\/p>\n<p>Il quadro giuridico tedesco impone vincoli stringenti. L\u2019aborto rimane tecnicamente vietato, per quanto esente da pena a determinate condizioni. Deve avvenire <strong>entro le prime 12 settimane<\/strong> dal concepimento, dopo una consulenza obbligatoria e un periodo di riflessione di tre giorni. Questi vincoli temporali creano pressioni aggiuntive, che possono essere determinanti specialmente per chi si trova in uno dei L\u00e4nder tedeschi nei quali accedere all\u2019aborto negli ospedali pubblici \u00e8 pi\u00f9 difficile.<\/p>\n<p>Aspetti economici e copertura sanitaria<\/p>\n<p>Le interruzioni di gravidanza in Germania non rientrano nella copertura delle <strong>assicurazioni sanitarie pubbliche<\/strong> \u2013 ossia quelle che la maggior parte della popolazione utilizza. I costi oscillano fra i 200 euro fino a oltre 600 euro.<\/p>\n<p>Le persone a basso reddito possono richiedere un rimborso, ma questo meccanismo aggiunge un ulteriore livello burocratico al processo. Non tutti, inoltre, conoscono questa possibilit\u00e0 n\u00e9 riescono ad accedervi tempestivamente.<\/p>\n<p>Nel contratto di coalizione tra <strong>Unione<\/strong> ed <strong>SPD<\/strong> \u00e8 prevista la copertura dei costi tramite le casse malattia, ma l\u2019implementazione pratica di questa promessa elettorale resta per\u00f2 oggetto di dibattito politico.<\/p>\n<p>Reazioni politiche e proposte legislative dell\u2019SPD<\/p>\n<p><strong>Carmen Wegge<\/strong>, portavoce del gruppo SPD per la politica giuridica, ha lanciato una proposta direttamente connessa all\u2019analisi dei risultati di questo studio: obbligare gli <strong>ospedali pubblici tedeschi<\/strong> a offrire l\u2019aborto come prestazione sanitaria. La misura dovrebbe estendersi anche agli ospedali gestiti da organizzazioni religiose, se sono finanziati con fondi pubblici.<\/p>\n<p>\u201cLa situazione dell\u2019assistenza sanitaria per le donne con gravidanze indesiderate \u00e8 drammatica\u201d, ha dichiarato Wegge al quotidiano taz. Una riforma in questo senso, per esempio, permetterebbe esiti diversi per casi come quello di <strong>Lippstadt<\/strong>, nel <strong>Nord Reno-Westfalia<\/strong>. Qui, un primario ha citato in giudizio la propria clinica dopo che la fusione con un ente cattolico gli ha vietato di praticare aborti. La sua causa \u00e8 stata respinta in primo grado.<\/p>\n<p>Resistenze dalla destra tedesca<\/p>\n<p>Questa proposta, come era prevedibile, ha trovato forti resistenze nei partner di coalizione cristiano-democratici. <strong>Anja Weisgerber<\/strong>, vice presidente del gruppo parlamentare dell\u2019Unione, ha respinto \u201cuna nuova regolamentazione delle interruzioni di gravidanza al di fuori del codice penale\u201d. Anche sulla copertura assicurativa emerge una visione diversa: si parla di possibile \u201cestensione della copertura dei costi come prestazione sociale finanziata dalle imposte\u201d, ma solo per le donne in difficolt\u00e0 finanziarie.<\/p>\n<p>Sostegno dell\u2019opposizione e richieste di depenalizzazione<\/p>\n<p>I partiti di opposizione trovano nell\u2019SPD un alleato inaspettato. <strong>Kathrin Gebel<\/strong>, della frazione di <strong>Die Linke<\/strong>, ribadisce che \u201cle donne incinte devono poter decidere autonomamente se interrompere o portare avanti una gravidanza\u201d.<\/p>\n<p>Il paragrafo 218 del codice penale, che disciplina l\u2019aborto, \u00e8 ormai da tempo il simbolo di una battaglia pi\u00f9 ampia. \u201cIl \u00a7218 deve essere abolito e l\u2019assistenza sanitaria per le donne con gravidanze indesiderate deve migliorare\u201d, sostiene Gebel.<\/p>\n<p>Ulle Schauws, portavoce per le politiche femminili dei Verdi, considera i risultati dello studio una conferma che \u201c\u00e8 giunto il momento di agire\u201d. Servono \u201csoluzioni costruttive\u201d che includano anche la depenalizzazione dell\u2019aborto. \u201cLe donne e i medici in Germania non hanno bisogno di stigmatizzazione e moralismo, ma di sostegno e autodeterminazione\u201d, conclude Schauws.<\/p>\n<p>Lo studio Elsa \u00e8 disponibile <strong><a href=\"https:\/\/elsa-studie.de\/\" target=\"_blank\" rel=\"noreferrer noopener nofollow\">qui<\/a><\/strong>.<\/p>\n<p>\t\t\tCopy URL<br \/>\n\t\t\tURL Copied\n\t\t<\/p>\n","protected":false},"excerpt":{"rendered":"Trovare assistenza medica per un\u2019interruzione di gravidanza in Germania pu\u00f2 trasformarsi in un percorso ad ostacoli. Stigmatizzazione sociale,&hellip;\n","protected":false},"author":3,"featured_media":53038,"comment_status":"","ping_status":"","sticky":false,"template":"","format":"standard","meta":{"footnotes":""},"categories":[1481],"tags":[44031,2065,2066,44032,35956,35958,44033,239,2063,2064,1537,90,89,44034,240,15229],"class_list":{"0":"post-53037","1":"post","2":"type-post","3":"status-publish","4":"format-standard","5":"has-post-thumbnail","7":"category-assistenza-sanitaria","8":"tag-aborto-in-germania","9":"tag-assistenza-sanitaria","10":"tag-assistenzasanitaria","11":"tag-baden-wurttemberg","12":"tag-baviera","13":"tag-cdu-csu","14":"tag-die-linke","15":"tag-health","16":"tag-health-care","17":"tag-healthcare","18":"tag-it","19":"tag-italia","20":"tag-italy","21":"tag-renania-palatinato","22":"tag-salute","23":"tag-spd"},"share_on_mastodon":{"url":"","error":""},"_links":{"self":[{"href":"https:\/\/www.europesays.com\/it\/wp-json\/wp\/v2\/posts\/53037","targetHints":{"allow":["GET"]}}],"collection":[{"href":"https:\/\/www.europesays.com\/it\/wp-json\/wp\/v2\/posts"}],"about":[{"href":"https:\/\/www.europesays.com\/it\/wp-json\/wp\/v2\/types\/post"}],"author":[{"embeddable":true,"href":"https:\/\/www.europesays.com\/it\/wp-json\/wp\/v2\/users\/3"}],"replies":[{"embeddable":true,"href":"https:\/\/www.europesays.com\/it\/wp-json\/wp\/v2\/comments?post=53037"}],"version-history":[{"count":0,"href":"https:\/\/www.europesays.com\/it\/wp-json\/wp\/v2\/posts\/53037\/revisions"}],"wp:featuredmedia":[{"embeddable":true,"href":"https:\/\/www.europesays.com\/it\/wp-json\/wp\/v2\/media\/53038"}],"wp:attachment":[{"href":"https:\/\/www.europesays.com\/it\/wp-json\/wp\/v2\/media?parent=53037"}],"wp:term":[{"taxonomy":"category","embeddable":true,"href":"https:\/\/www.europesays.com\/it\/wp-json\/wp\/v2\/categories?post=53037"},{"taxonomy":"post_tag","embeddable":true,"href":"https:\/\/www.europesays.com\/it\/wp-json\/wp\/v2\/tags?post=53037"}],"curies":[{"name":"wp","href":"https:\/\/api.w.org\/{rel}","templated":true}]}}