{"id":53039,"date":"2025-08-17T18:16:08","date_gmt":"2025-08-17T18:16:08","guid":{"rendered":"https:\/\/www.europesays.com\/it\/53039\/"},"modified":"2025-08-17T18:16:08","modified_gmt":"2025-08-17T18:16:08","slug":"golf-linglese-penge-trionfa-nel-danish-golf-championship-quarto-posto-per-un-ottimo-de-leo","status":"publish","type":"post","link":"https:\/\/www.europesays.com\/it\/53039\/","title":{"rendered":"Golf, l&#8217;inglese Penge trionfa nel Danish Golf Championship. Quarto posto per un ottimo De Leo"},"content":{"rendered":"<p>I golfisti del <strong>DP World Tour<\/strong> portano a termine le fatiche settimanali chiudendo il quarto ed ultimo round di un avvincente <strong>Danish Golf Championship<\/strong> (montepremi 2.750 milioni di dollari). L\u2019evento nato nel 2014 sotto il nome di Made in Denmark finisce nelle mani di <strong>Marco Penge<\/strong>, che scavalca il danese <strong>Rasmus H\u00f8jgaard<\/strong> infliggendo una parziale delusione ai tanti appassionati di casa. Testa a testa intrigante tra i due, risolto soltanto nelle fasi finali.<\/p>\n<p>Penge ha siglato un\u2019ultima tornata da -4, assestando il birdie decisivo alla buca 18. L\u2019inglese ha completato i 4 round con lo score complessivo di <strong>-16 (268 colpi)<\/strong>, uno meglio del danese. H\u00f8jgaard si \u00e8 invece fermato al -2 giornaliero, ed \u00e8 stato autore di un giro altalenante in cui ha messo a segno anche due eagle, ma le imprecisioni alle buche 7, 9,10 e 15 sono risultate decisive. Sul terzo gradino del podio ancora Inghilterra con <strong>Ben Schmidt<\/strong> che ha chiuso con il punteggio di -12.<\/p>\n<p>Sul <strong>percorso par 71 del Fures\u00f8 Golf Klub di Copenhagen (Danimarca)<\/strong> arrivano buone notizie per il golf italiano. <strong>Gregorio De Leo<\/strong> si \u00e8 infatti congedato con un solido +3 risalendo fino alla quarta posizione a -11 in compagnia dello svedese Markus Lindberg. -9 e sesto posto per il norvegese Kristoffer Reitan e per l\u2019australiano Elvis Smylie. Chiudono infine la top ten in ottava piazza con -8 l\u2019americano Johannes Veerman ed i finlandesi Sami Valimaki ed Oliver Lindell. Ottima domenica per <strong>Francesco Molinari<\/strong>, che grazie al -2 di giornata risale fino al 16\u00b0 posto con il punteggio totale di -4.<\/p>\n<p>Per Penge, ventisettenne di Horsham (Inghilterra, Regno Unito), il successo colto in Danimarca \u00e8 il <strong>quinto nella carriera da professionista<\/strong> ed il secondo nel Tour europeo dopo l\u2019Hainan Classic conquistato a fine aprile 2025. In precedenza si era imposto in due eventi del Challenge Tour, ovvero l\u2019Open di Portogallo 2023, e soprattutto il Rolex Challenger Tour Gran Final del 2023.<\/p>\n","protected":false},"excerpt":{"rendered":"I golfisti del DP World Tour portano a termine le fatiche settimanali chiudendo il quarto ed ultimo round&hellip;\n","protected":false},"author":3,"featured_media":53040,"comment_status":"","ping_status":"","sticky":false,"template":"","format":"standard","meta":{"footnotes":""},"categories":[1475],"tags":[43254,41186,8219,8220,1933,35783,1537,90,89,43256,44035,41187,44036,41189,44037,245,244],"class_list":{"0":"post-53039","1":"post","2":"type-post","3":"status-publish","4":"format-standard","5":"has-post-thumbnail","7":"category-golf","8":"tag-ben-schmidt","9":"tag-danish-golf-championship-2025","10":"tag-dp-world-tour-2025","11":"tag-francesco-molinari","12":"tag-golf","13":"tag-gregorio-de-leo","14":"tag-it","15":"tag-italia","16":"tag-italy","17":"tag-johannes-veerman","18":"tag-kristoffer-reitan","19":"tag-marco-penge","20":"tag-oliver-lindell","21":"tag-rasmus-hojgaard","22":"tag-sami-valimaki","23":"tag-sport","24":"tag-sports"},"share_on_mastodon":{"url":"","error":""},"_links":{"self":[{"href":"https:\/\/www.europesays.com\/it\/wp-json\/wp\/v2\/posts\/53039","targetHints":{"allow":["GET"]}}],"collection":[{"href":"https:\/\/www.europesays.com\/it\/wp-json\/wp\/v2\/posts"}],"about":[{"href":"https:\/\/www.europesays.com\/it\/wp-json\/wp\/v2\/types\/post"}],"author":[{"embeddable":true,"href":"https:\/\/www.europesays.com\/it\/wp-json\/wp\/v2\/users\/3"}],"replies":[{"embeddable":true,"href":"https:\/\/www.europesays.com\/it\/wp-json\/wp\/v2\/comments?post=53039"}],"version-history":[{"count":0,"href":"https:\/\/www.europesays.com\/it\/wp-json\/wp\/v2\/posts\/53039\/revisions"}],"wp:featuredmedia":[{"embeddable":true,"href":"https:\/\/www.europesays.com\/it\/wp-json\/wp\/v2\/media\/53040"}],"wp:attachment":[{"href":"https:\/\/www.europesays.com\/it\/wp-json\/wp\/v2\/media?parent=53039"}],"wp:term":[{"taxonomy":"category","embeddable":true,"href":"https:\/\/www.europesays.com\/it\/wp-json\/wp\/v2\/categories?post=53039"},{"taxonomy":"post_tag","embeddable":true,"href":"https:\/\/www.europesays.com\/it\/wp-json\/wp\/v2\/tags?post=53039"}],"curies":[{"name":"wp","href":"https:\/\/api.w.org\/{rel}","templated":true}]}}