{"id":530484,"date":"2026-06-09T08:10:14","date_gmt":"2026-06-09T08:10:14","guid":{"rendered":"https:\/\/www.europesays.com\/it\/530484\/"},"modified":"2026-06-09T08:10:14","modified_gmt":"2026-06-09T08:10:14","slug":"george-weah-intervista-litalia-il-mondiale-il-milan-e","status":"publish","type":"post","link":"https:\/\/www.europesays.com\/it\/530484\/","title":{"rendered":"George Weah intervista: &#8220;L&#8217;Italia, il Mondiale, il Milan e&#8230;&#8221;"},"content":{"rendered":"<p>                                L&#8217;ex centravanti rossonero: &#8220;Nel calcio come nella vita ci sono dei cicli. Bisogna imparare ad ammettere l\u2019errore. Troppe volte vedo ragazzi messi in panchina dopo uno sbaglio. Il Mondiale? Cuore diviso tra gli Usa di mio figlio e il Brasile&#8221;<\/p>\n<p class=\"paragraph\" spellcheck=\"true\">Una pantera si aggira per New York. Ha uno scatto felino, muove rapide le gambe, \u00e8 forte e insolitamente resistente. La pantera compir\u00e0 infatti sessant\u2019anni a ottobre. La sua pi\u00f9 celebre corsa in velocit\u00e0, ottantacinque metri coperti in quattordici secondi, ne ha quasi trenta. Eppure nonostante il caldo  di Manhattan, George Weah, scatta quasi come un tempo. C\u2019\u00e8 di pi\u00f9: non fa il centravanti, ma l\u2019uomo a tutta fascia (la destra) nel sette contro sette tra le leggende italiane e le vecchie glorie della Mls. Succedeva due giorni fa al Rocco B. Commisso Soccer Stadium, tremilacinquecento posti,  stadio voluto dall\u2019ex presidente della Fiorentina. Qui domenica pomeriggio si \u00e8 raccolta la comunit\u00e0 italiana della citt\u00e0 per divertirsi con gli ex campioni della Nazionale: se quelli di oggi non regalano successi ed emozioni, gli idoli di qualche generazione fa sono ancora riconosciuti, amati, acclamati. La Fifa, per volere del presidente Gianni Infantino, ha scelto di portare qui un po\u2019 di storia azzurra: e mentre Roberto Baggio, Pirlo, Nesta, Ambrosini, Vieri, Pagliuca, Panucci, Zaccardo e Iaquinta sono gi\u00e0 in campo, ecco sbucare la pantera dagli spogliatoi. A George, altra \u201clegend\u201d e capo del team che guida le battaglie al razzismo, \u00e8 stata riservata la maglia numero 9, azzurra per i suoi trascorsi italiani, con davanti tutte le bandiere dei paesi Fifa. Che \u00e8 anche una grande macchina organizzativa: George era a New York, impegnato in altri eventi, ma ha subito risposto presente alla convocazione. Quando \u00e8 entrato in campo ha abbracciato per primo l\u2019ex compagno rossonero Roby: insieme hanno condiviso due stagioni al Milan. Poi Weah saluta con affetto Panucci e Ambrosini, altri amici del grande Milan del passato. E c\u2019\u00e8 ancora traccia di grandezza quando Weah finisce la sua partita con le leggende: trascorre decine di minuti scattando foto e firmando autografi ai tifosi americani.\u00a0<\/p>\n<p class=\"paragraph\" spellcheck=\"true\"><b>Weah, non si offenderanno le leggende azzurre: \u00e8 di gran lunga pi\u00f9 in forma di molti di loro&#8230;\u00a0<\/b><\/p>\n<p class=\"paragraph\" spellcheck=\"true\">\u201cMa no! \u00c8 che quando torni in campo e trovi vicino a te dei mostri simili come compagni di squadra ti tornano subito la voglia e lo scatto. Con loro ho giocato tantissime volte insieme o da avversari. Ho ritrovato dei grandi amici come Baggio e Panucci.\u00a0\u00c8 stato un bellissimo pomeriggio, sono molto felice\u201d.\u00a0<\/p>\n<p class=\"paragraph\" spellcheck=\"true\"><b>Ha ritrovato amici che con lei sono stati grandi campioni. Oggi l\u2019Italia non \u00e8 al Mondiale per la terza volta. Che effetto le fa?\u00a0<\/b><\/p>\n<p class=\"paragraph\" spellcheck=\"true\">\u201cL\u2019Italia \u00e8  il paese del calcio. La vostra \u00e8 una tradizione storica, la pi\u00f9 grande. Ma il calcio, come tutti gli sport, funziona cos\u00ec. Ci sono i cicli. Non ho una spiegazione da dare sui motivi, ma so che ci sar\u00e0 di nuovo una grande Italia\u201d.\u00a0<\/p>\n<p class=\"paragraph\" spellcheck=\"true\"><b>Sar\u00e0 spettatore del Mondiale?\u00a0<\/b><\/p>\n<p class=\"paragraph\" spellcheck=\"true\">\u201cCerto. Tifer\u00f2 per il Brasile di Carlo Ancelotti, la squadra che amavo fin da quando ero bambino. E ovviamente per gli Stati Uniti di mio figlio Timothy: avr\u00f2 il cuore diviso a met\u00e0\u201d.\u00a0<\/p>\n<p class=\"text\">Ai giovani va lasciato il tempo per lavorare e crescere. Non tutti nascono Lamine Yamal, non tutti sono subito fenomeni<\/p>\n<p class=\"paragraph\" spellcheck=\"true\"><b>A proposito di cuore: cosa sta succedendo al suo Milan? In rossonero ha vinto due scudetti. Oggi la risalita ai vertici \u00e8 molto faticosa.\u00a0<\/b><\/p>\n<p class=\"paragraph\" spellcheck=\"true\">\u201cCome dicevo per la Nazionale italiana, il calcio \u00e8 strano. Tutte le squadre si modificano, si evolvono. In generale \u00e8 cambiato sicuramente il livello del campionato. Al Milan per\u00f2 resta una pressione enorme (e qui George agita le mani proprio per sottolineare il concetto&#8230;) e va dato tempo ai giocatori di ambientarsi. Oggi c\u2019\u00e8 una squadra giovane a cui servono lavoro e tanta pazienza. Ci vuole calma, ma torner\u00e0 grande\u201d.\u00a0<\/p>\n<p class=\"paragraph\" spellcheck=\"true\"><b>Alla squadra del futuro servirebbe proprio un grandissimo centravanti\u2026\u00a0<\/b><\/p>\n<p class=\"paragraph\" spellcheck=\"true\">\u201cQuanto ho appena detto valeva in realt\u00e0 anche per me. Sono arrivato al Milan a 28 anni, se fosse successo prima probabilmente non sarei stato pronto. Ho conosciuto San Siro dopo anni al Monaco e al Paris Saint Germain. Ero maturo e ho saputo cogliere l\u2019opportunit\u00e0. Altrimenti non so se ce l\u2019avrei fatta. Questo dico agli italiani e a chi fa parte del vostro campionato: serve pazienza, dovete ammettere l\u2019errore. Troppe volte vedo ragazzi messi in panchina dopo uno sbaglio. Ma non \u00e8 cos\u00ec che funziona, va lasciato il tempo per lavorare e crescere. Non tutti nascono Lamine Yamal, non tutti sono subito fenomeni\u201d.\u00a0<\/p>\n<p class=\"paragraph\" spellcheck=\"true\"><b>Proprio il  Milan e la Juve, ex squadra di Timothy, sono le delusioni del campionato: fuori dalla Champions. Perch\u00e9?<\/b><\/p>\n<p class=\"paragraph\" spellcheck=\"true\">\u201cRipeto: serve un sistema che faccia crescere, certi successi non nascono in un giorno ma derivano da  un  lungo processo. La fiducia \u00e8 alla base di tutto: incoraggiate i vostri ragazzi, accompagnateli. \u00c8 quello che ho cercato di fare con  mio figlio Timothy: prima di entrare nel settore giovanile del Psg \u00e8 stato per anni al Gottschee, qui a New York. Poi sono arrivati i grandi club. Per emergere occorre avere pi\u00f9 di una chance, questa \u00e8 una generazione di calciatori e ragazzi che pu\u00f2 avere una mentalit\u00e0 diversa\u201d.\u00a0<\/p>\n<p class=\"paragraph\" spellcheck=\"true\"><b>Weah, in questi giorni \u00e8 qui in America di passaggio. Lei vive nella sua Liberia, di cui per sei anni \u00e8 stato il Presidente. Come \u00e8 oggi la situazione nel Paese?\u00a0<\/b><\/p>\n<p><a class=\"is-partner-link\" href=\"https:\/\/fantacampionato.gazzetta.it\/home?intcmp=CTAMondiale26\" rel=\"nofollow noopener\" target=\"_blank\">Dimostra di essere il migliore: il fantaconcorso pi\u00f9 ricco d&#8217;Italia diventa Mondiale! Abbonati a soli 9,99\u20ac<\/a><\/p>\n<p class=\"paragraph\" spellcheck=\"true\">\u201cQuando ero alla guida ho fatto tutto il possibile per  promuovere stabilit\u00e0 a pace. La cosa che mi fa pi\u00f9 felice \u00e8 che ancora oggi all\u2019interno del nostro paese non ci siano guerre\u201d.<\/p>\n<p class=\"is-copyright\">\u00a9 RIPRODUZIONE RISERVATA<\/p>\n","protected":false},"excerpt":{"rendered":"L&#8217;ex centravanti rossonero: &#8220;Nel calcio come nella vita ci sono dei cicli. Bisogna imparare ad ammettere l\u2019errore. Troppe&hellip;\n","protected":false},"author":3,"featured_media":530485,"comment_status":"","ping_status":"","sticky":false,"template":"","format":"standard","meta":{"footnotes":"","_share_on_mastodon":"0"},"categories":[1452],"tags":[55914,1266,70128,292808,292809,3187,8290,3734,721,1856,2037,921,12837,26048,3081,6036,292810,32281,6196,292811,292812,2245,32956,2716,292813,1740,5228,1597,4034,1251,3453,1537,90,4945,627,89,50988,59,292814,292815,553,1353,45644,11040,11041,3484,292816,18052,104918,10280,427,135,1699,292817,9611,1739,245,244,1857,250847,26428,16860],"class_list":["post-530484","post","type-post","status-publish","format-standard","has-post-thumbnail","category-calcio","tag-ambrosini","tag-amici","tag-ammettere","tag-ammettere-errore","tag-ammettere-errore-troppe","tag-azzurra","tag-baggio","tag-brasile","tag-calcio","tag-campionato","tag-campioni","tag-campo","tag-centravanti","tag-cicli","tag-crescere","tag-cuore","tag-cuore-diviso","tag-diviso","tag-errore","tag-errore-troppe","tag-errore-troppe-vedo","tag-felice","tag-fifa","tag-figlio","tag-figlio-timothy","tag-football","tag-funziona","tag-generazione","tag-george","tag-grandi","tag-guida","tag-it","tag-italia","tag-italiana","tag-italiani","tag-italy","tag-leggende","tag-messi","tag-messi-panchina","tag-messi-panchina-sbaglio","tag-milan","tag-mondiale","tag-nascono","tag-new","tag-new-york","tag-panchina","tag-panchina-sbaglio","tag-pantera","tag-panucci","tag-pazienza","tag-pomeriggio","tag-presidente","tag-ragazzi","tag-ragazzi-messi","tag-rossonero","tag-soccer","tag-sport","tag-sports","tag-squadra","tag-timothy","tag-weah","tag-york"],"share_on_mastodon":{"url":"","error":"Validation failed: Text character limit of 500 exceeded"},"_links":{"self":[{"href":"https:\/\/www.europesays.com\/it\/wp-json\/wp\/v2\/posts\/530484","targetHints":{"allow":["GET"]}}],"collection":[{"href":"https:\/\/www.europesays.com\/it\/wp-json\/wp\/v2\/posts"}],"about":[{"href":"https:\/\/www.europesays.com\/it\/wp-json\/wp\/v2\/types\/post"}],"author":[{"embeddable":true,"href":"https:\/\/www.europesays.com\/it\/wp-json\/wp\/v2\/users\/3"}],"replies":[{"embeddable":true,"href":"https:\/\/www.europesays.com\/it\/wp-json\/wp\/v2\/comments?post=530484"}],"version-history":[{"count":0,"href":"https:\/\/www.europesays.com\/it\/wp-json\/wp\/v2\/posts\/530484\/revisions"}],"wp:featuredmedia":[{"embeddable":true,"href":"https:\/\/www.europesays.com\/it\/wp-json\/wp\/v2\/media\/530485"}],"wp:attachment":[{"href":"https:\/\/www.europesays.com\/it\/wp-json\/wp\/v2\/media?parent=530484"}],"wp:term":[{"taxonomy":"category","embeddable":true,"href":"https:\/\/www.europesays.com\/it\/wp-json\/wp\/v2\/categories?post=530484"},{"taxonomy":"post_tag","embeddable":true,"href":"https:\/\/www.europesays.com\/it\/wp-json\/wp\/v2\/tags?post=530484"}],"curies":[{"name":"wp","href":"https:\/\/api.w.org\/{rel}","templated":true}]}}