{"id":530574,"date":"2026-06-09T09:31:16","date_gmt":"2026-06-09T09:31:16","guid":{"rendered":"https:\/\/www.europesays.com\/it\/530574\/"},"modified":"2026-06-09T09:31:16","modified_gmt":"2026-06-09T09:31:16","slug":"divock-origi-si-ritira-a-31-anni-eroe-al-liverpool-fantasma-al-milan","status":"publish","type":"post","link":"https:\/\/www.europesays.com\/it\/530574\/","title":{"rendered":"Divock Origi si ritira a 31 anni: eroe al Liverpool, fantasma al Milan"},"content":{"rendered":"<p>                                L&#8217;ex rossonero lascia il calcio per dedicarsi alle sue nuove passioni: &#8220;Ora ho un nuovo scopo e altre cose che voglio perseguire, con la stessa passione con cui ho dedicato tutti questi anni al pallone&#8221;<\/p>\n<p class=\"paragraph\" spellcheck=\"true\">Divock Origi ha smesso con il calcio. Nel 2023, aggiungerebbe qualcuno. Origi ieri ha avvisato il mondo che si \u00e8 ritirato e beh, un sospetto c\u2019era: non gioca una partita da aprile 2024. Lo ha fatto con una lettera a The Players\u2019 Tribune, il sito in cui gli sportivi prendono il computer e scrivono al mondo. I passaggi pi\u00f9 significativi: &#8220;Grazie, Dio. Grazie, calcio.  Sono venuto al mondo con il pallone tra i piedi.  Nel calcio mi sento realizzato, come se il mio percorso fosse giunto al termine. Ora ho un nuovo scopo e altre cose che voglio perseguire, con la stessa passione con cui ho dedicato tutti questi anni al calcio. Innanzitutto, mi sto impegnando a fondo per coltivare la mia passione per la moda, intesa come arte. Continuer\u00f2 anche a sviluppare il mio lato imprenditoriale con DLF, un\u2019agenzia calcistica che sto creando con il mio socio e co-proprietario Marvin Willem Ofori&#8221;.\u00a0<\/p>\n<p>    la carriera\u2014 \u00a0<\/p>\n<p class=\"paragraph is-inline\" spellcheck=\"true\">Per il mondo, sar\u00e0 per sempre il ragazzo che con il Liverpool segna nella semifinale-icona della Champions 2019 contro il Barcellona e poi in finale contro il Tottenham. Per i milanisti, il parametro zero preso nell\u2019estate 2022, subito dopo lo scudetto, e diventato in fretta fantasma. Prendeva 4 milioni a stagione e non giocava. Da un momento in avanti, nemmeno andava a Milanello, in accordo con la societ\u00e0. Fu avvistato a Firenze e a Roma, con un preparatore personale, poi si inabiss\u00f2. Francamente, mai vista una storia cos\u00ec.<\/p>\n","protected":false},"excerpt":{"rendered":"L&#8217;ex rossonero lascia il calcio per dedicarsi alle sue nuove passioni: &#8220;Ora ho un nuovo scopo e altre&hellip;\n","protected":false},"author":3,"featured_media":530575,"comment_status":"","ping_status":"","sticky":false,"template":"","format":"standard","meta":{"footnotes":"","_share_on_mastodon":"0"},"categories":[1452],"tags":[1495,94467,292838,721,122,292839,292840,10378,12443,1740,1537,90,89,3978,3112,47177,1955,1950,292841,82099,292842,1739,245,244],"class_list":["post-530574","post","type-post","status-publish","format-standard","has-post-thumbnail","category-calcio","tag-altre","tag-altre-cose","tag-altre-cose-voglio","tag-calcio","tag-cose","tag-cose-voglio","tag-cose-voglio-perseguire","tag-dedicato","tag-fantasma","tag-football","tag-it","tag-italia","tag-italy","tag-liverpool","tag-moda","tag-origi","tag-pallone","tag-passione","tag-passione-dedicato","tag-perseguire","tag-perseguire-passione","tag-soccer","tag-sport","tag-sports"],"share_on_mastodon":{"url":"https:\/\/pubeurope.com\/@it\/116719457923575127","error":""},"_links":{"self":[{"href":"https:\/\/www.europesays.com\/it\/wp-json\/wp\/v2\/posts\/530574","targetHints":{"allow":["GET"]}}],"collection":[{"href":"https:\/\/www.europesays.com\/it\/wp-json\/wp\/v2\/posts"}],"about":[{"href":"https:\/\/www.europesays.com\/it\/wp-json\/wp\/v2\/types\/post"}],"author":[{"embeddable":true,"href":"https:\/\/www.europesays.com\/it\/wp-json\/wp\/v2\/users\/3"}],"replies":[{"embeddable":true,"href":"https:\/\/www.europesays.com\/it\/wp-json\/wp\/v2\/comments?post=530574"}],"version-history":[{"count":0,"href":"https:\/\/www.europesays.com\/it\/wp-json\/wp\/v2\/posts\/530574\/revisions"}],"wp:featuredmedia":[{"embeddable":true,"href":"https:\/\/www.europesays.com\/it\/wp-json\/wp\/v2\/media\/530575"}],"wp:attachment":[{"href":"https:\/\/www.europesays.com\/it\/wp-json\/wp\/v2\/media?parent=530574"}],"wp:term":[{"taxonomy":"category","embeddable":true,"href":"https:\/\/www.europesays.com\/it\/wp-json\/wp\/v2\/categories?post=530574"},{"taxonomy":"post_tag","embeddable":true,"href":"https:\/\/www.europesays.com\/it\/wp-json\/wp\/v2\/tags?post=530574"}],"curies":[{"name":"wp","href":"https:\/\/api.w.org\/{rel}","templated":true}]}}