{"id":530586,"date":"2026-06-09T09:40:16","date_gmt":"2026-06-09T09:40:16","guid":{"rendered":"https:\/\/www.europesays.com\/it\/530586\/"},"modified":"2026-06-09T09:40:16","modified_gmt":"2026-06-09T09:40:16","slug":"cool-e-comode-davvero-le-scarpe-apprezzate-dalle-celebrities-e-anche-dai-podologi","status":"publish","type":"post","link":"https:\/\/www.europesays.com\/it\/530586\/","title":{"rendered":"Cool e comode (davvero!): le scarpe apprezzate dalle celebrities\u2026 e anche dai podologi"},"content":{"rendered":"<p>Avvistate negli ultimi anni ai piedi di <strong>Bella Hadid, Katie Holmes, Selena Gomez, Jenna Ortega, Alexa Chung e Julia Roberts<\/strong>, per citarne solo alcune delle numerose fan del brand, <strong>le ballerine, le mary-jane e persino le d\u00e9collet\u00e9<\/strong> di Vivaia combinano solette imbottite, tallone ammortizzato e un design accattivante. Il brand \u00e8, in altre parole, riuscito a trasformare scarpe femminili e spesso associate a una certa scomodit\u00e0 e sofferenza, in calzature comode che favoriscono la salute del piede, della caviglia e della schiena.<\/p>\n<p><img decoding=\"async\" alt=\"Selena Gomez indossa un modello di ballerine maryjane di Vivaia.\" loading=\"lazy\" class=\"ResponsiveImageContainer-dkeESL cQPiWi responsive-image__image\"   src=\"https:\/\/www.europesays.com\/it\/wp-content\/uploads\/2026\/06\/Selena%20Gomez%20in%20Vivaia%203742413252585141237_31301179668_2025-10-13T10-14-11Z.jpg\"\/><\/p>\n<p>Selena Gomez indossa un modello di ballerine mary-jane di Vivaia.<\/p>\n<p>BACKGRID<\/p>\n<p>Alla ricerca di calzature dalle caratteristiche analoghe, mi sono imbattuta in <a data-offer-url=\"https:\/\/www.michiganfootdoctors.com\/\" class=\"external-link\" data-event-click=\"{&quot;element&quot;:&quot;ExternalLink&quot;,&quot;outgoingURL&quot;:&quot;https:\/\/www.michiganfootdoctors.com\/&quot;}\" href=\"https:\/\/www.michiganfootdoctors.com\/\" rel=\"nofollow noopener\" target=\"_blank\">un sito di podologi<\/a>, ancora una volta americani, che hanno analizzato diversi brand popolari condividendo informazioni interessanti. \u00c8 innanzitutto importante sottolineare che <strong>non esiste una scarpa perfetta per tutti<\/strong>, perch\u00e9 &#8211; \u00e8 forse ovvio, ma giova ricordarlo &#8211; ogni piede ha esigenze diverse e ci\u00f2 che rappresenta l&#8217;opzione migliore per qualcuno pu\u00f2 rivelarsi persino dannosa per altri. Una volta individuate le caratteristiche e le necessit\u00e0 del proprio piede &#8211; che si tratti di un maggiore sostegno, di pi\u00f9 ammortizzazione o semplicemente di una forma pi\u00f9 adatta alla propria anatomia &#8211; non sar\u00e0 difficile trovare opzioni che soddisfino esigenze funzionali e al tempo stesso estetiche.<\/p>\n","protected":false},"excerpt":{"rendered":"Avvistate negli ultimi anni ai piedi di Bella Hadid, Katie Holmes, Selena Gomez, Jenna Ortega, Alexa Chung e&hellip;\n","protected":false},"author":3,"featured_media":530587,"comment_status":"","ping_status":"","sticky":false,"template":"","format":"standard","meta":{"footnotes":"","_share_on_mastodon":"0"},"categories":[174],"tags":[33080,25553,203,204,1537,90,89,2365,14285],"class_list":["post-530586","post","type-post","status-publish","format-standard","has-post-thumbnail","category-intrattenimento","tag-ballerine","tag-bella-hadid","tag-entertainment","tag-intrattenimento","tag-it","tag-italia","tag-italy","tag-katie-holmes","tag-scarpe"],"share_on_mastodon":{"url":"https:\/\/pubeurope.com\/@it\/116719494083959402","error":""},"_links":{"self":[{"href":"https:\/\/www.europesays.com\/it\/wp-json\/wp\/v2\/posts\/530586","targetHints":{"allow":["GET"]}}],"collection":[{"href":"https:\/\/www.europesays.com\/it\/wp-json\/wp\/v2\/posts"}],"about":[{"href":"https:\/\/www.europesays.com\/it\/wp-json\/wp\/v2\/types\/post"}],"author":[{"embeddable":true,"href":"https:\/\/www.europesays.com\/it\/wp-json\/wp\/v2\/users\/3"}],"replies":[{"embeddable":true,"href":"https:\/\/www.europesays.com\/it\/wp-json\/wp\/v2\/comments?post=530586"}],"version-history":[{"count":0,"href":"https:\/\/www.europesays.com\/it\/wp-json\/wp\/v2\/posts\/530586\/revisions"}],"wp:featuredmedia":[{"embeddable":true,"href":"https:\/\/www.europesays.com\/it\/wp-json\/wp\/v2\/media\/530587"}],"wp:attachment":[{"href":"https:\/\/www.europesays.com\/it\/wp-json\/wp\/v2\/media?parent=530586"}],"wp:term":[{"taxonomy":"category","embeddable":true,"href":"https:\/\/www.europesays.com\/it\/wp-json\/wp\/v2\/categories?post=530586"},{"taxonomy":"post_tag","embeddable":true,"href":"https:\/\/www.europesays.com\/it\/wp-json\/wp\/v2\/tags?post=530586"}],"curies":[{"name":"wp","href":"https:\/\/api.w.org\/{rel}","templated":true}]}}