{"id":530614,"date":"2026-06-09T10:05:14","date_gmt":"2026-06-09T10:05:14","guid":{"rendered":"https:\/\/www.europesays.com\/it\/530614\/"},"modified":"2026-06-09T10:05:14","modified_gmt":"2026-06-09T10:05:14","slug":"greenwood-dice-si-alla-roma-intesa-sullingaggio-la-richiesta-del-marsiglia-e-il-piano-dei-giallorossi","status":"publish","type":"post","link":"https:\/\/www.europesays.com\/it\/530614\/","title":{"rendered":"Greenwood dice s\u00ec alla Roma: intesa sull&#8217;ingaggio, la richiesta del Marsiglia e il piano dei giallorossi"},"content":{"rendered":"<p>La Roma crede all&#8217;affare Greenwood: base d&#8217;intesa sull&#8217;ingaggio, la richiesta del Marsiglia e i contorni dell&#8217;operazione.<\/p>\n<p><b><strong>Mason Greenwood<\/strong><\/b> non \u00e8 pi\u00f9 un sogno remoto:<b><strong> \u00e8 un desiderio concreto per la Roma<\/strong><\/b>.<\/p>\n<p>L&#8217;attaccante inglese \u00e8 il grande obiettivo individuato dai giallorossi per consegnare a Gian Piero Gasperini un attacco di livello internazionale, pronto per affrontare la prossima Champions League.<\/p>\n<p>Gli sviluppi delle ultime ore hanno portato buone notizie, con la sconfitta del candidato <b><strong>Hakan Safi <\/strong><\/b>alle elezioni per la presidenza del <b><strong>Fenerbahce <\/strong><\/b>ha perso quota la pista che porta al club turco e si sono spalancate le porte per i capitolini, pronti ora a fare sul serio.<\/p>\n","protected":false},"excerpt":{"rendered":"La Roma crede all&#8217;affare Greenwood: base d&#8217;intesa sull&#8217;ingaggio, la richiesta del Marsiglia e i contorni dell&#8217;operazione. Mason Greenwood&hellip;\n","protected":false},"author":3,"featured_media":530615,"comment_status":"","ping_status":"","sticky":false,"template":"","format":"standard","meta":{"footnotes":"","_share_on_mastodon":"0"},"categories":[176],"tags":[353,1537,90,89,42624,261760,14946,14944,987,251,245,244,355],"class_list":["post-530614","post","type-post","status-publish","format-standard","has-post-thumbnail","category-sport","tag-calciomercato","tag-it","tag-italia","tag-italy","tag-ligue-1","tag-m-greenwood","tag-marseille","tag-marsiglia","tag-roma","tag-serie-a","tag-sport","tag-sports","tag-transfers"],"share_on_mastodon":{"url":"https:\/\/pubeurope.com\/@it\/116719591573557056","error":""},"_links":{"self":[{"href":"https:\/\/www.europesays.com\/it\/wp-json\/wp\/v2\/posts\/530614","targetHints":{"allow":["GET"]}}],"collection":[{"href":"https:\/\/www.europesays.com\/it\/wp-json\/wp\/v2\/posts"}],"about":[{"href":"https:\/\/www.europesays.com\/it\/wp-json\/wp\/v2\/types\/post"}],"author":[{"embeddable":true,"href":"https:\/\/www.europesays.com\/it\/wp-json\/wp\/v2\/users\/3"}],"replies":[{"embeddable":true,"href":"https:\/\/www.europesays.com\/it\/wp-json\/wp\/v2\/comments?post=530614"}],"version-history":[{"count":0,"href":"https:\/\/www.europesays.com\/it\/wp-json\/wp\/v2\/posts\/530614\/revisions"}],"wp:featuredmedia":[{"embeddable":true,"href":"https:\/\/www.europesays.com\/it\/wp-json\/wp\/v2\/media\/530615"}],"wp:attachment":[{"href":"https:\/\/www.europesays.com\/it\/wp-json\/wp\/v2\/media?parent=530614"}],"wp:term":[{"taxonomy":"category","embeddable":true,"href":"https:\/\/www.europesays.com\/it\/wp-json\/wp\/v2\/categories?post=530614"},{"taxonomy":"post_tag","embeddable":true,"href":"https:\/\/www.europesays.com\/it\/wp-json\/wp\/v2\/tags?post=530614"}],"curies":[{"name":"wp","href":"https:\/\/api.w.org\/{rel}","templated":true}]}}