{"id":53070,"date":"2025-08-17T18:37:10","date_gmt":"2025-08-17T18:37:10","guid":{"rendered":"https:\/\/www.europesays.com\/it\/53070\/"},"modified":"2025-08-17T18:37:10","modified_gmt":"2025-08-17T18:37:10","slug":"ecco-dove-piovera-di-piu","status":"publish","type":"post","link":"https:\/\/www.europesays.com\/it\/53070\/","title":{"rendered":"ecco dove piover\u00e0 di pi\u00f9"},"content":{"rendered":"<p><img decoding=\"async\" fetchpriority=\"high\" loading=\"eager\" itemprop=\"image\" class=\"news_content_image\" src=\"https:\/\/www.europesays.com\/it\/wp-content\/uploads\/2025\/08\/burrascaoiggi-170825.jpg\" alt=\"\" title=\"Burrasca di fine estate imminente\" width=\"700\" height=\"525\"\/>Burrasca di fine estate imminente\n<\/p>\n<p><b>Il bel tempo estivo sta per cedere il passo a un&#8217;intensa ondata di maltempo! <\/b>Il nostro Paese sta per essere interessato dall&#8217;ingresso di una intensa perturbazione che scatener\u00e0 una fase di <b>maltempo<\/b> insidiosa e diffusa, in particolare al Centro-Nord. <br \/>Alto il rischio di osservare <b>fenomeni meteo estremi<\/b>.<\/p>\n<p><b>STA PER ARRIVARE LA SVOLTA METEO CON LA BURRASCA DI FINE AGOSTO<br \/>Tra Mercoled\u00ec 20 e Gioved\u00ec 21<\/b> le cose cambieranno drasticamente. L&#8217;arrivo di correnti instabili dal Nord Europa daranno vita a una forte <b>perturbazione<\/b> che porter\u00e0 con s\u00e9 la tipica <b>burrasca di fine Agosto<\/b>.<br \/>Questo scenario \u00e8 il risultato dello scontro tra due masse d&#8217;aria opposte: l&#8217;aria fredda che scende dal Nord Europa e quella calda che sale dal Nord Africa. Il contrasto termico aumenter\u00e0 il rischio di fenomeni estremi come <b>nubifragi<\/b>, <b>grandinate<\/b> e forti raffiche di vento. Insomma, si profila una vera e propria <b>ondata di maltempo<\/b> su molte regioni italiane, in particolare su <b>Liguria, Lombardia, Veneto, Friuli e Toscana<\/b>.<\/p>\n<p><b>RISCHIO FENOMENI ESTREMI, COSA ASPETTARSI:<br \/><\/b>Gli ultimi aggiornamenti non escludono la possibilit\u00e0 di <b>allagamenti<\/b> e <b>alluvioni lampo<\/b>. Questi fenomeni possono scaricare fino a <b>150 mm di pioggia in poche ore<\/b>, una quantit\u00e0 che solitamente cade in quasi due mesi in molte citt\u00e0 del Centro-Nord. Le precipitazioni saranno accompagnate da raffiche di vento che potrebbero superare i <b>100 km\/h<\/b>. Oltre al maltempo, assisteremo anche a un deciso calo delle temperature: un&#8217;autentica <b>rinfrescata<\/b> su tutta l&#8217;Italia.<img decoding=\"async\" fetchpriority=\"low\" loading=\"lazy\" itemprop=\"image\" class=\"news_content_image\" src=\"https:\/\/www.europesays.com\/it\/wp-content\/uploads\/2025\/08\/mappapioggia-170825.jpg\" alt=\"\" title=\"Le aree a rischio forti temporali da mercoled\u00ec 20\" width=\"700\" height=\"553\"\/>Le aree a rischio forti temporali da mercoled\u00ec 20Un fattore da tenere in considerazione, infine, anche per le prossime settimane\/mesi sar\u00e0 la <b>temperatura gi\u00e0 fin troppo elevata dei nostri mari,<\/b> che potrebbe fornire l&#8217;energia necessaria in pi\u00f9 per lo sviluppo di celle temporalesche particolarmente violente.<\/p>\n<p>Secondo un recente <a href=\"https:\/\/www.sciencedirect.com\/science\/article\/abs\/pii\/S0169809521000557\" rel=\"nofollow noopener\" target=\"_blank\"><b>studio del CNR<\/b><\/a> (Consiglio Nazionale delle Ricerche) le temperature sempre pi\u00f9 elevate di mari stanno favorendo un aumento delle precipitazioni e degli eventi meteo estremi. Infatti, valori termici sempre pi\u00f9 elevati si traducono in una maggiore evaporazione dai mari e dunque in una concentrazione sempre pi\u00f9 elevata di umidit\u00e0 nei bassi strati dell&#8217;atmosfera, la vera energia potenziale di cui si nutrono tempeste e cicloni.<\/p>\n<p>Per concludere, i segnali per una <b>decisa svolta<\/b> dopo il caldo rovente e opprimente ci sono, non resta che seguire passo passo gli aggiornamenti e rimanere sempre informati con i nostri editoriali.<\/p>\n","protected":false},"excerpt":{"rendered":"Burrasca di fine estate imminente Il bel tempo estivo sta per cedere il passo a un&#8217;intensa ondata di&hellip;\n","protected":false},"author":3,"featured_media":53071,"comment_status":"","ping_status":"","sticky":false,"template":"","format":"standard","meta":{"footnotes":""},"categories":[79],"tags":[14,93,94,1537,90,89,419,7,15,11,84,91,12,85,92],"class_list":{"0":"post-53070","1":"post","2":"type-post","3":"status-publish","4":"format-standard","5":"has-post-thumbnail","7":"category-italia","8":"tag-cronaca","9":"tag-cronaca-italiana","10":"tag-cronacaitaliana","11":"tag-it","12":"tag-italia","13":"tag-italy","14":"tag-meteo","15":"tag-news","16":"tag-notizie","17":"tag-ultime-notizie","18":"tag-ultime-notizie-e-news-di-oggi","19":"tag-ultime-notizie-italia","20":"tag-ultimenotizie","21":"tag-ultimenotizieenewsdioggi","22":"tag-ultimenotizieitalia"},"share_on_mastodon":{"url":"","error":""},"_links":{"self":[{"href":"https:\/\/www.europesays.com\/it\/wp-json\/wp\/v2\/posts\/53070","targetHints":{"allow":["GET"]}}],"collection":[{"href":"https:\/\/www.europesays.com\/it\/wp-json\/wp\/v2\/posts"}],"about":[{"href":"https:\/\/www.europesays.com\/it\/wp-json\/wp\/v2\/types\/post"}],"author":[{"embeddable":true,"href":"https:\/\/www.europesays.com\/it\/wp-json\/wp\/v2\/users\/3"}],"replies":[{"embeddable":true,"href":"https:\/\/www.europesays.com\/it\/wp-json\/wp\/v2\/comments?post=53070"}],"version-history":[{"count":0,"href":"https:\/\/www.europesays.com\/it\/wp-json\/wp\/v2\/posts\/53070\/revisions"}],"wp:featuredmedia":[{"embeddable":true,"href":"https:\/\/www.europesays.com\/it\/wp-json\/wp\/v2\/media\/53071"}],"wp:attachment":[{"href":"https:\/\/www.europesays.com\/it\/wp-json\/wp\/v2\/media?parent=53070"}],"wp:term":[{"taxonomy":"category","embeddable":true,"href":"https:\/\/www.europesays.com\/it\/wp-json\/wp\/v2\/categories?post=53070"},{"taxonomy":"post_tag","embeddable":true,"href":"https:\/\/www.europesays.com\/it\/wp-json\/wp\/v2\/tags?post=53070"}],"curies":[{"name":"wp","href":"https:\/\/api.w.org\/{rel}","templated":true}]}}