{"id":530736,"date":"2026-06-09T11:53:20","date_gmt":"2026-06-09T11:53:20","guid":{"rendered":"https:\/\/www.europesays.com\/it\/530736\/"},"modified":"2026-06-09T11:53:20","modified_gmt":"2026-06-09T11:53:20","slug":"ecco-come-sara-la-nuova-motogp-una-sola-moto-nelle-prove-e-meno-tempo-in-pista","status":"publish","type":"post","link":"https:\/\/www.europesays.com\/it\/530736\/","title":{"rendered":"Ecco come sar\u00e0 la nuova MotoGP: una sola moto nelle prove e meno tempo in pista"},"content":{"rendered":"<p>In attesa che gli accordi raggiunti in occasione dell\u2019ultimo incontro dell\u2019Associazione dei Costruttori (MSMA) vengano messi per iscritto e acquisiscano definitivamente il carattere ufficiale richiesto, \u00e8 tutto pronto affinch\u00e9 la MotoGP subisca una svolta radicale in alcuni degli aspetti fondamentali dei Gran Premi in vista del 2027.<\/p>\n<p>Ovviamente, trattandosi di una questione che avr\u00e0 un impatto diretto sul regolamento tecnico, la sua approvazione \u00e8 soggetta a una votazione in seno alla Grand Prix Commission (MotoGP SEG, FIM, IRTA e MSMA), l&#8217;organo che convalida le modifiche di questa portata.<\/p>\n<p>La maggior parte delle misure che saranno applicate rispondono all&#8217;interesse comune di limitare la spesa dei team e dei marchi. Tuttavia, all&#8217;interno della stessa MSMA c&#8217;\u00e8 chi nutre alcune riserve sull&#8217;efficacia di alcuni di questi cambiamenti previsti. Tra tutte, probabilmente <a href=\"https:\/\/it.motorsport.com\/motogp\/news\/la-motogp-sta-valutando-il-passaggio-da-due-moto-ad-una-sola-per-i-piloti-a-partire-dal-2027\/10822358\/\" data-custom-text=\"1\" rel=\"nofollow noopener\" target=\"_blank\">la pi\u00f9 evidente sar\u00e0 la scomparsa di una delle due moto che ogni pilota ha a disposizione nel proprio box, un&#8217;iniziativa di cui Motorsport.com ha gi\u00e0 dato notizia il mese scorso<\/a>. Con il passare dei giorni e dei Gran Premi, stanno gradualmente trapelando ulteriori dettagli su come dovrebbe essere strutturato il campionato a partire dal prossimo anno.<\/p>\n<p>Motorsport.com ritiene che il passaggio da due moto a una sar\u00e0 limitato esclusivamente alle sessioni di prove, sia del venerd\u00ec che del sabato, ma che i piloti avranno a disposizione entrambi i prototipi durante le gare, sia nella gara breve (Sprint) del sabato, che in quella lunga della domenica.<\/p>\n<p>   <img decoding=\"async\" draggable=\"false\" src=\"https:\/\/www.europesays.com\/it\/wp-content\/uploads\/2026\/06\/il-box-della-ducati.jpg\" alt=\"Los pilotos dispondr\u00e1n de dos motos solo para las carreras, reduci\u00e9ndose a una en los ensayos\" width=\"1200\" height=\"800\" loading=\"lazy\"\/> <\/p>\n<p class=\"title\">I piloti avranno a disposizione due moto solo per le gare, mentre nelle prove si ridurr\u00e0 a una sola<\/p>\n<p class=\"photographer\">Foto di: Matteo Nugnes<\/p>\n<p>Questo formato, che sotto questo aspetto specifico si discosta da quello utilizzato nel WorldSBK, consentirebbe di mantenere le gare &#8220;flag to flag&#8221;, cos\u00ec rappresentative della MotoGP e che non si verificano nel campionato delle moto derivate dalla serie.<\/p>\n<p>A questo proposito, vale la pena tenere presente che la natura dei prototipi della MotoGP rende un&#8217;operazione come il cambio gomme una manovra pi\u00f9 complessa rispetto al WorldSBK, dove \u00e8 stabilito un tempo minimo quando le condizioni cambiano e l&#8217;organizzazione ordina la sosta ai box, che avviene in contemporanea.<\/p>\n<p>Poter contare su due moto eviterebbe casi come quello che si sarebbe verificato \u2013 nell\u2019ipotesi di mantenere la limitazione a una sola moto in gara \u2013 la domenica del Gran Premio di Catalogna, a Montmel\u00f3. Gli incidenti multipli, in cui sono stati coinvolti fino a sei piloti, avrebbero portato a una griglia piena di spazi vuoti alla ripartenza finale, dopo la seconda bandiera rossa.<\/p>\n<p>Tuttavia, la seconda moto non scompare, ma rimane nascosta, pronta affinch\u00e9 i tecnici designati, presumibilmente dell&#8217;Associazione dei Team (IRTA), diano l&#8217;ok per il suo trasferimento nella parte anteriore del box e la rendano idonea a tornare in pista.<\/p>\n<p>   <img decoding=\"async\" draggable=\"false\" src=\"https:\/\/www.europesays.com\/it\/wp-content\/uploads\/2026\/06\/red-bull-ktm-tech-3-garage.jpg\" alt=\"A partir de 2027 se limitar\u00e1 el n\u00famero de personal que podr\u00e1 tocar las motos en el box\" width=\"1200\" height=\"800\" loading=\"lazy\"\/> <\/p>\n<p class=\"title\">A partire dal 2027 sar\u00e0 limitato il numero di personale che potr\u00e0 toccare le moto nel box<\/p>\n<p class=\"photographer\">Foto di: Gold and Goose Photography \/ Getty Images<\/p>\n<p>Motorsport.com ritiene che questa operazione richieder\u00e0 un certo tempo, circostanza che render\u00e0 impossibile per un pilota che, ad esempio, cada e distrugga la propria moto nella prima sessione di prove libere, tornare in pista prima della sessione successiva.<\/p>\n<p>Questo cambiamento cos\u00ec evidente sar\u00e0 accompagnato da altri, meno riconoscibili agli occhi dello spettatore, ma molto rilevanti all&#8217;interno dell&#8217;operativit\u00e0 deli box. Come, ad esempio, la riduzione della durata delle prove libere, una misura che mira a ridurre l&#8217;usura dei componenti dei prototipi, tutti soggetti ad un chilometraggio prestabilito.<\/p>\n<p>Parallelamente, la MSMA vuole anche limitare le ore di lavoro del personale delle scuderie, in quello che sarebbe l&#8217;equivalente del &#8220;curfew&#8221; (coprifuoco) che da anni viene utilizzato in F1. Allo stesso tempo, si sta cercando un sistema che consenta di lavorare sulle moto solo ai tecnici e ai meccanici designati a tale scopo.<\/p>\n<p>            Vogliamo la vostra opinione!<\/p>\n<p class=\"mt-auto\">Cosa vorresti vedere su Motorsport.com?<\/p>\n<p>            <a href=\"#\" class=\"ms-link text-link font-bold\">Partecipate al nostro sondaggio di 5 minuti.<\/a><\/p>\n<p class=\"mt-1 text-body\">&#8211; Il team di Motorsport.com<\/p>\n","protected":false},"excerpt":{"rendered":"In attesa che gli accordi raggiunti in occasione dell\u2019ultimo incontro dell\u2019Associazione dei Costruttori (MSMA) vengano messi per iscritto&hellip;\n","protected":false},"author":3,"featured_media":530737,"comment_status":"","ping_status":"","sticky":false,"template":"","format":"standard","meta":{"footnotes":"","_share_on_mastodon":"0"},"categories":[176],"tags":[8479,2834,292946,6152,1537,90,89,1785,8478,245,244,8480],"class_list":["post-530736","post","type-post","status-publish","format-standard","has-post-thumbnail","category-sport","tag-aprilia-racing-team","tag-ducati-team","tag-ecco-come-saru00e0-la-nuova-motogp-una-sola-moto-nelle-prove-e-meno-tempo-in-pista","tag-honda-hrc","tag-it","tag-italia","tag-italy","tag-motogp","tag-red-bull-ktm-factory-racing","tag-sport","tag-sports","tag-yamaha-factory-racing"],"share_on_mastodon":{"url":"https:\/\/pubeurope.com\/@it\/116720016254521383","error":""},"_links":{"self":[{"href":"https:\/\/www.europesays.com\/it\/wp-json\/wp\/v2\/posts\/530736","targetHints":{"allow":["GET"]}}],"collection":[{"href":"https:\/\/www.europesays.com\/it\/wp-json\/wp\/v2\/posts"}],"about":[{"href":"https:\/\/www.europesays.com\/it\/wp-json\/wp\/v2\/types\/post"}],"author":[{"embeddable":true,"href":"https:\/\/www.europesays.com\/it\/wp-json\/wp\/v2\/users\/3"}],"replies":[{"embeddable":true,"href":"https:\/\/www.europesays.com\/it\/wp-json\/wp\/v2\/comments?post=530736"}],"version-history":[{"count":0,"href":"https:\/\/www.europesays.com\/it\/wp-json\/wp\/v2\/posts\/530736\/revisions"}],"wp:featuredmedia":[{"embeddable":true,"href":"https:\/\/www.europesays.com\/it\/wp-json\/wp\/v2\/media\/530737"}],"wp:attachment":[{"href":"https:\/\/www.europesays.com\/it\/wp-json\/wp\/v2\/media?parent=530736"}],"wp:term":[{"taxonomy":"category","embeddable":true,"href":"https:\/\/www.europesays.com\/it\/wp-json\/wp\/v2\/categories?post=530736"},{"taxonomy":"post_tag","embeddable":true,"href":"https:\/\/www.europesays.com\/it\/wp-json\/wp\/v2\/tags?post=530736"}],"curies":[{"name":"wp","href":"https:\/\/api.w.org\/{rel}","templated":true}]}}