{"id":530789,"date":"2026-06-09T12:40:16","date_gmt":"2026-06-09T12:40:16","guid":{"rendered":"https:\/\/www.europesays.com\/it\/530789\/"},"modified":"2026-06-09T12:40:16","modified_gmt":"2026-06-09T12:40:16","slug":"italia-il-prossimo-ct-mancini-conte-o-baldini-il-sondaggio","status":"publish","type":"post","link":"https:\/\/www.europesays.com\/it\/530789\/","title":{"rendered":"Italia, il prossimo ct: Mancini, Conte o Baldini? Il sondaggio"},"content":{"rendered":"<p>                                La gestione di Silvio nelle due amichevoli \u00e8 piaciuta, ma il favorito resta Roberto, con Antonio sullo sfondo<\/p>\n<p class=\"paragraph\" spellcheck=\"true\">La malinconia cresce proporzionalmente all&#8217;avvicinarsi del fischio d&#8217;inizio. Fa parte dell&#8217;elaborazione del lutto: all&#8217;inizio non sembra vero, poi arriva la fase in cui ci sono mille cose a cui pensare, a cui badare. Infine c&#8217;\u00e8 l&#8217;inevitabile presa di coscienza, che \u00e8 poi il momento pi\u00f9 doloroso: il Mondiale che inizia fra poche ore ci rimette davanti allo sprofondo, mentre ai piani alti della Figc provano ad allestire l&#8217;ennesima ripartenza. Serve un presidente e serve un commissario tecnico. Per quanto riguarda la panchina, nell&#8217;ultimo mese lo scenario \u00e8 cambiato parecchio. Se qualche settimana fa, in pieno shock, i nomi pi\u00f9 caldi erano stati Conte e Allegri, adesso non \u00e8 pi\u00f9 cos\u00ec. Antonio c&#8217;\u00e8 ancora ma \u00e8 pi\u00f9 sullo sfondo, mentre a Napoli De Laurentiis \u00e8 finalmente riuscito a strappare il s\u00ec di Max. Quali le strade percorribili, dunque?<\/p>\n<p> I sondaggi online di Gazzetta.it non hanno un valore statistico,<br \/>\n            si tratta di rilevazioni non basate su un campione elaborato scientificamente. Hanno lo scopo di permettere<br \/>\n            ai lettori di esprimere la propria opinione sui temi di attualit\u00e0. Le percentuali non tengono conto<br \/>\n            dei valori decimali. In alcuni casi, quindi, la somma pu\u00f2 risultare superiore a 100.<\/p>\n<p>        senza filtri\u2014 \u00a0<\/p>\n<p class=\"paragraph\" spellcheck=\"true\">Iniziamo da chi si \u00e8 preso la responsabilit\u00e0 di gestire il ritorno in campo della Nazionale dopo la terza Apocalisse azzurra. Silvio Baldini merita una menzione speciale perch\u00e9 banalizzare e minimizzare la situazione definendolo traghettatore non rende giustizia: il coefficiente di esposizione era comunque consistente e lui oltre ad averci messo la faccia ci ha messo anche le sue idee. O meglio: i suoi ragazzi dell&#8217;Under, un po&#8217; per dare coerenza al percorso e un po&#8217; perch\u00e9 &#8211; mai come questa volta &#8211; occorreva riuscire a mettere in vetrina qualche giocatore da cui ripartire in vista del prossimo ciclo. Baldini dopo aver vinto con Lussemburgo e Grecia ha parlato come sempre senza filtri, ricordando di non essere &#8220;uno scappato di casa&#8221;, ma si \u00e8 schermito quando gli sono state fatte domande dirette su una possibile conferma alla guida dell&#8217;Italia. No, non sar\u00e0 lui a riprendere per mano la Nazionale, anche se c&#8217;\u00e8 una fetta di opinione pubblica a cui non dispiacerebbe: Baldini piace per la schiettezza e, ovviamente, per la capacit\u00e0 di lavorare con i ragazzi. Ma in via Allegri &#8211; non da ora &#8211; preferiscono affidarsi a un nome di maggior spessore, anche a livello di impatto mediatico.<\/p>\n<p><a class=\"is-partner-link\" href=\"https:\/\/fantacampionato.gazzetta.it\/home?intcmp=CTAMondiale26\" rel=\"nofollow noopener\" target=\"_blank\">Dimostra di essere il migliore: il fantaconcorso pi\u00f9 ricco d&#8217;Italia diventa Mondiale! Abbonati a soli 9,99\u20ac<\/a><\/p>\n<p>        contratto\u2014 \u00a0<\/p>\n<p class=\"paragraph\" spellcheck=\"true\">Ecco perch\u00e9 negli ultimi giorni \u00e8 tornato &#8211; forte &#8211; il nome di Roberto Mancini. C&#8217;\u00e8 chi la vede un&#8217;eresia calcistica, considerata la deriva inarrestabile avvenuta dopo la vittoria dell&#8217;Europeo. C&#8217;\u00e8 anche chi ironizza sul fatto che tornerebbe in panchina proprio uno degli allenatori con cui non siamo riusciti a qualificarci ai Mondiali nell&#8217;ultimo tragico trittico. Ma in questo momento \u00e8 il profilo pi\u00f9 accreditato (andrebbe a percepire circa 2 milioni a stagione), una figura che &#8211; al netto della disillusione post Europeo &#8211; saprebbe comunque dove mettere le mani per ripartire e iniziare un nuovo ciclo a medio termine. Mancini dunque candidato forte per la panchina azzurra &#8211; pronto un contratto quadriennale, quindi fino al prossimo Mondiale -, con buona pace di Conte, che si era praticamente auto-candidato. La data da cerchiare sul calendario sar\u00e0 quella del 22 giugno, quando sar\u00e0 eletto il nuovo presidente federale. Per quanto riguarda gli impegni di campo, l&#8217;Italia si raduner\u00e0 a Coverciano il 21 settembre e poi affronter\u00e0 in Nations il Belgio, la Francia e due volte la Turchia.<\/p>\n<p class=\"is-copyright\">\u00a9 RIPRODUZIONE RISERVATA<\/p>\n","protected":false},"excerpt":{"rendered":"La gestione di Silvio nelle due amichevoli \u00e8 piaciuta, ma il favorito resta Roberto, con Antonio sullo sfondo&hellip;\n","protected":false},"author":3,"featured_media":530790,"comment_status":"","ping_status":"","sticky":false,"template":"","format":"standard","meta":{"footnotes":"","_share_on_mastodon":"0"},"categories":[1452],"tags":[3076,119,293019,3187,65204,721,921,2409,16936,2790,6693,3889,26664,1740,3440,1302,1537,90,89,6248,9476,963,1353,1693,3484,135,1917,4262,1699,7301,72433,9638,2181,26532,16640,1739,245,244],"class_list":["post-530789","post","type-post","status-publish","format-standard","has-post-thumbnail","category-calcio","tag-allegri","tag-antonio","tag-antonio-sfondo","tag-azzurra","tag-baldini","tag-calcio","tag-campo","tag-candidato","tag-ciclo","tag-conte","tag-contratto","tag-europeo","tag-filtri","tag-football","tag-forte","tag-inizio","tag-it","tag-italia","tag-italy","tag-mancini","tag-messo","tag-mettere","tag-mondiale","tag-nome","tag-panchina","tag-presidente","tag-pronto","tag-prossimo","tag-ragazzi","tag-riguarda","tag-ripartire","tag-roberto","tag-serve","tag-sfondo","tag-silvio","tag-soccer","tag-sport","tag-sports"],"share_on_mastodon":{"url":"https:\/\/pubeurope.com\/@it\/116720201139537335","error":""},"_links":{"self":[{"href":"https:\/\/www.europesays.com\/it\/wp-json\/wp\/v2\/posts\/530789","targetHints":{"allow":["GET"]}}],"collection":[{"href":"https:\/\/www.europesays.com\/it\/wp-json\/wp\/v2\/posts"}],"about":[{"href":"https:\/\/www.europesays.com\/it\/wp-json\/wp\/v2\/types\/post"}],"author":[{"embeddable":true,"href":"https:\/\/www.europesays.com\/it\/wp-json\/wp\/v2\/users\/3"}],"replies":[{"embeddable":true,"href":"https:\/\/www.europesays.com\/it\/wp-json\/wp\/v2\/comments?post=530789"}],"version-history":[{"count":0,"href":"https:\/\/www.europesays.com\/it\/wp-json\/wp\/v2\/posts\/530789\/revisions"}],"wp:featuredmedia":[{"embeddable":true,"href":"https:\/\/www.europesays.com\/it\/wp-json\/wp\/v2\/media\/530790"}],"wp:attachment":[{"href":"https:\/\/www.europesays.com\/it\/wp-json\/wp\/v2\/media?parent=530789"}],"wp:term":[{"taxonomy":"category","embeddable":true,"href":"https:\/\/www.europesays.com\/it\/wp-json\/wp\/v2\/categories?post=530789"},{"taxonomy":"post_tag","embeddable":true,"href":"https:\/\/www.europesays.com\/it\/wp-json\/wp\/v2\/tags?post=530789"}],"curies":[{"name":"wp","href":"https:\/\/api.w.org\/{rel}","templated":true}]}}