{"id":530882,"date":"2026-06-09T14:00:27","date_gmt":"2026-06-09T14:00:27","guid":{"rendered":"https:\/\/www.europesays.com\/it\/530882\/"},"modified":"2026-06-09T14:00:27","modified_gmt":"2026-06-09T14:00:27","slug":"lba-con-9-squadre-nelle-coppe-europee-2026-27-il-quadro-completo","status":"publish","type":"post","link":"https:\/\/www.europesays.com\/it\/530882\/","title":{"rendered":"LBA con 9 squadre nelle Coppe Europee 2026-27: il quadro completo"},"content":{"rendered":"<p> 5<\/p>\n<p class=\"wp-block-paragraph\">Un traguardo storico per la nostra pallacanestro: nella stagione 2026-27, pi\u00f9 della met\u00e0 delle squadre iscritte alla Serie A valicher\u00e0 i confini nazionali per disputare una competizione continentale. <strong>Ben nove formazioni italiane,<\/strong> infatti, sono pronte a prendere parte alle prossime coppe europee, ridisegnando la mappa del potere cestistico nostrano in Europa. Se le certezze ai vertici assoluti restano invariate, le vere novit\u00e0 arrivano dal piano di sotto, con una rivoluzione targata <strong>ECA<\/strong> e un panorama <strong>FIBA<\/strong> ancora in via di definizione, ma che promette grande spettacolo. A riportarlo \u00e8 La Prealpina.<\/p>\n<p>L\u2019impero ECA: conferme in EuroLeague e la maxi-EuroCup a 32 squadre<\/p>\n<p class=\"wp-block-paragraph\">Nell\u2019\u00e9lite del basket continentale non ci sono sorprese: <a href=\"https:\/\/www.nbapassion.com\/lega-basket-a\/olimpia-milano-reyer-venezia-la-preview-della-finale-scudetto-321160\/\" id=\"https:\/\/www.nbapassion.com\/lega-basket-a\/olimpia-milano-reyer-venezia-la-preview-della-finale-scudetto-321160\/\" rel=\"nofollow noopener\" target=\"_blank\">l\u2019<strong>Olimpia Milano<\/strong><\/a> e la <strong>Virtus Bologna<\/strong> manterranno il loro posto fisso in <strong>EuroLeague<\/strong>, pronte a dare battaglia sui parquet pi\u00f9 caldi d\u2019Europa e a confermarsi tra le corazzate del torneo.<\/p>\n<p class=\"wp-block-paragraph\">Il vero stravolgimento, come riportato da La Prealpina, riguarda per\u00f2 l\u2019<strong>EuroCup<\/strong>. L\u2019ECA \u00e8 ormai a un passo dall\u2019ufficializzare un clamoroso allargamento della competizione, che passer\u00e0 <strong>da 20 a 32 squadre<\/strong>. In questo maxi-torneo l\u2019Italia la far\u00e0 letteralmente da padrona con ben cinque rappresentanti ai nastri di partenza. La continuit\u00e0 del progetto sportivo premia <strong>Aquila Basket Trento<\/strong>, <strong>Reyer Venezia<\/strong> e <strong>Derthona Basket<\/strong>, a cui verr\u00e0 garantita una prestigiosa licenza triennale. A queste si aggiungeranno due wildcard pesantissime: una andr\u00e0 a <strong>Napoli<\/strong>, vogliosa di rilancio internazionale, e l\u2019altra certificher\u00e0 l\u2019ingresso in Europa del neonato e ambiziosissimo progetto di <strong>Roma<\/strong>. Una mossa che conferma la volont\u00e0 della Capitale (che ripartir\u00e0 dal titolo di Cremona o dalla storica Virtus) di bruciare le tappe in vista del grande obiettivo NBA Europe 2028.<\/p>\n<p>Il fronte FIBA: Varese, Reggio Emilia e il rebus Trieste<\/p>\n<p class=\"wp-block-paragraph\">Mentre il quadro ECA \u00e8 ormai delineato, sul fronte FIBA fervono ancora i preparativi. La <strong>Basketball Champions League<\/strong> (BCL) continua a rappresentare un palcoscenico ambitissimo e molto competitivo, e l\u2019Italia si prepara a schierare piazze storiche e caldissime. La <strong>Pallacanestro Reggiana<\/strong> e la <strong>Pallacanestro Varese<\/strong> sono infatti le candidate principali per prendere parte alla prossima edizione della <strong>BCL<\/strong>. Per entrambe le societ\u00e0 si tratta di un\u2019opportunit\u00e0 cruciale per consolidare i propri roster e regalare ai tifosi notti europee di altissimo livello. Resta invece un gigantesco punto interrogativo attorno al nome della <strong>Pallacanestro Trieste<\/strong>. Il futuro europeo dei giuliani \u00e8 strettamente legato alle dinamiche societarie interne e, in particolar modo, alle mosse del proprietario <strong>Paul<\/strong> <strong>Matiasic<\/strong>. Se l\u2019imprenditore decider\u00e0 di concentrare definitivamente i suoi sforzi sul progetto <strong>Virtus<\/strong> <strong>Roma<\/strong>, <strong>Trieste<\/strong> andrebbe inevitabilmente incontro a un ridimensionamento tecnico e finanziario, che potrebbe escluderla dalle competizioni <strong>FIBA<\/strong> o addirittura ridisegnare i suoi piani per la stessa <strong>LBA<\/strong>.<\/p>\n","protected":false},"excerpt":{"rendered":"5 Un traguardo storico per la nostra pallacanestro: nella stagione 2026-27, pi\u00f9 della met\u00e0 delle squadre iscritte alla&hellip;\n","protected":false},"author":3,"featured_media":530883,"comment_status":"","ping_status":"","sticky":false,"template":"","format":"standard","meta":{"footnotes":"","_share_on_mastodon":"0"},"categories":[1453],"tags":[1756,1757,122997,51261,4159,1537,90,89,1868,245,244],"class_list":["post-530882","post","type-post","status-publish","format-standard","has-post-thumbnail","category-basket","tag-basket","tag-basketball","tag-basketball-champions-league","tag-eurocup","tag-euroleague","tag-it","tag-italia","tag-italy","tag-lba","tag-sport","tag-sports"],"share_on_mastodon":{"url":"https:\/\/pubeurope.com\/@it\/116720515729804928","error":""},"_links":{"self":[{"href":"https:\/\/www.europesays.com\/it\/wp-json\/wp\/v2\/posts\/530882","targetHints":{"allow":["GET"]}}],"collection":[{"href":"https:\/\/www.europesays.com\/it\/wp-json\/wp\/v2\/posts"}],"about":[{"href":"https:\/\/www.europesays.com\/it\/wp-json\/wp\/v2\/types\/post"}],"author":[{"embeddable":true,"href":"https:\/\/www.europesays.com\/it\/wp-json\/wp\/v2\/users\/3"}],"replies":[{"embeddable":true,"href":"https:\/\/www.europesays.com\/it\/wp-json\/wp\/v2\/comments?post=530882"}],"version-history":[{"count":0,"href":"https:\/\/www.europesays.com\/it\/wp-json\/wp\/v2\/posts\/530882\/revisions"}],"wp:featuredmedia":[{"embeddable":true,"href":"https:\/\/www.europesays.com\/it\/wp-json\/wp\/v2\/media\/530883"}],"wp:attachment":[{"href":"https:\/\/www.europesays.com\/it\/wp-json\/wp\/v2\/media?parent=530882"}],"wp:term":[{"taxonomy":"category","embeddable":true,"href":"https:\/\/www.europesays.com\/it\/wp-json\/wp\/v2\/categories?post=530882"},{"taxonomy":"post_tag","embeddable":true,"href":"https:\/\/www.europesays.com\/it\/wp-json\/wp\/v2\/tags?post=530882"}],"curies":[{"name":"wp","href":"https:\/\/api.w.org\/{rel}","templated":true}]}}