{"id":53093,"date":"2025-08-17T18:55:09","date_gmt":"2025-08-17T18:55:09","guid":{"rendered":"https:\/\/www.europesays.com\/it\/53093\/"},"modified":"2025-08-17T18:55:09","modified_gmt":"2025-08-17T18:55:09","slug":"temptation-island-torna-in-tv-a-settembre-lindiscrezione-che-fa-sognare-i-fan","status":"publish","type":"post","link":"https:\/\/www.europesays.com\/it\/53093\/","title":{"rendered":"Temptation Island torna in tv a settembre, l&#8217;indiscrezione che fa sognare i fan"},"content":{"rendered":"<p>La prossima edizione di <strong>Temptation Island<\/strong> \u00e8 pi\u00f9 vicina che mai. O cos\u00ec si sussurra tra i corridoi Mediaset. Pare che dopo gli ottimi ascolti delle scorse settimane <strong>Pier Silvio Berlusconi<\/strong> stia valutando una nuova strategia insieme a <strong>Maria De Filippi<\/strong>, che produce il reality show con la sua casa di produzione Fascino. Il programma potrebbe tornare dunque in onda ben prima dell\u2019estate 2026, con grande gioia degli oltre quattro milioni di appassionati spettatori.\n<\/p>\n<p>Temptation Island in tv in inverno<\/p>\n<p>Il successo dell\u2019<a href=\"https:\/\/dilei.it\/spettacolo\/video\/temptation-island-2025-top-flop\/1738643\/\" data-doctype=\"\" rel=\"nofollow noopener\" target=\"_blank\">ultima edizione di Temptation Island <\/a>\u00e8 stato decisamente travolgente: puntata dopo puntata, il reality dei sentimenti ha registrato numeri da record, superando il 30% di share e dimostrando di essere uno dei format pi\u00f9 amati dell\u2019estate televisiva italiana.<\/p>\n<p>Ma ora, una clamorosa indiscrezione sta infiammando il web e gli appassionati del programma. Secondo quanto spifferato da Dagospia, potremmo non dover aspettare l\u2019estate prossima per rivedere tentatori, fal\u00f2 di confronto e coppie in crisi.<\/p>\n<p>\u201cNei corridoi di Cologno Monzese \u2013 si legge sul sito di Roberto D\u2019Agostino \u2013 si vocifera che gli appassionati di Temptation Island non rimarranno a bocca asciutta fino all\u2019estate 2026. Nelle prossime settimane ci sar\u00e0<strong> un inaspettato ritorno del programma<\/strong> che ha macinato record su record\u201d.<\/p>\n<p>Ovviamente per ora la voce va presa con le pinze. Si tratta di un rumour di corridoio, come spesso accade nel mondo televisivo, dove le idee vengono testate, messe da parte e poi riprese in base anche al gradimento del pubblico e alle strategie della rete.<\/p>\n<p>Tuttavia, l\u2019ipotesi non sembra poi cos\u00ec remota, visti i numeri di Temptation Island.\u00a0Potrebbe finalmente prendere vita la <strong>versione winter<\/strong> di cui tanto si \u00e8 parlato in passato? Quella dei fal\u00f2 di confronto davanti al caminetto?<\/p>\n<p>Non proprio. Secondo Fanpage, il ritorno di Temptation Island in tv potrebbe essere legato pi\u00f9 ad <strong>uno speciale<\/strong>. \u201cCi\u00f2 che vedremo in TV potrebbe essere uno speciale che racconta cosa \u00e8 successo ai protagonisti dell\u2019edizione precedente\u201d, scrive il magazine.<\/p>\n<p>In fondo, quella che si \u00e8 conclusa il mese scorso \u00e8 stata un\u2019edizione ricca di colpi di scena, tra cui la <a href=\"https:\/\/dilei.it\/spettacolo\/video\/temptation-island-cosa-successo-ottava-puntata-31-luglio-2025\/1738587\/\" data-doctype=\"\" rel=\"nofollow noopener\" target=\"_blank\">gravidanza di Sonia<\/a> Barrile, che ha scoperto di essere incinta del suo compagno Simone Margagliotti. E poi i tira e molla tra Alessio Loparco e Sonia Mattalia, che \u2013 secondo le ultime indiscrezioni \u2013 si sarebbero <a href=\"https:\/\/dilei.it\/spettacolo\/temptation-island-2025-genitori-alessio-spariti\/1774942\/\" data-doctype=\"\" rel=\"nofollow noopener\" target=\"_blank\">cancellati dall\u2019Ordine degli Avvocati<\/a>. Insomma, ci sarebbero diversi temi da toccare e approfondire.<\/p>\n<p>Senza dimenticare che quest\u2019anno a tutte le coppie \u00e8 stato imposto, da contratto, il <strong>silenzio assoluto<\/strong> fino a met\u00e0 settembre: segno che la volont\u00e0 di sfruttare certe dinamiche anche per l\u2019autunno \u00e8 decisamente forte.<\/p>\n<p>L\u2019edizione pi\u00f9 vista di sempre<\/p>\n<p>Temptation Island \u00e8 ormai diventato <strong>un piccolo cult della tv<\/strong> italiana. In onda da pi\u00f9 di dieci anni, continua ad appassionare il pubblico come nessun altro programma. Basti pensare che quella del 2025 \u00e8 stata<strong> l\u2019edizione pi\u00f9 vista di sempre<\/strong>, con una media del 29.9% di share e 3.853.000 telespettatori.<\/p>\n<p>Questi ascolti, uniti al grande successo anche sui social \u2013 il programma ha sempre dominato le conversazioni online \u2013 hanno consacrato Temptation Island, ancora e pi\u00f9 di sempre, come il fenomeno televisivo dell\u2019estate italiana. E ora, forse, anche dell\u2019autunno.<\/p>\n","protected":false},"excerpt":{"rendered":"La prossima edizione di Temptation Island \u00e8 pi\u00f9 vicina che mai. O cos\u00ec si sussurra tra i corridoi&hellip;\n","protected":false},"author":3,"featured_media":53094,"comment_status":"","ping_status":"","sticky":false,"template":"","format":"standard","meta":{"footnotes":""},"categories":[1444],"tags":[203,204,1537,90,89,5602,6270,1519,214,1673,253],"class_list":{"0":"post-53093","1":"post","2":"type-post","3":"status-publish","4":"format-standard","5":"has-post-thumbnail","7":"category-tv","8":"tag-entertainment","9":"tag-intrattenimento","10":"tag-it","11":"tag-italia","12":"tag-italy","13":"tag-maria-de-filippi","14":"tag-pier-silvio-berlusconi","15":"tag-reality-show","16":"tag-spettacolo","17":"tag-temptation-island","18":"tag-tv"},"share_on_mastodon":{"url":"","error":""},"_links":{"self":[{"href":"https:\/\/www.europesays.com\/it\/wp-json\/wp\/v2\/posts\/53093","targetHints":{"allow":["GET"]}}],"collection":[{"href":"https:\/\/www.europesays.com\/it\/wp-json\/wp\/v2\/posts"}],"about":[{"href":"https:\/\/www.europesays.com\/it\/wp-json\/wp\/v2\/types\/post"}],"author":[{"embeddable":true,"href":"https:\/\/www.europesays.com\/it\/wp-json\/wp\/v2\/users\/3"}],"replies":[{"embeddable":true,"href":"https:\/\/www.europesays.com\/it\/wp-json\/wp\/v2\/comments?post=53093"}],"version-history":[{"count":0,"href":"https:\/\/www.europesays.com\/it\/wp-json\/wp\/v2\/posts\/53093\/revisions"}],"wp:featuredmedia":[{"embeddable":true,"href":"https:\/\/www.europesays.com\/it\/wp-json\/wp\/v2\/media\/53094"}],"wp:attachment":[{"href":"https:\/\/www.europesays.com\/it\/wp-json\/wp\/v2\/media?parent=53093"}],"wp:term":[{"taxonomy":"category","embeddable":true,"href":"https:\/\/www.europesays.com\/it\/wp-json\/wp\/v2\/categories?post=53093"},{"taxonomy":"post_tag","embeddable":true,"href":"https:\/\/www.europesays.com\/it\/wp-json\/wp\/v2\/tags?post=53093"}],"curies":[{"name":"wp","href":"https:\/\/api.w.org\/{rel}","templated":true}]}}