{"id":530947,"date":"2026-06-09T14:59:21","date_gmt":"2026-06-09T14:59:21","guid":{"rendered":"https:\/\/www.europesays.com\/it\/530947\/"},"modified":"2026-06-09T14:59:21","modified_gmt":"2026-06-09T14:59:21","slug":"selvaggia-lucarelli-conferma-belen-era-la-prima-scelta-per-lisola","status":"publish","type":"post","link":"https:\/\/www.europesays.com\/it\/530947\/","title":{"rendered":"Selvaggia Lucarelli conferma Belen era la prima scelta per l&#8217;Isola"},"content":{"rendered":"<p>                                La conduttrice \u00e8 nelle Filippine dove si sta registrando la nuova edizione del reality<\/p>\n<p>                    9 giugno &#8211; 11:33  &#8211; MILANO<\/p>\n<p class=\"paragraph\" spellcheck=\"true\"><b>Selvaggia Lucarelli <\/b>\u00e8 partita per le Filippine dove si sta registrando la nuova edizione de<a href=\"https:\/\/www.gazzetta.it\/spettacolo-tv-gossip\/05-06-2026\/isola-dei-famosi-2026-e-ufficiale-alla-conduzione-selvaggia-lucarelli-e-alvin.shtml?intcmp=hyperlink-articolo-gazit\" title=\"Isola dei Famosi 2026: Selvaggia Lucarelli e Alvin alla conduzione. Ecco tutte le novit\u00e0\" rel=\"nofollow noopener\" target=\"_blank\"> L&#8217;Isola dei Famosi<\/a>, di cui \u00e8 la conduttrice, in una zona lontana rispetto a quella colpita nei giorni scorsi dal terremoto. &#8220;Le Filippine sono formate da 7000 isole, non sono le Eolie&#8221; ha scritto su Instagram. L&#8217;ex giudice di Ballando con le Stelle e opinionista del Grande Fratello, nella sua newsletter ha parlato di questa sua nuova esperienza e di <b>Belen Rodriguez.<\/b><\/p>\n<p>        selvaggia lucarelli e l&#8217;isola\u2014 \u00a0<\/p>\n<p class=\"paragraph\" spellcheck=\"true\">&#8220;Come sapete il primo nome era Belen&#8221; ha scritto Lucarelli confermando tutte le indiscrezioni e sottolineando come<b> la proposta le sia arrivata 15 giorni prima di dover poi partire<\/b>. La trattativa con Rodriguez poi \u00e8 saltata &#8220;per ragioni che sono state a lungo discusse, su cui si \u00e8 ricamato, che sono state strumentalizzate&#8221; ha scritto <b>Selvaggia Lucarelli <\/b>dicendo di aver dovuto decidere in fretta. &#8220;Ho anche pensato che non le avrei mai visitate perch\u00e9 le vacanze di mare puro sono una di quelle cose che &#8216;wow che figata&#8217; e poi dopo due giorni vorrei il mare evaporasse&#8221;. Questa nuova edizione del programma sar\u00e0 quindi registrata tutta fuori dall&#8217;Italia e poi montata e trasmessa, senza alcun televoto e diretta, in una modalit\u00e0 che la avvicina ad altri reality e al format del Survivor trasmesso negli USA.<\/p>\n<p>        belen prima scelta\u2014 \u00a0<\/p>\n<p class=\"paragraph\" spellcheck=\"true\">Negli ultimi giorni si \u00e8 parlato molto di <b>Belen Rodriguez<\/b>, del suo improvviso <a href=\"https:\/\/www.gazzetta.it\/gossip\/26-05-2026\/belen-rodriguez-portata-in-ospedale-i-vicini-chiamano-i-soccorsi.shtml?intcmp=hyperlink-articolo-gazit\" title=\"Belen Rodriguez, portata in ospedale dopo l&#039;allarme dei vicini. La conduttrice \u00e8 tornata a casa\" rel=\"nofollow noopener\" target=\"_blank\">ricovero in ospedale<\/a>, degli incidenti che avrebbe avuto con la sua auto. Selvaggia Lucarelli ha voluto spiegare che su questa vicenda non si esprimer\u00e0: &#8220;Spero che lei stia bene e che in futuro sia molto felice. Questo messaggio \u00e8 per tutti ben oltre Belen, il benessere psicologico non dipende da una conduzione, un programma tv, un&#8217;opportunit\u00e0. Anzi spesso \u00e8 proprio l&#8217;esposizione che rende pi\u00f9 vulnerabili, bisognerebbe maneggiare questi argomenti con pi\u00f9 cura&#8221;.\u00a0<\/p>\n<p>        la vita social\u2014 \u00a0<\/p>\n<p class=\"paragraph\" spellcheck=\"true\">Intanto<b> Belen Rodriguez<\/b> \u00e8 tornata alla sua vita di tutti i giorni, al suo programma su Rai Radio2, ai suoi post sui social. Ad aiutarla ci hanno pensato la famiglia e gli amici che sono accorsi per aiutarla. La showgirl ha partecipato alla quinta edizione della\u00a0El Porte\u00f1o Golden Cup, evento dedicato alla cultura e alla cucina argentina. La madre, Veronica Cozzani, ha pubblicato alcune foto e video con le figlie e i nipoti seduti attorno a una lunga tavolata. Un&#8217;atmosfera serena e rilassata per non pensare a quanto successo nelle <a href=\"https:\/\/www.gazzetta.it\/spettacolo-tv-gossip\/30-05-2026\/belen-rodriguez-torna-sui-social-dopo-il-ricovero.shtml?intcmp=hyperlink-articolo-gazit\" title=\"Belen Rodriguez torna sui social: il breve video su Instagram dopo il ricovero\" rel=\"nofollow noopener\" target=\"_blank\">ultime settimane<\/a>.\u00a0<\/p>\n<p><a class=\"is-partner-link\" href=\"https:\/\/abbonamenti.gazzetta.it\/de-promo-mondiali\/?pwcmp=cta&amp;forceBrowser=true\" rel=\"nofollow noopener\" target=\"_blank\">Gazzetta Mondiale: ogni notte un\u2019edizione straordinaria esclusiva. Non perdertela, abbonati a 1\u20ac\/mese!<\/a><\/p>\n<p>        la nuova isola\u2014 \u00a0<\/p>\n<p class=\"paragraph\" spellcheck=\"true\">Per quanto riguarda la nuova edizione de L&#8217;Isola dei Famosi, se i conduttori Lucarelli e Alvin sono stati ufficializzati, c&#8217;\u00e8 ancora stretto riserbo sui nomi dei concorrenti. Tra i nomi emersi ci sono quelli di Zeudi Di Palma, Patrick Ray Pugliese ma anche di Pierpaolo Petrelli, Javier Martinez e dell&#8217;ex tentatore di Temptation Island Flavio Ubirti. Intanto secondo alcune indiscrezioni la produzione sarebbe incappata in alcuni<b> intoppi burocratici<\/b> e logistici che renderebbero difficile il tuffo dall&#8217;elicottero dei concorrenti per l&#8217;avvio del programma. Sembra che si stiano vagliando soluzioni alternative come registrare il momento in Italia oppure farlo da un trampolino.<\/p>\n<p class=\"is-above-copyright is-mr-r-10\" spellcheck=\"true\">La Gazzetta dello Sport<\/p>\n<p class=\"is-copyright\">\u00a9 RIPRODUZIONE RISERVATA<\/p>\n","protected":false},"excerpt":{"rendered":"La conduttrice \u00e8 nelle Filippine dove si sta registrando la nuova edizione del reality 9 giugno &#8211; 11:33&hellip;\n","protected":false},"author":3,"featured_media":530948,"comment_status":"","ping_status":"","sticky":false,"template":"","format":"standard","meta":{"footnotes":"","_share_on_mastodon":"0"},"categories":[1444],"tags":[27851,3960,17945,1764,293061,15298,1396,277,287178,287179,2239,155646,287188,203,22347,39654,293062,293063,69044,204,10714,51214,1537,90,89,34348,2050,273,32321,897,32898,988,39604,35988,253],"class_list":["post-530947","post","type-post","status-publish","format-standard","has-post-thumbnail","category-tv","tag-aiutarla","tag-alcune","tag-belen","tag-belen-rodriguez","tag-belen-scelta","tag-concorrenti","tag-conduttrice","tag-de","tag-de-isola","tag-de-isola-famosi","tag-edizione","tag-edizione-de","tag-edizione-de-isola","tag-entertainment","tag-famosi","tag-filippine","tag-filippine-registrando","tag-filippine-registrando-nuova","tag-indiscrezioni","tag-intrattenimento","tag-isola","tag-isola-famosi","tag-it","tag-italia","tag-italy","tag-lucarelli","tag-mare","tag-nuova","tag-nuova-edizione","tag-programma","tag-rodriguez","tag-scritto","tag-selvaggia","tag-selvaggia-lucarelli","tag-tv"],"share_on_mastodon":{"url":"https:\/\/pubeurope.com\/@it\/116720747405956733","error":""},"_links":{"self":[{"href":"https:\/\/www.europesays.com\/it\/wp-json\/wp\/v2\/posts\/530947","targetHints":{"allow":["GET"]}}],"collection":[{"href":"https:\/\/www.europesays.com\/it\/wp-json\/wp\/v2\/posts"}],"about":[{"href":"https:\/\/www.europesays.com\/it\/wp-json\/wp\/v2\/types\/post"}],"author":[{"embeddable":true,"href":"https:\/\/www.europesays.com\/it\/wp-json\/wp\/v2\/users\/3"}],"replies":[{"embeddable":true,"href":"https:\/\/www.europesays.com\/it\/wp-json\/wp\/v2\/comments?post=530947"}],"version-history":[{"count":0,"href":"https:\/\/www.europesays.com\/it\/wp-json\/wp\/v2\/posts\/530947\/revisions"}],"wp:featuredmedia":[{"embeddable":true,"href":"https:\/\/www.europesays.com\/it\/wp-json\/wp\/v2\/media\/530948"}],"wp:attachment":[{"href":"https:\/\/www.europesays.com\/it\/wp-json\/wp\/v2\/media?parent=530947"}],"wp:term":[{"taxonomy":"category","embeddable":true,"href":"https:\/\/www.europesays.com\/it\/wp-json\/wp\/v2\/categories?post=530947"},{"taxonomy":"post_tag","embeddable":true,"href":"https:\/\/www.europesays.com\/it\/wp-json\/wp\/v2\/tags?post=530947"}],"curies":[{"name":"wp","href":"https:\/\/api.w.org\/{rel}","templated":true}]}}