{"id":531170,"date":"2026-06-09T18:09:17","date_gmt":"2026-06-09T18:09:17","guid":{"rendered":"https:\/\/www.europesays.com\/it\/531170\/"},"modified":"2026-06-09T18:09:17","modified_gmt":"2026-06-09T18:09:17","slug":"ariana-grande-e-tornata-single-finita-la-storia-damore-con-ethan-slater","status":"publish","type":"post","link":"https:\/\/www.europesays.com\/it\/531170\/","title":{"rendered":"Ariana Grande \u00e8 tornata single finita la storia d&#8217;amore con Ethan Slater"},"content":{"rendered":"<p>                                La popstar \u00e8 gi\u00e0 partita per quello che potrebbe essere il suo ultimo tour dopo l&#8217;annunciata lunga pausa dalla musica<\/p>\n<p>                    9 giugno &#8211; 16:48  &#8211; MILANO<\/p>\n<p class=\"paragraph\" spellcheck=\"true\">\u00c8 finita un po&#8217; in sordina, senza annunci in pompa magna, la storia d&#8217;amore tra <b>Ariana Grande<\/b> e l&#8217;attore <b>Ethan Slater<\/b>, iniziata oltre tre anni fa sul set di <a href=\"https:\/\/www.gazzetta.it\/tv\/storie\/01-10-2025\/10-film-da-vedere-a-ottobre-2025-wicked-a-house-of-dynamite-ed-eden\/10-film-nbsp.shtml?intcmp=hyperlink-articolo-gazit\" target=\"_blank\" rel=\"nofollow noopener\">Wicked<\/a>. Chiuso definitivamente il lungo periodo di promozione del film, uscito al cinema in due parti tra la fine del 2024 e il novembre 2025, <a href=\"https:\/\/www.gazzetta.it\/fitness\/storie\/26-06-2023\/ariana-grande-2023-da-trentenne-le-foto-tra-cambio-look-e-dimagrimento-1687767942\/cambio-look.shtml?intcmp=hyperlink-articolo-gazit\" target=\"_blank\" rel=\"nofollow noopener\">la popstar statunitense<\/a> si \u00e8 lasciata alle spalle anche <b>la chiacchierata relazione con l&#8217;attore britannico<\/b>, nata mentre Slater era ancora sposato con Lilly Jay.<\/p>\n<p>        Ariana Grande \u00e8 tornata single.\u2014 \u00a0<\/p>\n<p class=\"paragraph\" spellcheck=\"true\"><b>L&#8217;addio \u00e8 stato deciso dai diretti interessati nei mesi scorsi<\/b>, dopo tre anni d&#8217;amore vissuti lontani dai social e dagli occhi indiscreti dei paparazzi.  &#8220;Ariana ed Ethan si sono lasciati diversi mesi fa, ma dsono rimasti amici e nutrono l&#8217;uno per l&#8217;altra rispetto e ammirazione&#8221;, ha svelato a Page Six in queste ore una fonte vicina alla pop, secondo la quale <b>non si \u00e8 trattato di una decisione facile per nessuno dei due<\/b>: &#8220;Non \u00e8 stata una decisione presa alla leggera, ma hanno capito che stavano meglio come amici che in una relazione sentimentale&#8221;.<\/p>\n<p class=\"paragraph\" spellcheck=\"true\">Prima di incontrare Ethan Slater, Ariana Grande aveva da poco chiuso la storia d&#8217;amore con l&#8217;agente immobiliare <b>Dalton Gomez<\/b>, conosciuto nel 2020. I due, dopo pochi mesi di frequentazione, <a href=\"https:\/\/www.gazzetta.it\/fitness\/allenamento\/storie\/20-01-2022\/ariana-grande-tapis-roulant-ballo-dieta-microbiotica-ecco-come-si-tiene-forma-430976515779\/che-grinta.shtml?intcmp=hyperlink-articolo-gazit\" target=\"_blank\" rel=\"nofollow noopener\">sono convolati a nozze<\/a> nel maggio 2021, ma la loro relazione \u00e8 entrata in crisi proprio nel periodo in cui la popstar si era trasferita a Londra per le riprese di <b>Wicked<\/b>: <b>Ariana e Dalton si sono separati nel febbraio 2023<\/b> e hanno <a href=\"https:\/\/www.gazzetta.it\/gossip\/19-03-2024\/ariana-grande-divorzio-con-accordo-milionario-col-marito.shtml?intcmp=hyperlink-articolo-gazit\" target=\"_blank\" rel=\"nofollow noopener\">presentato i documenti per il divorzio<\/a> pochi mesi dopo, mentre la frequentazione con Slater era gi\u00e0 diventata di dominio pubblico.<\/p>\n<p class=\"paragraph\" spellcheck=\"true\">Oggi, tornata single per la prima volta dopo sei anni, Ariana Grande \u00e8 pi\u00f9 concentrata che mai sul suo ritorno alla musica, dal nuovo disco in uscita il 31 luglio al <b>tour mondiale con cui ha gi\u00e0 iniziato a girare gli Stati Uniti<\/b>. &#8220;Ariana si sente davvero felice ed \u00e8 concentrata sul prossimo capitolo della sua vita&#8221;, ha aggiunto la fonte al magazine statunitense.<\/p>\n<p class=\"paragraph\" spellcheck=\"true\">Chi si aspetta un nuovo disco incentrato su questa storia d&#8217;amore che si \u00e8 trasformata in amicizia, per\u00f2, rester\u00e0 deluso: fonti vicine alle popstar hanno precisato a TMZ che <b>Petal<\/b>, l&#8217;ottavo album in studio dell&#8217;ex star di Nickelodeon, anticipato dal singolo Hate That I Made You Love Me, <b>non \u00e8 stato ispirato alla fine dell&#8217;amore con Slater<\/b>.<\/p>\n<p><a class=\"is-partner-link\" href=\"https:\/\/abbonamenti.gazzetta.it\/de-promo-mondiali\/?pwcmp=cta&amp;forceBrowser=true\" rel=\"nofollow noopener\" target=\"_blank\">Gazzetta Mondiale: ogni notte un\u2019edizione straordinaria esclusiva. Non perdertela, abbonati a 1\u20ac\/mese!<\/a><\/p>\n<p>        Nessuna tappa in Italia per Ariana Grande\u2014 \u00a0<\/p>\n<p class=\"paragraph\" spellcheck=\"true\">Nonostante il grande successo di <b>Wicked<\/b>, che ha contribuito a far conoscere Grande a un pubblico pi\u00f9 vasto anche in Italia, per <b>il suo ritorno alla musica dal vivo<\/b> non \u00e8 prevista alcuna tappa nel nostro Paese, come invece accaduto nel 2017 con ben due date del suo <b>Dangerous Woman Tour<\/b>, al PalaLottomatica di Roma e al Pala Alpitour di Torino. La popstar, per il momento, ha in programma <b>41 concerti tra Stati Uniti, Canada e Regno Unito<\/b>. L\u00ec, alla O2 Arena di Londra, dovrebbe chiudersi questo tour mondiale con una serie di dieci concerti nell&#8217;ultima parte di agosto, forse <a href=\"https:\/\/www.gazzetta.it\/spettacolo\/19-11-2025\/ariana-grande-lascia-la-musica-l-ultimo-tour-nel-2026.shtml?intcmp=hyperlink-articolo-gazit\" target=\"_blank\" rel=\"nofollow noopener\">gli ultimi della sua carriera per un po&#8217; di tempo<\/a>.<\/p>\n<p class=\"is-above-copyright is-mr-r-10\" spellcheck=\"true\">La Gazzetta dello Sport<\/p>\n<p class=\"is-copyright\">\u00a9 RIPRODUZIONE RISERVATA<\/p>\n","protected":false},"excerpt":{"rendered":"La popstar \u00e8 gi\u00e0 partita per quello che potrebbe essere il suo ultimo tour dopo l&#8217;annunciata lunga pausa&hellip;\n","protected":false},"author":3,"featured_media":531171,"comment_status":"","ping_status":"","sticky":false,"template":"","format":"standard","meta":{"footnotes":"","_share_on_mastodon":"0"},"categories":[1443],"tags":[1266,87,70241,293159,293160,2382,2206,59621,2943,293161,1368,9798,203,7023,293157,846,6394,58757,204,1537,90,89,1538,1539,38715,1234,8205,293156,1567,12955,6368,293158,3555,116670],"class_list":["post-531170","post","type-post","status-publish","format-standard","has-post-thumbnail","category-musica","tag-amici","tag-amore","tag-ariana","tag-ariana-tornata","tag-ariana-tornata-single","tag-attore","tag-chiuso","tag-concentrata","tag-concerti","tag-dalton","tag-decisione","tag-disco","tag-entertainment","tag-ethan","tag-ethan-slater","tag-finita","tag-fonte","tag-frequentazione","tag-intrattenimento","tag-it","tag-italia","tag-italy","tag-music","tag-musica","tag-popstar","tag-relazione","tag-single","tag-slater","tag-storia","tag-storia-amore","tag-tornata","tag-tornata-single","tag-tour","tag-wicked"],"share_on_mastodon":{"url":"https:\/\/pubeurope.com\/@it\/116721494854826908","error":""},"_links":{"self":[{"href":"https:\/\/www.europesays.com\/it\/wp-json\/wp\/v2\/posts\/531170","targetHints":{"allow":["GET"]}}],"collection":[{"href":"https:\/\/www.europesays.com\/it\/wp-json\/wp\/v2\/posts"}],"about":[{"href":"https:\/\/www.europesays.com\/it\/wp-json\/wp\/v2\/types\/post"}],"author":[{"embeddable":true,"href":"https:\/\/www.europesays.com\/it\/wp-json\/wp\/v2\/users\/3"}],"replies":[{"embeddable":true,"href":"https:\/\/www.europesays.com\/it\/wp-json\/wp\/v2\/comments?post=531170"}],"version-history":[{"count":0,"href":"https:\/\/www.europesays.com\/it\/wp-json\/wp\/v2\/posts\/531170\/revisions"}],"wp:featuredmedia":[{"embeddable":true,"href":"https:\/\/www.europesays.com\/it\/wp-json\/wp\/v2\/media\/531171"}],"wp:attachment":[{"href":"https:\/\/www.europesays.com\/it\/wp-json\/wp\/v2\/media?parent=531170"}],"wp:term":[{"taxonomy":"category","embeddable":true,"href":"https:\/\/www.europesays.com\/it\/wp-json\/wp\/v2\/categories?post=531170"},{"taxonomy":"post_tag","embeddable":true,"href":"https:\/\/www.europesays.com\/it\/wp-json\/wp\/v2\/tags?post=531170"}],"curies":[{"name":"wp","href":"https:\/\/api.w.org\/{rel}","templated":true}]}}