{"id":531192,"date":"2026-06-09T18:27:20","date_gmt":"2026-06-09T18:27:20","guid":{"rendered":"https:\/\/www.europesays.com\/it\/531192\/"},"modified":"2026-06-09T18:27:20","modified_gmt":"2026-06-09T18:27:20","slug":"torna-la-bike-night-oltre-600-ciclisti-da-ferrara-al-mare-pedalando-nella-notte","status":"publish","type":"post","link":"https:\/\/www.europesays.com\/it\/531192\/","title":{"rendered":"Torna la Bike Night: oltre 600 ciclisti da Ferrara al mare pedalando nella notte"},"content":{"rendered":"<p>Dodici anni di storia, oltre 20.000 partecipanti coinvolti dal 2014 e un format che ha fatto scuola nel cicloturismo italiano. Sabato 13 giugno torna la Bike Night Emilia-Romagna, la pedalata notturna ideata e organizzata da Witoor che porter\u00e0 oltre 600 ciclisti da Ferrara al Lido di Volano lungo un percorso di 90 chilometri sulla ciclovia Destra Po, da mezzanotte fino all\u2019alba.<\/p>\n<p>Nata proprio a Ferrara nel 2014, la Bike Night \u00e8 oggi il pi\u00f9 partecipato evento ciclistico non competitivo dell\u2019Emilia-Romagna e il punto di partenza del tour nazionale 2026 che far\u00e0 successivamente tappa a Roma, Udine e Milano.<\/p>\n<p><b>Dal 2014 a oggi Bike Night ha coinvolto oltre 20.000 partecipanti in tutta Italia<\/b>, mantenendo un indice di gradimento superiore all\u201985%. Un risultato che ha trasformato una semplice pedalata notturna in una delle esperienze cicloturistiche pi\u00f9 riconoscibili del panorama nazionale, capace di avvicinare alla bici persone che spesso non avevano mai affrontato una lunga distanza.<\/p>\n<p><strong>Bike Night Emilia-Romagna<\/strong><\/p>\n<p>La <b>Bike Night Emilia-Romagna<\/b> \u00e8 ormai l\u2019evento ciclistico non competitivo con <b>pi\u00f9 partecipanti in tutta la regione<\/b>. Ideata, organizzata e prodotta da <b>Witoor<\/b>, con il supporto strategico di <b>Treesport<\/b>, \u00e8 molto pi\u00f9 di una pedalata: \u00e8 una <b>festa della bici<\/b>, resa unica da un percorso interamente su pista ciclabile e da un format che offre un\u2019esperienza aperta a ogni tipo di ciclista. Le iscrizioni sono aperte online fino al 10 giugno, con possibilit\u00e0 di registrarsi anche in loco la sera dell\u2019evento, a partire dalle 20.00 presso il gazebo Witoor in piazza Savonarola, dove sar\u00e0 possibile ritirare il pacco-iscrizione. Per chi \u00e8 gi\u00e0 iscritto, potr\u00e0 ritirare il pacco-iscrizione anche venerd\u00ec 12 giugno, dalle ore 18 alle 19.30, al Centro Commerciale Il Castello. <\/p>\n<p><strong><img loading=\"lazy\" decoding=\"async\" class=\"alignright size-medium wp-image-1195438\" src=\"https:\/\/www.europesays.com\/it\/wp-content\/uploads\/2026\/06\/bike-night-2026-420x315.jpeg\" alt=\"\" width=\"420\" height=\"315\"\/>Tutti i dettagli dell\u2019edizione 2026<\/strong><\/p>\n<p>L\u2019attesa inizier\u00e0 sabato 13 giugno dalle ore 20.00 al <b>villaggio partenza distribuito tra piazza Savonarola e piazza Castello<\/b>, dove oltre alla segreteria Witoor saranno presenti gli stand di partner e associazioni: la birra artigianale di Lost Road, la frutta e verdura del territorio di <b>Confagricoltura<\/b>, Fiab Ferrara e Uisp Ferrara.\u00a0 Disponibili anche servizi igienici, un <b>bike park da 300 posti<\/b>, un\u2019<b>officina mobile<\/b> curata da B12 Bike Professional e un\u2019area per la consegna zaini destinati all\u2019arrivo. Dalle 23.30 i partecipanti si allineeranno lungo Corso Martiri della Libert\u00e0 con l\u2019arco posizionato all\u2019altezza di piazza Savonarola ai piedi del Castello Estense, pronti a partire a mezzanotte. <\/p>\n<p><b>Confermato il percorso da Ferrara al mare: si parte a mezzanotte<\/b> costeggiando le Mura, per poi dirigersi verso la ciclovia Destra Po. Previsti tre ristori: a Ro insieme ai volontari Uisp Ferrara e della Pro Loco di Serravalle, a Serravalle alla Fabbrica dell\u2019Acqua con i volontari del gruppo sportivo Anffas Ferrara, e a Santa Giustina all\u2019Osteria del Delta Torre Abate. Arrivo all\u2019alba sul mare, al Bagno Ristoro a Lido di Volano, con docce e colazione. <\/p>\n<p><b>Solo per quest\u2019anno il percorso subir\u00e0 rispetto alle precedenti edizioni una deviazione<\/b>: da Mesola non si risalir\u00e0 sull\u2019argine del Po di Goro ma si proseguir\u00e0 verso Santa Giustina, accorciando la distanza totale da 100 a 90 km. Nessun problema invece per il ponte sul Volano, che sar\u00e0 aperto esclusivamente al passaggio dei ciclisti per la notte della Bike Night.<\/p>\n<p>Prima del via a mezzanotte, ci sar\u00e0 anche una pedalata pensata per i pi\u00f9 piccoli e le loro famiglie: <b>Bike Night Kids<\/b>. Organizzata da Uisp Ferrara in collaborazione con Witoor, a partire dalle ore 21 i bambini potranno pedalare in sicurezza al tramonto per poi ritornare al villaggio partenza dove ci saranno gadget ad attenderli.<\/p>\n<p>Nella tappa ferrarese si vede ogni tipo di mezzo a due ruote senza motore: bici da citt\u00e0, da corsa, gravel, mtb, tandem, e-bike, risci\u00f2, footbike, bici reclinabili, ovomobili. Partecipano anche persone con disabilit\u00e0 visiva o motoria. Sar\u00e0 garantita assistenza <b>medica e meccanica<\/b> lungo tutto il tragitto. Sar\u00e0 sempre garantita assistenza medica e meccanica ai partecipanti e lungo il percorso saranno presenti i volontari della Protezione Civile di Ro \u2013 Riva del Po ai ristori di Ro e Serravalle per coordinare la salita e discesa dall\u2019argine dei partecipanti.<\/p>\n<p><strong>La conferenza stampa di presentazione<\/strong><\/p>\n<p>Marted\u00ec 9 giugno la Bike Night \u00e8 stata presentata alla Sala Arazzi del Comune di Ferrara, dove sono intervenuti: <b>Simone Dovigo, presidente Witoor; Francesco Carit\u00e0, assessore allo Sport del Comune di Ferrara; Gianmarco Duo, Confagricoltura Ferrara; Giuliano Giubelli, Fiab Ferrara; Francesca Palazzi, Gst Anffas Ferrara; <\/b><strong>Eleonora\u00a0Banzi,\u00a0Uisp\u00a0Ferrara.<\/strong> \u00abArrivati alla dodicesima edizione \u2013 spiega Simone Dovigo, fondatore di Witoor \u2013 possiamo riconoscere come Bike Night si conferma come l\u2019evento dell\u2019estate in bici in regione, un modo sempre autentico e passionale di pedalare. Per noi la bici \u00e8 uno strumento democratico e sociale: tutti possono viaggiare in bici, a qualsiasi ora. Abbiamo acceso la passione del cicloturismo anche in chi non aveva mai pedalato per 100 km, e con un format nuovo per l\u2019Italia \u2013 la bici di notte \u2013 abbiamo dato valore al territorio ferrarese e alla Destra Po\u00bb. \u00abLa Bike Night Emilia-Romagna continua ogni anno a radunare quasi mille iscritti \u2013 continua Dovigo \u2013 e porta una visione diversa dell\u2019andare in bici. \u00c8 un\u2019esperienza che unisce sensazioni, emozioni e persone: ciclisti esperti e principianti, tutti animati da una <b>passione che non dorme mai<\/b>\u00bb.<\/p>\n<p><b>La Bike Night riesce cos\u00ec a promuovere la mobilit\u00e0 sostenibile unendo appassionati autentici,<\/b> dimostrando il potenziale di un percorso cicloturistico come la Destra Po \u00abe la vocazione sempre pi\u00f9 cicloturistica e sportiva della citt\u00e0 di Ferrara\u00bb, come ha ribadito <b>Francesco Carit\u00e0<\/b>, assessore allo Sport del Comune di Ferrara. \u00abUn appuntamento<b> <\/b>importante per Ferrara e la sua offerta di eventi, che si \u00e8 imposto a livello nazionale radunando in citt\u00e0 ogni anno quasi mille presenze da tutta Italia pronte a vivere un\u2019esperienza notturna incredibile da raccontare, tra le pi\u00f9 suggestive di quelle che partono dalla nostra citt\u00e0. Un evento che si inserisce nell\u2019offerta sportiva di Ferrara che ha contribuito a ottenere il riconoscimenti di \u201cCitt\u00e0 Europea dello Sport\u201d per il 2027 da parte di Aces Europe\u00bb.<\/p>\n<p>I valori sportivi e sociali di Bike Night \u00absono gli stessi di Uisp\u00bb, conferma Eleonora Banzi, presidente Uisp Ferrara che si occupa del primo ristoro: \u00abuna manifestazione non competitiva, aperta a tutti, molto colorata e valorizza il territorio e quindi UISP sostiene con entusiasmo, anche grazie alla Bike Night Kids pensata per coinvolgere nella mobilit\u00e0 sostenibile anche i pi\u00f9 piccoli\u00bb. E la promozione delle unicit\u00e0 del territorio \u00e8 uno dei valori della Bike Night trasmessi anche da Confagricoltura, come ha confermato Gian Marco Duo: \u00abporteremo in piazza Castello e nei primi due ristori a Ro e Serravalle l\u2019ortofrutta stagionale, i prodotti freschi delle nostre terre vere perle di stagione imprescindibili per un evento come Bike Night che promuove in bici il territorio ferrarese. Offriremo anche ai presenti l\u2019aperitivo delle ore 19 in piazza Castello\u00bb. Entusiasmo condiviso anche da GST Anffas Ferrara, il gruppo dei genitori delle famiglie con disabilit\u00e0 intellettiva e\/o relazionale, con la presidente Francesca Palazzi \u00aborgogliosa di far parte anche quest\u2019anno dell\u2019organizzazione attiva del secondo ristoro, perch\u00e9 Anffas si sente parte attiva della societ\u00e0 e insieme a Witoor abbiamo visto crescere Bike Night\u00bb. E l\u2019importanza della bici nella comunit\u00e0 \u00e8 sottolineata in chiusura anche da Giuliano Giubelli di FIAB Ferrara: \u00abpi\u00f9 che sostenibile, per FIAB la mobilit\u00e0 \u00e8 \u201cattiva\u201d: serve alla salute fisica e mentale di tutti noi, e Fiab sostiene Bike Night come evento che accende l\u2019attenzione sull\u2019attivit\u00e0 ciclistica e la cura del territorio\u00bb.<\/p>\n<p>\t\t\t\tGrazie per aver letto questo articolo&#8230;<\/p>\n<p>Da 20 anni\u00a0<a class=\"vglnk\" href=\"https:\/\/www.estense.com\/\" rel=\"nofollow noopener\" target=\"_blank\">Estense.com<\/a>\u00a0offre una informazione indipendente ai suoi lettori e non ha mai accettato fondi pubblici per non pesare nemmeno un centesimo sulle spalle della collettivit\u00e0. Il lavoro che svolgiamo ha un costo economico non indifferente e la pubblicit\u00e0 dei privati non sempre \u00e8 sufficiente.<br \/>Per questo chiediamo a chi quotidianamente ci legge e, speriamo, ci apprezza di darci un piccolo contributo in base alle proprie possibilit\u00e0. Anche un piccolo sostegno, moltiplicato per le decine di migliaia di ferraresi che ci leggono ogni giorno, pu\u00f2 diventare fondamentale.<\/p>\n<p>\u00a0<\/p>\n<p><strong>OPPURE <\/strong>se preferisci non usare PayPal ma un normale bonifico bancario (anche periodico) puoi intestarlo a:<\/p>\n<p><strong>Scoop Media Edit<br \/><\/strong>IBAN:\u00a0<strong>IT06D0538713004000000035119 <\/strong>(Banca BPER)<br \/>Causale:\u00a0<strong>Donazione per\u00a0<a class=\"vglnk\" href=\"https:\/\/www.estense.com\/\" rel=\"nofollow noopener\" target=\"_blank\">Estense.com<\/a><\/strong><\/p>\n","protected":false},"excerpt":{"rendered":"Dodici anni di storia, oltre 20.000 partecipanti coinvolti dal 2014 e un format che ha fatto scuola nel&hellip;\n","protected":false},"author":3,"featured_media":531193,"comment_status":"","ping_status":"","sticky":false,"template":"","format":"standard","meta":{"footnotes":"","_share_on_mastodon":"0"},"categories":[1456],"tags":[7511,1824,1825,1537,90,89,245,244],"class_list":["post-531192","post","type-post","status-publish","format-standard","has-post-thumbnail","category-ciclismo","tag-attualita","tag-ciclismo","tag-cycling","tag-it","tag-italia","tag-italy","tag-sport","tag-sports"],"share_on_mastodon":{"url":"https:\/\/pubeurope.com\/@it\/116721566078044906","error":""},"_links":{"self":[{"href":"https:\/\/www.europesays.com\/it\/wp-json\/wp\/v2\/posts\/531192","targetHints":{"allow":["GET"]}}],"collection":[{"href":"https:\/\/www.europesays.com\/it\/wp-json\/wp\/v2\/posts"}],"about":[{"href":"https:\/\/www.europesays.com\/it\/wp-json\/wp\/v2\/types\/post"}],"author":[{"embeddable":true,"href":"https:\/\/www.europesays.com\/it\/wp-json\/wp\/v2\/users\/3"}],"replies":[{"embeddable":true,"href":"https:\/\/www.europesays.com\/it\/wp-json\/wp\/v2\/comments?post=531192"}],"version-history":[{"count":0,"href":"https:\/\/www.europesays.com\/it\/wp-json\/wp\/v2\/posts\/531192\/revisions"}],"wp:featuredmedia":[{"embeddable":true,"href":"https:\/\/www.europesays.com\/it\/wp-json\/wp\/v2\/media\/531193"}],"wp:attachment":[{"href":"https:\/\/www.europesays.com\/it\/wp-json\/wp\/v2\/media?parent=531192"}],"wp:term":[{"taxonomy":"category","embeddable":true,"href":"https:\/\/www.europesays.com\/it\/wp-json\/wp\/v2\/categories?post=531192"},{"taxonomy":"post_tag","embeddable":true,"href":"https:\/\/www.europesays.com\/it\/wp-json\/wp\/v2\/tags?post=531192"}],"curies":[{"name":"wp","href":"https:\/\/api.w.org\/{rel}","templated":true}]}}