{"id":531324,"date":"2026-06-09T20:26:16","date_gmt":"2026-06-09T20:26:16","guid":{"rendered":"https:\/\/www.europesays.com\/it\/531324\/"},"modified":"2026-06-09T20:26:16","modified_gmt":"2026-06-09T20:26:16","slug":"fornaroli-occasione-mclaren-guidera-nelle-fp1-a-montmelo-al-posto-di-norris","status":"publish","type":"post","link":"https:\/\/www.europesays.com\/it\/531324\/","title":{"rendered":"Fornaroli, occasione McLaren: guider\u00e0 nelle FP1 a Montmel\u00f3 al posto di Norris"},"content":{"rendered":"<p>                                Il 21enne collaudatore del team di Woking avr\u00e0 l&#8217;opportunit\u00e0 nelle prime libere del fine settimana in arrivo: &#8220;La mia prima sessione ufficiale in F1, ho lavorato molto per questo&#8221;\u00a0<\/p>\n<p class=\"paragraph\" spellcheck=\"true\">Un altro pilota italiano in pista in F1. Leonardo Fornaroli scender\u00e0 in pista venerd\u00ec mattina nel primo turno di prove libere del GP di Barcellona-Catalogna, al volante della MCL40: la McLaren ha ufficializzato che il piacentino sostituir\u00e0 Lando Norris nella FP1, nell&#8217;ambito dei test programmati che i team devono far disputare durante la stagione ai piloti del loro vivaio. Classe 2004, 21 anni, Fornaroli \u00e8 uno dei profili pi\u00f9 interessanti del vivaio europeo: campione di Formula 3 nel 2024 e di Formula 2 nel 2025, appartiene alla ristrettissima cerchia di piloti capaci di conquistare i due titoli in anni consecutivi.\u00a0<\/p>\n<p>    banco di prova\u2014 \u00a0<\/p>\n<p class=\"paragraph is-inline\" spellcheck=\"true\">Da dicembre fa parte del McLaren Driver Development Programme come pilota di sviluppo e collaudatore, ruolo nell&#8217;ambito del quale aveva gi\u00e0 accumulato chilometri sulla monoposto 2023 nei test di Barcellona, Silverstone e Austin. &#8220;Sar\u00e0 la mia prima sessione ufficiale di Formula 1 \u2014 ha dichiarato \u2014 \u00e8 qualcosa su cui ho lavorato a lungo&#8221;. Un debutto da costruire con cura, pi\u00f9 che da celebrare in fretta: venerd\u00ec sar\u00e0 soprattutto una mattinata di lavoro per il team, ma anche un primo banco di prova importante per un ragazzo in cui la McLaren crede molto.<\/p>\n","protected":false},"excerpt":{"rendered":"Il 21enne collaudatore del team di Woking avr\u00e0 l&#8217;opportunit\u00e0 nelle prime libere del fine settimana in arrivo: &#8220;La&hellip;\n","protected":false},"author":3,"featured_media":531325,"comment_status":"","ping_status":"","sticky":false,"template":"","format":"standard","meta":{"footnotes":"","_share_on_mastodon":"0"},"categories":[176],"tags":[1017,1406,29497,351,108966,3341,88522,1537,90,89,8427,6233,5993,10861,3333,245,244,3339],"class_list":["post-531324","post","type-post","status-publish","format-standard","has-post-thumbnail","category-sport","tag-ambito","tag-banco","tag-banco-prova","tag-barcellona","tag-collaudatore","tag-formula","tag-fornaroli","tag-it","tag-italia","tag-italy","tag-lavorato","tag-libere","tag-mclaren","tag-norris","tag-pilota","tag-sport","tag-sports","tag-team"],"share_on_mastodon":{"url":"https:\/\/pubeurope.com\/@it\/116722033301321092","error":""},"_links":{"self":[{"href":"https:\/\/www.europesays.com\/it\/wp-json\/wp\/v2\/posts\/531324","targetHints":{"allow":["GET"]}}],"collection":[{"href":"https:\/\/www.europesays.com\/it\/wp-json\/wp\/v2\/posts"}],"about":[{"href":"https:\/\/www.europesays.com\/it\/wp-json\/wp\/v2\/types\/post"}],"author":[{"embeddable":true,"href":"https:\/\/www.europesays.com\/it\/wp-json\/wp\/v2\/users\/3"}],"replies":[{"embeddable":true,"href":"https:\/\/www.europesays.com\/it\/wp-json\/wp\/v2\/comments?post=531324"}],"version-history":[{"count":0,"href":"https:\/\/www.europesays.com\/it\/wp-json\/wp\/v2\/posts\/531324\/revisions"}],"wp:featuredmedia":[{"embeddable":true,"href":"https:\/\/www.europesays.com\/it\/wp-json\/wp\/v2\/media\/531325"}],"wp:attachment":[{"href":"https:\/\/www.europesays.com\/it\/wp-json\/wp\/v2\/media?parent=531324"}],"wp:term":[{"taxonomy":"category","embeddable":true,"href":"https:\/\/www.europesays.com\/it\/wp-json\/wp\/v2\/categories?post=531324"},{"taxonomy":"post_tag","embeddable":true,"href":"https:\/\/www.europesays.com\/it\/wp-json\/wp\/v2\/tags?post=531324"}],"curies":[{"name":"wp","href":"https:\/\/api.w.org\/{rel}","templated":true}]}}