{"id":531664,"date":"2026-06-10T01:24:21","date_gmt":"2026-06-10T01:24:21","guid":{"rendered":"https:\/\/www.europesays.com\/it\/531664\/"},"modified":"2026-06-10T01:24:21","modified_gmt":"2026-06-10T01:24:21","slug":"gimenez-saro-capocannoniere-al-mondiali-i-tifosi-del-milan-si-fidano-di-me","status":"publish","type":"post","link":"https:\/\/www.europesays.com\/it\/531664\/","title":{"rendered":"Gimenez: &#8220;Sar\u00f2 capocannoniere al Mondiali. I tifosi del Milan si fidano di me&#8221;"},"content":{"rendered":"<p><b><strong>Santiago Gimenez<\/strong><\/b>, centravanti del <b><strong>Milan <\/strong><\/b>e del <b><strong>Messico<\/strong><\/b>, parla a Billboard Italia in un&#8217;intervista condivisa con il rapper e tifoso rossonero Ernia. Il classe 2001, 37 presenze e 7 goal con la maglia rossonera in una stagione e mezza, si appresta a vivere con il suo Messico il Mondiale in casa. Di seguito i passaggi pi\u00f9 interessanti, cos\u00ec riportati da Milannews.it. <\/p>\n<p><b><strong>Sul Mondiale in casa:<\/strong><\/b><\/p>\n<p>&#8220;\u00c8 un sogno incredibile. Vorrei che la Coppa del mondo iniziasse domani perch\u00e9 sono molto emozionato. Quando indossi la maglia della Nazionale rappresenti un intero Paese quindi hai una grande responsabilit\u00e0, ma allo stesso tempo \u00e8 una cosa bellissima.<b><strong> So che il Messico, con la sua gente, in casa, \u00e8 molto forte. Sono convinto che sar\u00e0 un grande Mondiale. Vincer\u00e0 il Messico e sar\u00f2 il capocannoniere<\/strong><\/b> (ride, ndr)&#8221;<\/p>\n","protected":false},"excerpt":{"rendered":"Santiago Gimenez, centravanti del Milan e del Messico, parla a Billboard Italia in un&#8217;intervista condivisa con il rapper&hellip;\n","protected":false},"author":3,"featured_media":531665,"comment_status":"","ping_status":"","sticky":false,"template":"","format":"standard","meta":{"footnotes":"","_share_on_mastodon":"0"},"categories":[176],"tags":[1744,100612,1537,90,89,13549,160841,553,16389,1654,50483,245,244,32959],"class_list":["post-531664","post","type-post","status-publish","format-standard","has-post-thumbnail","category-sport","tag-ac-milan","tag-coppa-del-mondo","tag-it","tag-italia","tag-italy","tag-messico","tag-mexico","tag-milan","tag-national-teams","tag-nazionali","tag-s-gimenez","tag-sport","tag-sports","tag-world-cup"],"share_on_mastodon":{"url":"https:\/\/pubeurope.com\/@it\/116723205044721519","error":""},"_links":{"self":[{"href":"https:\/\/www.europesays.com\/it\/wp-json\/wp\/v2\/posts\/531664","targetHints":{"allow":["GET"]}}],"collection":[{"href":"https:\/\/www.europesays.com\/it\/wp-json\/wp\/v2\/posts"}],"about":[{"href":"https:\/\/www.europesays.com\/it\/wp-json\/wp\/v2\/types\/post"}],"author":[{"embeddable":true,"href":"https:\/\/www.europesays.com\/it\/wp-json\/wp\/v2\/users\/3"}],"replies":[{"embeddable":true,"href":"https:\/\/www.europesays.com\/it\/wp-json\/wp\/v2\/comments?post=531664"}],"version-history":[{"count":0,"href":"https:\/\/www.europesays.com\/it\/wp-json\/wp\/v2\/posts\/531664\/revisions"}],"wp:featuredmedia":[{"embeddable":true,"href":"https:\/\/www.europesays.com\/it\/wp-json\/wp\/v2\/media\/531665"}],"wp:attachment":[{"href":"https:\/\/www.europesays.com\/it\/wp-json\/wp\/v2\/media?parent=531664"}],"wp:term":[{"taxonomy":"category","embeddable":true,"href":"https:\/\/www.europesays.com\/it\/wp-json\/wp\/v2\/categories?post=531664"},{"taxonomy":"post_tag","embeddable":true,"href":"https:\/\/www.europesays.com\/it\/wp-json\/wp\/v2\/tags?post=531664"}],"curies":[{"name":"wp","href":"https:\/\/api.w.org\/{rel}","templated":true}]}}