{"id":531685,"date":"2026-06-10T01:45:25","date_gmt":"2026-06-10T01:45:25","guid":{"rendered":"https:\/\/www.europesays.com\/it\/531685\/"},"modified":"2026-06-10T01:45:25","modified_gmt":"2026-06-10T01:45:25","slug":"jovanotti-incontra-le-clarisse-di-cortona-qui-ho-ricordi-dinfanzia-indelebili-avevo-10-anni-e-mi-facevano-suonare-la-campana","status":"publish","type":"post","link":"https:\/\/www.europesays.com\/it\/531685\/","title":{"rendered":"Jovanotti incontra le clarisse di Cortona: \u201cQui ho\u00a0ricordi d\u2019infanzia indelebili, avevo\u00a010 anni e mi facevano suonare la campana\u201d"},"content":{"rendered":"<p>Cortona (Arezzo), 9 giugno 2026 \u2013 \u201c\u00c8\u00a0stata una bella giornata\u201d. Inizia cos\u00ec il lungo e intenso racconto\u00a0che <strong>Jovanotti<\/strong> ha postato su Instagram, dove\u00a0il cantautore ha condiviso una fotografia scattata insieme alle <strong>monache clarisse di Cortona <\/strong>e una serie di ricordi personali che intrecciano fede, infanzia e legame con la sua citt\u00e0.<\/p>\n<p> <img alt=\"jovanotti alla chiesa di san francesco  5\" loading=\"lazy\" width=\"1599\" height=\"899\" decoding=\"async\" data-nimg=\"1\" style=\"color:transparent;max-width:100%;height:auto\"   src=\"https:\/\/www.europesays.com\/it\/wp-content\/uploads\/2026\/06\/jovanotti-alla-chiesa-di-san-francesco-5.webp\"\/><\/p>\n<p>NOTEXT<\/p>\n<p>&#8220;Le nostre vicine di casa a Cortona\u201d <\/p>\n<p>Le clarisse, scrive Jovanotti, <strong>&#8220;sono le nostre vicine di casa a Cortona\u201d<\/strong>\u00a0e tra loro c&#8217;\u00e8 un rapporto che dura da anni. In particolare con la badessa, suor Luciana, che definisce \u201cuna giovane mistica con i piedi per terra e il cuore radioso\u201d. Un rapporto fatto di dialogo e curiosit\u00e0. \u201cOgni tanto capita di fare due chiacchiere, e di solito io la tempesto di domande e di curiosit\u00e0 su tutto, soprattutto su com\u2019\u00e8 vivere una vocazione cos\u00ec \u201cacrobatica\u201d come la clausura in un convento che \u00e8 qui da 800 anni\u201d.<\/p>\n<p>Approfondisci:<\/p>\n<p><a href=\"https:\/\/www.lanazione.it\/cultura-e-spettacoli\/tommaso-paradiso-matrimonio-ovfdxldn\" class=\"ArticleEmbed_article__embed__content__Jzqnz\" rel=\"nofollow noopener\" target=\"_blank\">Tommaso Paradiso e Carolina Sansoni si sposano a Capalbio<img alt=\"Tommaso Paradiso e Carolina Sansoni si sposano a Capalbio\" loading=\"lazy\" width=\"140\" height=\"78\" decoding=\"async\" data-nimg=\"1\" style=\"color:transparent\"  src=\"https:\/\/www.europesays.com\/it\/wp-content\/uploads\/2026\/06\/para.webp\"\/><\/a> <\/p>\n<p>&#8220;La perfetta letizia\u201d <\/p>\n<p>Proprio suor Luciana lo aveva invitato tempo fa a partecipare a un incontro nella chiesa di San Francesco, che Jovanotti definisce \u201c<strong>la chiesa pi\u00f9 bella di Cortona<\/strong>\u201d. Un invito accolto con l&#8217;ironia che da sempre lo contraddistingue. \u201cEssendo io del tutto inadeguato all\u2019occasione, \u00e8 stata proprio la consapevolezza di non essere titolato a parlare di santit\u00e0 a farmi dire di s\u00ec\u201d, racconta, ricordando anche la presenza del professor Grado Merlo, \u201cgrande esperto di storia francescana\u201d, che ha guidato l&#8217;incontro.\u00a0Durante l&#8217;appuntamento il cantante ha voluto soffermarsi su uno dei temi centrali del pensiero di San Francesco. \u201cHo voluto solo ribadire ci\u00f2 che tutti sanno, ovvero che la<strong> \u201cperfetta letizia\u201d<\/strong> di cui parla il santo di Assisi \u00e8 la pi\u00f9 grande delle sfide lanciate all\u2019umanit\u00e0, e dopo 800 anni la questione \u00e8 ancora apertissima in questo nostro tempo agitatissimo\u201d.<\/p>\n<p>I ricordi dell\u2019infanzia <\/p>\n<p>Ma \u00e8 nella seconda parte del post che emerge il lato pi\u00f9 personale del racconto. Jovanotti torna infatti con la memoria alla sua infanzia cortonese, quando frequentava il convento delle clarisse. &#8220;All\u2019epoca aveva ancora le grate alle finestre e le suore si mostravano dietro a una tenda e non potevano uscire se non nel giorno del loro funerale, pi\u00f9 o meno\u201d, scrive.<\/p>\n<p>Poi il ricordo, vivido, di quei pomeriggi estivi. \u201cCi venivo a tirare una campana nei pomeriggi caldissimi d\u2019estate e una suora misteriosa che non aveva un volto e che ormai mi conosceva appariva in silhouette dietro alla <strong>grata<\/strong> e mi passava un <strong>bicchierino di vino dolce<\/strong> nella \u201cruota\u201d (avevo 10 anni!) e i ritagli delle ostie non ancora consacrate che loro preparavano per le chiese del paese.\u00a0Storie di altri tempi che mi porto nel cuore\u201d, conclude il cantautore, spiegando di raccontarle ancora oggi alla figlia Teresa, che per\u00f2 continua a guardarle con un certo scetticismo. E infine il motivo della foto condivisa con i suoi follower: \u201cQuesta foto con tutte loro, quelle che ci vivono oggi, ce l\u2019hanno scattata proprio oggi (ieri, ndr.) e mi fa piacere condividerla\u201d. Insomma, un racconto intimo e affettuoso che restituisce l&#8217;immagine di un Jovanotti lontano dai palchi e vicino alle sue radici.<\/p>\n","protected":false},"excerpt":{"rendered":"Cortona (Arezzo), 9 giugno 2026 \u2013 \u201c\u00c8\u00a0stata una bella giornata\u201d. Inizia cos\u00ec il lungo e intenso racconto\u00a0che Jovanotti&hellip;\n","protected":false},"author":3,"featured_media":531686,"comment_status":"","ping_status":"","sticky":false,"template":"","format":"standard","meta":{"footnotes":"","_share_on_mastodon":"0"},"categories":[1451],"tags":[139435,29710,1621,1620,293428,4638,203,293430,24682,293429,5345,204,1537,90,89,2816,2176,36895],"class_list":["post-531685","post","type-post","status-publish","format-standard","has-post-thumbnail","category-celebrita","tag-avevo","tag-campana","tag-celebrita","tag-celebrities","tag-clarisse","tag-cortona","tag-entertainment","tag-facevano","tag-incontra","tag-indelebili","tag-infanzia","tag-intrattenimento","tag-it","tag-italia","tag-italy","tag-jovanotti","tag-ricordi","tag-suonare"],"share_on_mastodon":{"url":"https:\/\/pubeurope.com\/@it\/116723288282682889","error":""},"_links":{"self":[{"href":"https:\/\/www.europesays.com\/it\/wp-json\/wp\/v2\/posts\/531685","targetHints":{"allow":["GET"]}}],"collection":[{"href":"https:\/\/www.europesays.com\/it\/wp-json\/wp\/v2\/posts"}],"about":[{"href":"https:\/\/www.europesays.com\/it\/wp-json\/wp\/v2\/types\/post"}],"author":[{"embeddable":true,"href":"https:\/\/www.europesays.com\/it\/wp-json\/wp\/v2\/users\/3"}],"replies":[{"embeddable":true,"href":"https:\/\/www.europesays.com\/it\/wp-json\/wp\/v2\/comments?post=531685"}],"version-history":[{"count":0,"href":"https:\/\/www.europesays.com\/it\/wp-json\/wp\/v2\/posts\/531685\/revisions"}],"wp:featuredmedia":[{"embeddable":true,"href":"https:\/\/www.europesays.com\/it\/wp-json\/wp\/v2\/media\/531686"}],"wp:attachment":[{"href":"https:\/\/www.europesays.com\/it\/wp-json\/wp\/v2\/media?parent=531685"}],"wp:term":[{"taxonomy":"category","embeddable":true,"href":"https:\/\/www.europesays.com\/it\/wp-json\/wp\/v2\/categories?post=531685"},{"taxonomy":"post_tag","embeddable":true,"href":"https:\/\/www.europesays.com\/it\/wp-json\/wp\/v2\/tags?post=531685"}],"curies":[{"name":"wp","href":"https:\/\/api.w.org\/{rel}","templated":true}]}}