{"id":531957,"date":"2026-06-10T06:33:16","date_gmt":"2026-06-10T06:33:16","guid":{"rendered":"https:\/\/www.europesays.com\/it\/531957\/"},"modified":"2026-06-10T06:33:16","modified_gmt":"2026-06-10T06:33:16","slug":"diego-piacentini-steve-jobs-mi-disse-se-tu-mi-lasci-per-bezos-non-sei-intelligente-nel-tech-italiano-ci-sono-talenti-ma-non-sappiamo-rischiare","status":"publish","type":"post","link":"https:\/\/www.europesays.com\/it\/531957\/","title":{"rendered":"Diego Piacentini: \u00abSteve Jobs mi disse: \u201cSe tu mi lasci per Bezos non sei intelligente\u201d. Nel tech italiano ci sono talenti ma non sappiamo rischiare\u00bb"},"content":{"rendered":"<p>    di<br \/>\n    Daniele Manca<\/p>\n<p class=\"summary-art is-line-h-12\">Il manager: Seattle come la Silicon Valley. Mio padre non voleva crederci che io lavorassi gratis per il governo<\/p>\n<p class=\"chapter-paragraph\">\u00abPensavo fossi intelligente. Mi sbagliavo. <b>Se decidi di lasciare Apple per andare a lavorare con un rivenditore di libri, tu non puoi essere intelligente\u00bb<\/b>.\u00a0<\/p>\n<p class=\"chapter-paragraph\"><b>\u00c8 il settembre del 1999. A pronunciare quelle parole \u00e8 <a href=\"https:\/\/www.corriere.it\/tecnologia\/cards\/steve-jobs-nasceva-70-anni-fa-la-storia-del-fondatore-di-apple-in-16-curiosita\/nessuno-si-ricordera-di-me_principale.shtml\" rel=\"nofollow noopener\" target=\"_blank\">Steve Jobs<\/a>.<\/b> Jobs \u00e8 tornato da poco pi\u00f9 di due anni dopo essere stato licenziato di fatto nel 1985 dalla casa che lui aveva fondato. Nel giro di 24 mesi con scelte radicali \u00e8 riuscito a dare nuova speranza a una societ\u00e0 che rischiava di essere acquistata da una Ibm o da altri concorrenti. Ha davanti a s\u00e9 il capo dell\u2019Europa che ha costretto a volare a Cupertino per convincerlo a non andare via.\u00a0    &#13;<br \/>\n&#13;<br \/>\n&#13;<br \/>\n&#13;<br \/>\n&#13;<br \/>\n&#13;<br \/>\n&#13;<br \/>\n&#13;<br \/>\n&#13;<br \/>\n&#13;<br \/>\n&#13;<br \/>\n&#13;<br \/>\n&#13;<br \/>\n&#13;<br \/>\n&#13;<br \/>\n&#13;<br \/>\n&#13;<br \/>\n&#13;<br \/>\n&#13;<br \/>\n&#13;<br \/>\n&#13;<br \/>\n&#13;<br \/>\n&#13;<br \/>\n&#13;<br \/>\n&#13;<br \/>\n&#13;<br \/>\n&#13;<br \/>\n&#13;<br \/>\n&#13;<br \/>\n&#13;<br \/>\n&#13;<br \/>\n&#13;<br \/>\n&#13;<br \/>\n&#13;<br \/>\n&#13;<br \/>\n&#13;<br \/>\n&#13;<br \/>\n&#13;<br \/>\n&#13;<br \/>\n&#13;<br \/>\n&#13;<br \/>\n&#13;<br \/>\n&#13;<br \/>\n&#13;<br \/>\n&#13;<br \/>\n&#13;<br \/>\n&#13;<br \/>\n&#13;<br \/>\n&#13;<br \/>\n&#13;<br \/>\n&#13;<br \/>\n&#13;<br \/>\n&#13;\n<\/p>\n<p class=\"chapter-paragraph\">\u00c8 uno dei pochi <a href=\"https:\/\/www.corriere.it\/150-anni\/26_marzo_05\/diego-piacentini-mio-corriere-27b63f6f-5217-4164-9ce2-afc41ddf8xlk.shtml\" rel=\"nofollow noopener\" target=\"_blank\">manager <\/a>che non ha cacciato al suo arrivo. Un italiano. <a href=\"https:\/\/www.corriere.it\/sette\/attualita\/23_gennaio_27\/diego-piacentini-intervista-baf093aa-9d52-11ed-9f51-64dfca2771aa.shtml\" rel=\"nofollow noopener\" target=\"_blank\">Diego Piacentini<\/a>. Classe 1960. Non deve essere stato facile sentirsi apostrofato cos\u00ec. Anche perch\u00e9 il rivenditore di libri si chiamava Amazon. <b>E Piacentini si apprestava ad affiancare <a href=\"https:\/\/www.corriere.it\/sette\/25_aprile_19\/jeff-bezos-moglie-lauren-sanchez-storia-73b73245-7272-454e-bd0a-163f999ffxlk.shtml\" rel=\"nofollow noopener\" target=\"_blank\">Jeff Bezos <\/a>come capo delle attivit\u00e0 internazionali.<\/b> \u00c8 lui stesso a raccontare l\u2019episodio in un saggio che fa da introduzione al libro sugli anni fuori da Apple di Jobs scritto da Geoffrey Cain (Egea editore).<\/p>\n<p class=\"chapter-paragraph\">Ma incrociare <b>il manager con passaporto italiano e americano con una vita divisa in due tra Seattle e Milano<\/b>, pi\u00f9 Seattle che Milano, vuol dire incrociare l\u2019Italia nascosta, quella che funziona e che \u00e8 avanti anche dal punto di vista tecnologico e che nessuno immaginerebbe. Tanto per capirci <b>Piacentini <a href=\"https:\/\/www.corriere.it\/economia\/consumi\/20_dicembre_15\/diego-piacentini-il-cashback-io-svolta-ma-serviva-gradualita-76a96ad2-3e09-11eb-9065-1ec87c08befd.shtml\" rel=\"nofollow noopener\" target=\"_blank\">\u00e8 il pap\u00e0 dell\u2019app IO<\/a> nonch\u00e9 di quel <a href=\"https:\/\/www.corriere.it\/economia\/18_ottobre_09\/piacentini-mr-agenda-digitale-app-anti-furbetti-il-reddito-cittadinanza-b710265e-cb9e-11e8-a151-64ee02cc2acb.shtml\" rel=\"nofollow noopener\" target=\"_blank\">sistema Spid <\/a>che ha reso molto pi\u00f9 semplice la vita degli italiani<\/b> (\u00abprima che la CIE fosse diffusa\u00bb, ci tiene a precisare)<\/p>\n<p class=\"chapter-paragraph\">Ma il punto di vista di <a href=\"https:\/\/www.corriere.it\/cronache\/17_giugno_03\/digitale-stato-fermo-anni-90-parola-diego-piacentini-6860a56c-4849-11e7-beec-6fc3ec1d3e39.shtml\" rel=\"nofollow noopener\" target=\"_blank\">Piacentini <\/a>\u00e8 di chi ha vissuto in prima fila e vive come pochi altri l\u2019evoluzione tecnologica e non solo mondiale. Certo per la frequentazione con Jobs prima e Bezos poi, ma anche oggi nel consiglio di <a href=\"https:\/\/www.corriere.it\/economia\/finanza\/25_maggio_06\/deliveroo-passa-a-doordash-e-diventa-americana-acquisizione-da-3-9-miliardi-di-dollari-6dda3bf9-8827-4c5c-a779-5a19dadbcxlk.shtml\" rel=\"nofollow noopener\" target=\"_blank\">DoorDash<\/a>, una delle principali piattaforme di consegna del food, quella che ha appena comprato Deliveroo.<b> O perch\u00e9 siede nel consiglio dell\u2019Economist accanto a <a href=\"https:\/\/www.corriere.it\/tecnologia\/24_marzo_21\/chi-e-mustafa-suleyman-l-esperto-chiamato-da-microsoft-per-gestire-tutti-i-suoi-progetti-di-intelligenza-artificiale-4a1a883f-aece-4ae6-beab-cab4e8237xlk.shtml\" rel=\"nofollow noopener\" target=\"_blank\">Mustafa Suleyman<\/a>, il numero uno per l\u2019intelligenza artificiale Microsoft oggi<\/b>, ma che \u00e8 stato uno dei tre fondatori, assieme al Nobel Demis Hassabis e Shane Legg, di Deep Mind acquisita da Google. O perch\u00e9 vive a Seattle.<\/p>\n<p>APPROFONDISCI CON IL PODCAST<\/p>\n<p class=\"chapter-paragraph\"><b>Ma che ci fa lei a Seattle?<br \/><\/b>\u00abAspetti un secondo\u00bb, la telecamera del computer con il quale ci stiamo videochiamando, io da Milano lui appunto dallo Stato di Washington, piano piano gira e inquadra la vista del lago che divide Bellevue da Seattle. \u00abPanorama a parte, che pure conta, qui si fa la tecnologia. E questo, ad esempio, ha aiutato moltissimo la mia partecipazione allo sviluppo di Vento Ventures (il fondo early-stage pi\u00f9 attivo in Italia, di cui \u00e8 advisor, ndr) che ha supportato la nascita di circa 150 start up, qui si capisce dove va l\u2019innovazione\u00bb.<\/p>\n<p class=\"chapter-paragraph\"><b>Ma Seattle non \u00e8 la Silicon Valley.<br \/><\/b>\u00abNo, ma \u00e8 come se lo fosse. \u00c8 sulla stessa costa ma pi\u00f9 a nord, due delle 5 grandi della tecnologia al mondo, Amazon e Microsoft, sono per\u00f2 nate qui. Attorno abbiamo poi uno dei retailer maggiori al mondo Starbucks, la Boeing\u2026\u00bb.<\/p>\n<p class=\"chapter-paragraph\"><b>S\u00ec ma concretamente?<br \/><\/b>\u00abLe possibilit\u00e0 di networking sono moltissime. L\u2019altra sera ero a cena con una persona che ha lavorato all\u2019accordo tra <a href=\"\">Jensen Huang<\/a> di Nvidia e Microsoft per costruire il computer con l\u2019intelligenza artificiale integrata\u00bb.<\/p>\n<p class=\"chapter-paragraph\"><b>Ah certo, \u00e8 questione di talenti da Huang a Satya Nadella&#8230;<br \/><\/b>\u00abMa no guardi, talenti ce ne sono qui e ce ne sono in Italia. I nomi che fa sono tutti di migranti peraltro&#8230;\u00bb.<\/p>\n<p class=\"chapter-paragraph\"><b>D\u2019accordo, ma l\u00ec diventano Apple, Microsoft, Amazon&#8230;<br \/><\/b>\u00abVero, ma non \u00e8 solo questione di talenti. Le faccio il nome di una societ\u00e0 di Milano che probabilmente non dice niente a nessuno: la Ephos, sar\u00e0 quella che costruir\u00e0 nell\u2019area della citt\u00e0 dove sono nato il primo impianto al mondo di chip fotonici. Tutto in Italia con ricercatori italiani del CNR e Politecnico di Milano\u00bb.<\/p>\n<p class=\"chapter-paragraph\"><b>E allora, dove sta la differenza?<br \/><\/b>\u00abSe Ephos vorr\u00e0 crescere dovr\u00e0 avere una doppia presenza: Italia e California. Avviare le attivit\u00e0 anche in America serve sia per creare economie di scala sia per accedere a un mercato finanziario in grado di sostenerne gli investimenti. In Italia ha ricevuto le prime decine di milioni; negli USA ricever\u00e0 le centinaia che servono per diventare globali. \u00c8 per questo che <a href=\"\">Draghi <\/a>spinge per la creazione di un mercato unico che sfrutti l\u2019enorme risparmio europeo che invece viene investito in America\u00bb.<\/p>\n<p class=\"chapter-paragraph\"><b>E poi, cos\u2019altro oltre al fatto che \u00abregaliamo\u00bb 300 miliardi l\u2019anno di risparmio a Wall street?<br \/><\/b>\u00abGliel\u2019avranno detto in tanti: cultura dell\u2019errore e del rischio\u00bb.<\/p>\n<p class=\"chapter-paragraph\"><b>S\u00ec, s\u00ec, in America non si ha paura di fallire e si rischia. Ma lei \u00e8 stato vicino a Jobs e a Bezos, quando li ha visti rischiare.<br \/><\/b>\u00abPensi al fatto che oggi uno dei servizi al mondo maggiori di cloud (quei server che raccolgono e custodiscono i dati delle aziende mondiali) \u00e8 di Amazon, <a href=\"https:\/\/www.corriere.it\/economia\/innovazione\/24_novembre_26\/dall-intelligenza-artificiale-ai-microprocessori-dove-va-il-cloud-di-amazon-web-services-cc11d756-e7fb-4edc-aaee-6726cf96cxlk.shtml\" rel=\"nofollow noopener\" target=\"_blank\">AWS<\/a>\u00bb.<\/p>\n<p class=\"chapter-paragraph\"><b>Be\u2019 normale&#8230; Amazon vale pi\u00f9 del prodotto interno lordo dell\u2019intera Italia. Dov\u2019\u00e8 il rischio?<br \/><\/b>\u00abBezos decise di creare AWS sulla base di questo ragionamento: abbiamo un elevatissimo numero di server per servire le transazioni di e-commerce del trimestre pi\u00f9 elevato (quello natalizio) e che \u00e8 ridondante per il resto dell\u2019anno. Che ce ne facciamo negli altri mesi? Creiamo un servizio che permetta alle aziende di scalare i propri sistemi senza comprare hardware. Tutti lo criticarono. Anche internamente. Oggi <a href=\"https:\/\/www.corriere.it\/economia\/innovazione\/24_novembre_26\/dall-intelligenza-artificiale-ai-microprocessori-dove-va-il-cloud-di-amazon-web-services-cc11d756-e7fb-4edc-aaee-6726cf96cxlk.shtml\" rel=\"nofollow noopener\" target=\"_blank\">AWS <\/a>fa i maggiori profitti del gruppo. O il lancio del Kindle che poteva cannibalizzare i libri su cui era stata costruita Amazon\u00bb.<\/p>\n<p class=\"chapter-paragraph\"><b>I successi li conoscono tutti, ma i fallimenti di Jobs e Bezos?<br \/><\/b>\u00abGliene dico due. Il Cube di Apple, quel computer cubico che avrebbe dovuto sconvolgere il mercato e che \u00e8 desaparecido. O Il Fire Phone di Amazon. Chi se lo ricorda, se non gli appassionati di storia dei prodotti fallimentari?\u00bb<\/p>\n<p class=\"chapter-paragraph\"><b>Se ti chiami Apple, Microsoft \u00e8 facile rischiare. Vale lo stesso per le banche, JP Morgan Chase vale in Borsa quanto le prime dieci banche europee messe assieme&#8230;<br \/><\/b>\u00abLa dimensione, la scala conta sempre. Mi ripeto, \u00e8 quello che ancora dice Draghi: le aziende europee devono crescere. Ma pensi a una Goldman Sachs che vale un terzo di JP Morgan\u00bb.<\/p>\n<p class=\"chapter-paragraph\"><b>Cosa ha fatto Goldman?<br \/><\/b>\u00abBe\u2019 per esempio ha preso un italiano, guarda caso, <a href=\"https:\/\/www.corriere.it\/economia\/finanza\/22_dicembre_15\/marco-argenti-nuovo-cio-goldman-sachs-futuro-banche-diventeranno-aziende-tecnologiche-ce79875c-7c72-11ed-840c-2c5260b7208b.shtml\" rel=\"nofollow noopener\" target=\"_blank\">Marco Argenti<\/a>, da Amazon, nonostante non sapesse nulla di servizi finanziari, e gli ha dato una divisione di 13 mila persone per gestire la tecnologia a riporto diretto del numero uno di Goldman&#8230; Un rischio che ha pagato\u00bb.<\/p>\n<p class=\"chapter-paragraph\"><b>Insomma qui in Italia e in Europa abbiamo perso la gara?<br \/><\/b>\u00abDobbiamo smettere di paragonare l\u2019Europa agli USA o alla Cina come se fosse una gara sportiva. Come dice il governatore della Banca d\u2019Italia, Fabio Panetta, abbiamo la manifattura, spingiamo sull\u2019adozione veloce dell\u2019intelligenza artificiale e rischiamo senza aver paura continuamente di sbagliare. Dobbiamo iniziare a pensare in grande\u00bb.<\/p>\n<p class=\"chapter-paragraph\"><b>Forse da Seattle sembra facile&#8230;<br \/><\/b>\u00abGuardi che il fatto che uno dei maggiori fondi mondiali <a href=\"https:\/\/www.corriere.it\/economia\/finanza\/26_maggio_28\/il-mega-fondo-americano-kkr-apre-a-milano-da-tim-a-enilive-gia-investiti-10-miliardi-in-italia-pronti-a-nuove-operazioni-47199f0e-736d-4071-b883-e5b0e5e0dxlk.shtml\" rel=\"nofollow noopener\" target=\"_blank\">KKR apra a Milano<\/a> o <a href=\"\">Anthropic<\/a>, una delle pi\u00f9 innovative societ\u00e0 sull\u2019AI, apra ancora a Milano, per quanto iniziative commerciali, qualcosa significher\u00e0\u00bb.<\/p>\n<p class=\"chapter-paragraph\"><b>Certo qualcosa di buono si fa anche qui&#8230;<br \/><\/b>\u00abGuardiamo al bicchiere come mezzo pieno. Bending Spoons, la start up che ha comprato Wetransfer, American on line e via dicendo \u00e8 nata a Milano. Max Ciociola ha creato la pi\u00f9 grande piattaforma mondiale di testi e metadati musicali a Bologna che \u00e8 a 45 minuti di treno da Milano, come Torino, la sede di <a href=\"https:\/\/www.corriere.it\/economia\/finanza\/26_marzo_17\/elkann-exor-con-vento-abbiamo-investito-in-160-startup-italiane-pronti-a-sostenerne-altre-mille-7b77d1f4-8d7f-47c2-9abb-06d99b354xlk.shtml\" rel=\"nofollow noopener\" target=\"_blank\">Vento<\/a>. Certo, le storie di successo sono decine, e in America sono decine di migliaia. Ma fino a pochi anni fa non avevamo neppure queste decine\u00bb.<\/p>\n<p class=\"chapter-paragraph\"><b>Ma allora un giorno torner\u00e0?<br \/><\/b>\u00abPer ora continuo ad andare avanti e indietro\u00bb.<\/p>\n<p class=\"chapter-paragraph\"><b>E la famiglia?<br \/><\/b>\u00abMia moglie \u00e8 con me, un figlio dopo essere venuto a 4 anni qui con noi, ora che ne ha trenta \u00e8 tornato per costruire un agriturismo in Italia, l\u2019altro \u00e8 a New York a fare l\u2019architetto\u00bb.<\/p>\n<p class=\"chapter-paragraph\"><b>Un futuro ancora da pendolare insomma.<br \/><\/b>\u00abInsegnando agli USA le potenzialit\u00e0 del tech italiano e portando in Italia un pochino di cultura del rischio, dell\u2019investimento, di non diffidenza&#8230;\u00bb<\/p>\n<p class=\"chapter-paragraph\"><b>Che c\u2019entra la diffidenza adesso?<br \/><\/b>\u00abLe dico solo questo: <a href=\"https:\/\/www.corriere.it\/tecnologia\/16_febbraio_10\/sara-diego-piacentini-commissario-governo-innovazione-digitale-231ad2b2-d03f-11e5-b46f-b6e34893b4a5.shtml\" rel=\"nofollow noopener\" target=\"_blank\">quando decisi<\/a> di fare il <a href=\"https:\/\/www.corriere.it\/sette\/17_maggio_11\/intervista-diego-piacentini-digitale-pubblica-amministrazione-897d9948-35a8-11e7-ae5c-ac92466523f8.shtml\" rel=\"nofollow noopener\" target=\"_blank\">commissario per l\u2019attuazione dell\u2019agenda digitale in Italia<\/a>, lo feci senza prendere alcun compenso. Persino mio padre dubit\u00f2 di questo. Con la cultura della diffidenza che ci siano sempre poteri forti, interessi chiss\u00e0 quali, spintarelle e spintoni che agevolano i nostri vicini, non andremo da nessuna parte\u00bb.<\/p>\n<p>\t\t\t\tIscriviti alle newsletter di L&#8217;Economia<\/p>\n<p style=\"display: flex;\">\n\t\t<img decoding=\"async\" class=\"el-show-desktop-only\" style=\"float: left;margin: 10px; max-height: 50px;\" src=\"https:\/\/www.europesays.com\/it\/wp-content\/uploads\/2025\/11\/de_bortoli_50.png\"\/><\/p>\n<p>\t\t\t<a href=\"https:\/\/www.corriere.it\/newsletter\/?id=67\" rel=\"nofollow noopener\" target=\"_blank\">Le idee di Ferruccio de Bortoli e Daniele Manca<\/a><br \/>\n\t\t\t<br \/>I fatti e le persone letti attraverso la lente dell&#8217;economia.<\/p>\n<p class=\"is-mr-t-20\">\n\t\t\tE non dimenticare le newsletter<br \/>\n\t\t\t\t<br \/><a href=\"https:\/\/www.corriere.it\/newsletter\/?theme=23\" rel=\"nofollow noopener\" target=\"_blank\"><br \/>\n\t\t\t\t\tL&#8217;Economia Opinioni<\/a><br \/>\n\t\t\t\te<br \/>\n\t\t\t\t<a href=\"https:\/\/www.corriere.it\/newsletter\/?theme=16\" rel=\"nofollow noopener\" target=\"_blank\">L&#8217;Economia Ore 18<\/a><\/p>\n<p class=\"is-last-update\" datetime=\"2026-06-10T08:14:55+02:00\">10 giugno 2026 ( modifica il 10 giugno 2026 | 08:14)<\/p>\n<p class=\"is-copyright\">\n            \u00a9 RIPRODUZIONE RISERVATA\n        <\/p>\n","protected":false},"excerpt":{"rendered":"di Daniele Manca Il manager: Seattle come la Silicon Valley. Mio padre non voleva crederci che io lavorassi&hellip;\n","protected":false},"author":3,"featured_media":531958,"comment_status":"","ping_status":"","sticky":false,"template":"","format":"standard","meta":{"footnotes":"","_share_on_mastodon":"0"},"categories":[172],"tags":[579,178,7072,2032,32,624,272762,69267,293519,666,17039,1498,106609,5609,3721,24893,12861,177,777,6969,4718,20682,4023,4933,2665,3081,1644,937,3876,8250,293520,3992,2149,38387,293521,3085,3766,2606,629,38216,15414,26003,293522,7378,37470,667,668,1537,90,627,1599,89,32753,293518,112631,112632,1609,9737,2947,1412,4068,28,1353,4422,3193,1312,3608,5238,6034,165235,975,2466,4425,494,11631,860,293523,36933,2441,25318,64868,293524,13552,30210,293525,293526,293527,193310,1324,2434,1359,7989,196,410,6370],"class_list":["post-531957","post","type-post","status-publish","format-standard","has-post-thumbnail","category-affari","tag-accordo","tag-affari","tag-amazon","tag-america","tag-andare","tag-apple","tag-apple-microsoft","tag-apra","tag-apra-milano","tag-artificiale","tag-assieme","tag-attivita","tag-aws","tag-aziende","tag-banche","tag-be","tag-bezos","tag-business","tag-capo","tag-ce","tag-comprato","tag-computer","tag-conta","tag-costruire","tag-creare","tag-crescere","tag-cultura","tag-decine","tag-dico","tag-diego","tag-diego-piacentini","tag-diffidenza","tag-dobbiamo","tag-draghi","tag-ephos","tag-europa","tag-europee","tag-facile","tag-gara","tag-goldman","tag-guardi","tag-huang","tag-incrociare","tag-insomma","tag-intelligente","tag-intelligenza","tag-intelligenza-artificiale","tag-it","tag-italia","tag-italiani","tag-italiano","tag-italy","tag-jobs","tag-jobs-bezos","tag-jp","tag-jp-morgan","tag-libri","tag-maggiori","tag-manager","tag-mercato","tag-microsoft","tag-milano","tag-mondiale","tag-mondiali","tag-morgan","tag-numero","tag-padre","tag-paura","tag-pensi","tag-piacentini","tag-piano","tag-pochi","tag-prime","tag-punto","tag-punto-vista","tag-questione","tag-questione-talenti","tag-rischiare","tag-rischio","tag-risparmio","tag-rivenditore","tag-rivenditore-libri","tag-scala","tag-seattle","tag-seattle-milano","tag-seattle-silicon","tag-seattle-silicon-valley","tag-server","tag-servizi","tag-si","tag-societa","tag-talenti","tag-tecnologia","tag-usa","tag-vista"],"share_on_mastodon":{"url":"","error":"Validation failed: Text character limit of 500 exceeded"},"_links":{"self":[{"href":"https:\/\/www.europesays.com\/it\/wp-json\/wp\/v2\/posts\/531957","targetHints":{"allow":["GET"]}}],"collection":[{"href":"https:\/\/www.europesays.com\/it\/wp-json\/wp\/v2\/posts"}],"about":[{"href":"https:\/\/www.europesays.com\/it\/wp-json\/wp\/v2\/types\/post"}],"author":[{"embeddable":true,"href":"https:\/\/www.europesays.com\/it\/wp-json\/wp\/v2\/users\/3"}],"replies":[{"embeddable":true,"href":"https:\/\/www.europesays.com\/it\/wp-json\/wp\/v2\/comments?post=531957"}],"version-history":[{"count":0,"href":"https:\/\/www.europesays.com\/it\/wp-json\/wp\/v2\/posts\/531957\/revisions"}],"wp:featuredmedia":[{"embeddable":true,"href":"https:\/\/www.europesays.com\/it\/wp-json\/wp\/v2\/media\/531958"}],"wp:attachment":[{"href":"https:\/\/www.europesays.com\/it\/wp-json\/wp\/v2\/media?parent=531957"}],"wp:term":[{"taxonomy":"category","embeddable":true,"href":"https:\/\/www.europesays.com\/it\/wp-json\/wp\/v2\/categories?post=531957"},{"taxonomy":"post_tag","embeddable":true,"href":"https:\/\/www.europesays.com\/it\/wp-json\/wp\/v2\/tags?post=531957"}],"curies":[{"name":"wp","href":"https:\/\/api.w.org\/{rel}","templated":true}]}}