{"id":532422,"date":"2026-06-10T13:17:14","date_gmt":"2026-06-10T13:17:14","guid":{"rendered":"https:\/\/www.europesays.com\/it\/532422\/"},"modified":"2026-06-10T13:17:14","modified_gmt":"2026-06-10T13:17:14","slug":"la-promessa-anticipazioni-15-21-giugno-il-ritratto-di-cruz-sconvolge-il-palazzo-catalina-in-crisi-con-adriano","status":"publish","type":"post","link":"https:\/\/www.europesays.com\/it\/532422\/","title":{"rendered":"La Promessa, anticipazioni 15-21 giugno: il ritratto di Cruz sconvolge il palazzo, Catalina in crisi con Adriano"},"content":{"rendered":"<p><a href=\"https:\/\/www.ilmessaggero.it\/t\/la-promessa\" rel=\"nofollow noopener\" target=\"_blank\">La Promessa<\/a> torna su <a href=\"https:\/\/www.ilmessaggero.it\/t\/rete-4\" rel=\"nofollow noopener\" target=\"_blank\">Rete 4<\/a> con una nuova settimana di puntate segnata da tensioni familiari, scelte difficili e presagi inquietanti. Negli episodi in onda <strong>da luned\u00ec 15 a domenica 21 giugno 2026<\/strong>, il palazzo verr\u00e0 scosso dall\u2019arrivo di un ritratto di <strong>Cruz<\/strong>, commissionato dalla stessa marchesa prima della sua uscita di scena e destinato a riaprire ferite mai davvero chiuse.<\/p>\n<p>Al centro delle nuove trame ci sar\u00e0 anche la crisi sempre pi\u00f9 profonda <strong>tra Catalina e Adriano<\/strong>. La minaccia della giovane di lasciare <strong>La Promessa<\/strong> insieme ai figli finir\u00e0 per mettere in discussione il loro matrimonio. Intanto <strong>Manuel<\/strong> dovr\u00e0 decidere il futuro della sua impresa, <strong>Curro<\/strong> cercher\u00e0 di fermare <strong>Angela<\/strong> dal denunciare <strong>Lorenzo<\/strong> e la servit\u00f9 dovr\u00e0 fare i conti con le nuove imposizioni di <strong>Crist\u00f3bal<\/strong>.<\/p>\n","protected":false},"excerpt":{"rendered":"La Promessa torna su Rete 4 con una nuova settimana di puntate segnata da tensioni familiari, scelte difficili&hellip;\n","protected":false},"author":3,"featured_media":532423,"comment_status":"","ping_status":"","sticky":false,"template":"","format":"standard","meta":{"footnotes":"","_share_on_mastodon":"0"},"categories":[174],"tags":[1518,199345,179238,89886,203,204,1537,90,89,116504,236215,9060,44206,146995],"class_list":["post-532422","post","type-post","status-publish","format-standard","has-post-thumbnail","category-intrattenimento","tag-anticipazioni","tag-anticipazioni-la-promessa","tag-anticipazioni-oggi","tag-anticipazioni-tv","tag-entertainment","tag-intrattenimento","tag-it","tag-italia","tag-italy","tag-la-promessa","tag-la-promessa-anticipazioni","tag-mediaset","tag-rete-4","tag-rete4"],"share_on_mastodon":{"url":"https:\/\/pubeurope.com\/@it\/116726009059306839","error":""},"_links":{"self":[{"href":"https:\/\/www.europesays.com\/it\/wp-json\/wp\/v2\/posts\/532422","targetHints":{"allow":["GET"]}}],"collection":[{"href":"https:\/\/www.europesays.com\/it\/wp-json\/wp\/v2\/posts"}],"about":[{"href":"https:\/\/www.europesays.com\/it\/wp-json\/wp\/v2\/types\/post"}],"author":[{"embeddable":true,"href":"https:\/\/www.europesays.com\/it\/wp-json\/wp\/v2\/users\/3"}],"replies":[{"embeddable":true,"href":"https:\/\/www.europesays.com\/it\/wp-json\/wp\/v2\/comments?post=532422"}],"version-history":[{"count":0,"href":"https:\/\/www.europesays.com\/it\/wp-json\/wp\/v2\/posts\/532422\/revisions"}],"wp:featuredmedia":[{"embeddable":true,"href":"https:\/\/www.europesays.com\/it\/wp-json\/wp\/v2\/media\/532423"}],"wp:attachment":[{"href":"https:\/\/www.europesays.com\/it\/wp-json\/wp\/v2\/media?parent=532422"}],"wp:term":[{"taxonomy":"category","embeddable":true,"href":"https:\/\/www.europesays.com\/it\/wp-json\/wp\/v2\/categories?post=532422"},{"taxonomy":"post_tag","embeddable":true,"href":"https:\/\/www.europesays.com\/it\/wp-json\/wp\/v2\/tags?post=532422"}],"curies":[{"name":"wp","href":"https:\/\/api.w.org\/{rel}","templated":true}]}}