{"id":532696,"date":"2026-06-10T16:53:15","date_gmt":"2026-06-10T16:53:15","guid":{"rendered":"https:\/\/www.europesays.com\/it\/532696\/"},"modified":"2026-06-10T16:53:15","modified_gmt":"2026-06-10T16:53:15","slug":"belen-rodriguez-e-stefano-de-martino-in-sintonia-dopo-il-ricovero","status":"publish","type":"post","link":"https:\/\/www.europesays.com\/it\/532696\/","title":{"rendered":"Bel\u00e9n Rodr\u00edguez e Stefano De Martino in sintonia dopo il ricovero"},"content":{"rendered":"<p>                                Gli avvistamenti dell&#8217;ex coppia si sono susseguiti nelle ultime settimane, ma non si parla di ritorno di fiamma<\/p>\n<p>                    10 giugno &#8211; 14:13  &#8211; MILANO<\/p>\n<p class=\"paragraph\" spellcheck=\"true\">A due settimane dal <a href=\"https:\/\/www.gazzetta.it\/gossip\/26-05-2026\/belen-rodriguez-portata-in-ospedale-i-vicini-chiamano-i-soccorsi.shtml?intcmp=hyperlink-articolo-gazit\" target=\"_blank\" rel=\"nofollow noopener\">breve ricovero<\/a> di <b>Bel\u00e9n Rodr\u00edguez<\/b> in ospedale, dopo <a href=\"https:\/\/www.gazzetta.it\/spettacolo-tv-gossip\/29-05-2026\/belen-rodriguez-doppio-incidente-col-suv-cosa-rischia-ora.shtml?intcmp=hyperlink-articolo-gazit\" target=\"_blank\" rel=\"nofollow noopener\">un fine settimana difficile<\/a> su cui la conduttrice non ha ancora rotto il silenzio, una cosa sembra certa: il periodo difficile che<a href=\"https:\/\/www.gazzetta.it\/gossip\/14-05-2026\/belen-rodriguez-rivela-sono-single-da-due-anni-non-si-trova-niente.shtml?intcmp=hyperlink-articolo-gazit\" target=\"_blank\" rel=\"nofollow noopener\"> la 41enne<\/a> sta vivendo ha fatto finire in secondo piano <b>le vecchie tensioni con l&#8217;ex marito Stefano De Martino<\/b>, <a href=\"https:\/\/www.gazzetta.it\/spettacolo-tv-gossip\/27-05-2026\/belen-rodriguez-ricoverata-il-sostegno-di-de-martino-venier-e-cecilia.shtml?intcmp=hyperlink-articolo-gazit\" target=\"_blank\" rel=\"nofollow noopener\">subito corso al suo fianco<\/a> in quelle ore complicata.<\/p>\n<p>        Bel\u00e9n Rodr\u00edguez e Stefano De Martino ritrovano la sintonia\u2014 \u00a0<\/p>\n<p class=\"paragraph\" spellcheck=\"true\">Ora, mentre il peggio sembra essere alle spalle della conduttrice, <b>il sereno nel rapporto con De Martino \u00e8 rimasto<\/b>. \u00c8 il magazine Chi, nell&#8217;ultimo numero in edicola, a dedicare la copertina all&#8217;ex coppia e alla <a href=\"https:\/\/www.gazzetta.it\/gossip\/21-02-2026\/belen-rodriguez-frecciata-a-de-martino-ci-vuole-poco-per.shtml?intcmp=hyperlink-articolo-gazit\" target=\"_blank\" rel=\"nofollow noopener\">sintonia ritrovata<\/a>, con foto inedite di Stefano e Bel\u00e9n durante un viaggio in auto verso l&#8217;abitazione della conduttrice argentina.<\/p>\n<p class=\"paragraph\" spellcheck=\"true\">&#8220;Quando si \u00e8 trovata da sola in casa, confusa e spaventata. Stefano era accorso anche l\u00ec, a sostenerla e a farle forza. Belen lo ascolta, perch\u00e9 lui la conosce&#8221;, scrive il magazine, secondo il quale De Martino saprebbe &#8220;quali interruttori toccare per convincere&#8221; l&#8217;ex moglie a seguire le emozioni &#8220;pi\u00f9 belle, costruttive. Come l\u2019amore per i figli&#8221;, Santiago e Luna Mar\u00ec. <b>Non si parla di un ritorno di fiamma<\/b>, <a href=\"\">escluso a pi\u00f9 riprese da entrambi<\/a>, ma di un rapporto profondo che i due avrebbero iniziato a ricostruire.<\/p>\n<p>        Bel\u00e9n Rodr\u00edguez indagata per omissione di soccorso?\u2014 \u00a0<\/p>\n<p class=\"paragraph\" spellcheck=\"true\">Intanto, mentre <b>Bel\u00e9n sta tornando pian piano ai suoi impegni lavorativi <\/b>ed ha <a href=\"https:\/\/www.gazzetta.it\/spettacolo-tv-gossip\/30-05-2026\/belen-rodriguez-torna-sui-social-dopo-il-ricovero.shtml?intcmp=hyperlink-articolo-gazit\" target=\"_blank\" rel=\"nofollow noopener\">gi\u00e0 ripreso a documentare via social<\/a> la propria quotidianit\u00e0, il Corriere della Sera conferma che la conduttrice \u00e8 i<b>ndagata dalla Procura di Milano per omissione di soccorso<\/b> in relazione ai due incidenti stradali che la 41enne avrebbe causato senza fermarsi. Nel primo, avvenuto via Melzi d&#8217;Eril a Milano, a due passi dall&#8217;Arco della Pace, Bel\u00e9n avrebbe urtato lo specchietto di una vettura in sosta.<\/p>\n<p><a class=\"is-partner-link\" href=\"https:\/\/abbonamenti.gazzetta.it\/de-promo-mondiali\/?pwcmp=cta&amp;forceBrowser=true\" rel=\"nofollow noopener\" target=\"_blank\">Gazzetta Mondiale: ogni notte un\u2019edizione straordinaria esclusiva. Non perdertela, abbonati a 1\u20ac\/mese!<\/a><\/p>\n<p class=\"paragraph\" spellcheck=\"true\">Pi\u00f9 grave il secondo incidente, avvenuto poco dopo in via San Marco. L\u00ec, secondo le ricostruzioni, la conduttrice argentina avrebbe <b>centrato uno scooter e due mezzi in sosta<\/b>, procurando a tre occupanti lievi lesioni. Anche in questo caso avrebbe proseguito la marcia senza fermarsi, venendo anche fotografata da alcuni passanti.<\/p>\n<p class=\"is-above-copyright is-mr-r-10\" spellcheck=\"true\">La Gazzetta dello Sport<\/p>\n<p class=\"is-copyright\">\u00a9 RIPRODUZIONE RISERVATA<\/p>\n","protected":false},"excerpt":{"rendered":"Gli avvistamenti dell&#8217;ex coppia si sono susseguiti nelle ultime settimane, ma non si parla di ritorno di fiamma&hellip;\n","protected":false},"author":3,"featured_media":532697,"comment_status":"","ping_status":"","sticky":false,"template":"","format":"standard","meta":{"footnotes":"","_share_on_mastodon":"0"},"categories":[174],"tags":[2648,4613,17945,1764,293983,1396,293984,2235,277,44622,6927,203,27048,3060,20306,204,1537,90,89,1914,32961,27896,28,32898,34865,6845,64044,1766],"class_list":["post-532696","post","type-post","status-publish","format-standard","has-post-thumbnail","category-intrattenimento","tag-argentina","tag-avvenuto","tag-belen","tag-belen-rodriguez","tag-belen-rodriguez-stefano","tag-conduttrice","tag-conduttrice-argentina","tag-coppia","tag-de","tag-de-martino","tag-difficile","tag-entertainment","tag-fermarsi","tag-fiamma","tag-indagata","tag-intrattenimento","tag-it","tag-italia","tag-italy","tag-li","tag-magazine","tag-martino","tag-milano","tag-rodriguez","tag-sintonia","tag-stefano","tag-stefano-de","tag-stefano-de-martino"],"share_on_mastodon":{"url":"https:\/\/pubeurope.com\/@it\/116726858245654577","error":""},"_links":{"self":[{"href":"https:\/\/www.europesays.com\/it\/wp-json\/wp\/v2\/posts\/532696","targetHints":{"allow":["GET"]}}],"collection":[{"href":"https:\/\/www.europesays.com\/it\/wp-json\/wp\/v2\/posts"}],"about":[{"href":"https:\/\/www.europesays.com\/it\/wp-json\/wp\/v2\/types\/post"}],"author":[{"embeddable":true,"href":"https:\/\/www.europesays.com\/it\/wp-json\/wp\/v2\/users\/3"}],"replies":[{"embeddable":true,"href":"https:\/\/www.europesays.com\/it\/wp-json\/wp\/v2\/comments?post=532696"}],"version-history":[{"count":0,"href":"https:\/\/www.europesays.com\/it\/wp-json\/wp\/v2\/posts\/532696\/revisions"}],"wp:featuredmedia":[{"embeddable":true,"href":"https:\/\/www.europesays.com\/it\/wp-json\/wp\/v2\/media\/532697"}],"wp:attachment":[{"href":"https:\/\/www.europesays.com\/it\/wp-json\/wp\/v2\/media?parent=532696"}],"wp:term":[{"taxonomy":"category","embeddable":true,"href":"https:\/\/www.europesays.com\/it\/wp-json\/wp\/v2\/categories?post=532696"},{"taxonomy":"post_tag","embeddable":true,"href":"https:\/\/www.europesays.com\/it\/wp-json\/wp\/v2\/tags?post=532696"}],"curies":[{"name":"wp","href":"https:\/\/api.w.org\/{rel}","templated":true}]}}