{"id":533057,"date":"2026-06-10T21:54:11","date_gmt":"2026-06-10T21:54:11","guid":{"rendered":"https:\/\/www.europesays.com\/it\/533057\/"},"modified":"2026-06-10T21:54:11","modified_gmt":"2026-06-10T21:54:11","slug":"ancora-unondata-di-maltempo-tornado-grandine-e-danni","status":"publish","type":"post","link":"https:\/\/www.europesays.com\/it\/533057\/","title":{"rendered":"Ancora un&#8217;ondata di maltempo: tornado, grandine e danni"},"content":{"rendered":"<p data-path-to-node=\"3\">Pomeriggio di paura e pesanti disagi in gran parte della provincia scaligera. Intorno al tardo pomeriggio di oggi, mercoled\u00ec 10 giugno, una violenta ondata di maltempo si \u00e8 abbattuta sul territorio, flagellando una linea immaginaria che va dalle sponde del Lago di Garda fino ai rilievi della Lessinia. Forti raffiche di vento, pioggia battente e intense grandinate hanno causato ingenti danni e paralizzato il traffico in diversi nodi strategici della viabilit\u00e0 locale.<\/p>\n<p data-path-to-node=\"5\">I problemi maggiori per la circolazione si sono registrati nei pressi del capoluogo e lungo i principali assi viari. A <b data-path-to-node=\"5\" data-index-in-node=\"119\">Pescantina<\/b>, la strada statale 11 \u00e8 stata provvisoriamente interrotta al traffico a causa di un grosso albero crollato sulla carreggiata.<\/p>\n<p data-path-to-node=\"6\">Situazione critica anche sull&#8217;<b data-path-to-node=\"6\" data-index-in-node=\"30\">autostrada A22 del Brennero<\/b>, nel tratto compreso tra i caselli di Affi e Verona Nord: qui un&#8217;altra pianta si \u00e8 abbattuta sulla corsia di emergenza e, a poca distanza, un camion si \u00e8 rovesciato su un fianco per cause che sono tuttora in corso di accertamento da parte della Polizia Stradale.<\/p>\n<p data-path-to-node=\"8\">I danni pi\u00f9 spettacolari e preoccu<\/p>\n<p><strong>Pomeriggio di paura e pesanti disagi<\/strong> in gran parte della provincia scaligera. Intorno al tardo pomeriggio di oggi, <strong>mercoled\u00ec 10 giugno<\/strong>, una <strong>violenta ondata di maltempo<\/strong> si \u00e8 abbattuta sul territorio, flagellando una linea immaginaria che va dalle sponde del <strong>Lago di Garda<\/strong> fino ai rilievi della <strong>Lessinia<\/strong>. <strong>Forti raffiche di vento<\/strong>, <strong>pioggia battente<\/strong> e <strong>intense grandinate<\/strong> hanno causato <strong>ingenti danni<\/strong> e <strong>paralizzato il traffico<\/strong> in diversi nodi strategici della viabilit\u00e0 locale.<\/p>\n<p><strong>I problemi maggiori per la circolazione<\/strong> si sono registrati nei pressi del capoluogo e lungo i principali assi viari. A <strong>Pescantina<\/strong>, la <strong>strada statale 11<\/strong> \u00e8 stata provvisoriamente <strong>interrotta al traffico<\/strong> a causa di un <strong>grosso albero crollato<\/strong> sulla carreggiata.<\/p>\n<p>Situazione critica anche sull&#8217;<strong>autostrada A22 del Brennero<\/strong>, nel tratto compreso tra i caselli di <strong>Affi<\/strong> e <strong>Verona Nord<\/strong>: qui un&#8217;altra <strong>pianta si \u00e8 abbattuta<\/strong> sulla corsia di emergenza e, a poca distanza, un <strong>camion si \u00e8 rovesciato<\/strong> su un fianco per cause che sono tuttora in corso di accertamento da parte della <strong>Polizia Stradale<\/strong>.<\/p>\n<p>I danni pi\u00f9 spettacolari e preoccupanti si sono verificati a <strong>Bussolengo<\/strong>, in <strong>via Catullo<\/strong>, dove la furia del vento ha letteralmente <strong>scoperchiato il tetto di un condominio<\/strong>. Le forti raffiche non hanno risparmiato l&#8217;area circostante, <strong>abbattendo recinzioni e intere file di alberi<\/strong> e piante nei campi attigui.<\/p>\n<p>La perturbazione ha colpito duramente anche il <strong>basso Garda<\/strong>. Tra <strong>Castelnuovo<\/strong> e <strong>Peschiera del Garda<\/strong> si \u00e8 verificata una <strong>violenta grandinata<\/strong> che, seppur durata pochi minuti, ha causato la <strong>rottura di vetri e finestre<\/strong>. A <strong>Castelnuovo<\/strong>, diversi alberi sono caduti sulle strade secondarie, fortunatamente senza colpire passanti o automobili. A <strong>Peschiera<\/strong>, i crolli di alberi pi\u00f9 significativi si sono registrati nelle zone di <strong>San Benedetto di Lugana<\/strong>, in localit\u00e0 <strong>Broglie<\/strong> e lungo la <strong>Gardesana<\/strong> in direzione <strong>Salionze<\/strong>.<\/p>\n<p>Nonostante la gravit\u00e0 dei singoli episodi, fortunatamente <strong>non si segnalano feriti<\/strong> o conseguenze per l&#8217;incolumit\u00e0 delle persone. La macchina dei soccorsi si \u00e8 attivata immediatamente: sul territorio sono gi\u00e0 al lavoro numerose squadre dei <strong>Vigili del Fuoco<\/strong>, i volontari della <strong>Protezione Civile<\/strong> e gli <strong>operai comunali<\/strong>, impegnati nella <strong>rimozione dei detriti<\/strong> e nella <strong>messa in sicurezza<\/strong> delle strade per garantire il prima possibile il <strong>ritorno alla normalit\u00e0<\/strong>.<\/p>\n<p data-path-to-node=\"8\">panti si sono verificati a <b data-path-to-node=\"8\" data-index-in-node=\"61\">Bussolengo<\/b>, in via Catullo, dove la furia del vento ha letteralmente scoperchiato il tetto di un condominio. Le forti raffiche non hanno risparmiato l&#8217;area circostante, abbattendo recinzioni e intere file di alberi e piante nei campi attigui.<\/p>\n<p data-path-to-node=\"10\">La perturbazione ha colpito duramente anche il basso Garda. Tra <b data-path-to-node=\"10\" data-index-in-node=\"64\">Castelnuovo<\/b> e <b data-path-to-node=\"10\" data-index-in-node=\"78\">Peschiera del Garda<\/b> si \u00e8 verificata una violenta grandinata che, seppur durata pochi minuti, ha causato la rottura di vetri e finestre. A\u00a0<b data-path-to-node=\"11,0,0\" data-index-in-node=\"2\">Castelnuovo<\/b>, diversi alberi sono caduti sulle strade secondarie, fortunatamente senza colpire passanti o automobili. A\u00a0<b data-path-to-node=\"11,1,0\" data-index-in-node=\"2\">Peschiera<\/b>, i crolli di alberi pi\u00f9 significativi si sono registrati nelle zone di San Benedetto di Lugana, in localit\u00e0 Broglie e lungo la Gardesana in direzione Salionze.<\/p>\n<p data-path-to-node=\"13\">Nonostante la gravit\u00e0 dei singoli episodi, fortunatamente non si segnalano feriti o conseguenze per l&#8217;incolumit\u00e0 delle persone. La macchina dei soccorsi si \u00e8 attivata immediatamente: sul territorio sono gi\u00e0 al lavoro numerose squadre dei Vigili del Fuoco, i volontari della Protezione Civile e gli operai comunali, impegnati nella rimozione dei detriti e nella messa in sicurezza delle strade per garantire il prima possibile il ritorno alla normalit\u00e0.<\/p>\n","protected":false},"excerpt":{"rendered":"Pomeriggio di paura e pesanti disagi in gran parte della provincia scaligera. Intorno al tardo pomeriggio di oggi,&hellip;\n","protected":false},"author":3,"featured_media":533058,"comment_status":"","ping_status":"","sticky":false,"template":"","format":"standard","meta":{"footnotes":"","_share_on_mastodon":"0"},"categories":[79],"tags":[14,93,94,16195,1537,90,89,437,7,15,11,84,91,12,85,92,108,6302],"class_list":["post-533057","post","type-post","status-publish","format-standard","has-post-thumbnail","category-italia","tag-cronaca","tag-cronaca-italiana","tag-cronacaitaliana","tag-garda","tag-it","tag-italia","tag-italy","tag-maltempo","tag-news","tag-notizie","tag-ultime-notizie","tag-ultime-notizie-e-news-di-oggi","tag-ultime-notizie-italia","tag-ultimenotizie","tag-ultimenotizieenewsdioggi","tag-ultimenotizieitalia","tag-veneto","tag-verona"],"share_on_mastodon":{"url":"https:\/\/pubeurope.com\/@it\/116728041864935752","error":""},"_links":{"self":[{"href":"https:\/\/www.europesays.com\/it\/wp-json\/wp\/v2\/posts\/533057","targetHints":{"allow":["GET"]}}],"collection":[{"href":"https:\/\/www.europesays.com\/it\/wp-json\/wp\/v2\/posts"}],"about":[{"href":"https:\/\/www.europesays.com\/it\/wp-json\/wp\/v2\/types\/post"}],"author":[{"embeddable":true,"href":"https:\/\/www.europesays.com\/it\/wp-json\/wp\/v2\/users\/3"}],"replies":[{"embeddable":true,"href":"https:\/\/www.europesays.com\/it\/wp-json\/wp\/v2\/comments?post=533057"}],"version-history":[{"count":0,"href":"https:\/\/www.europesays.com\/it\/wp-json\/wp\/v2\/posts\/533057\/revisions"}],"wp:featuredmedia":[{"embeddable":true,"href":"https:\/\/www.europesays.com\/it\/wp-json\/wp\/v2\/media\/533058"}],"wp:attachment":[{"href":"https:\/\/www.europesays.com\/it\/wp-json\/wp\/v2\/media?parent=533057"}],"wp:term":[{"taxonomy":"category","embeddable":true,"href":"https:\/\/www.europesays.com\/it\/wp-json\/wp\/v2\/categories?post=533057"},{"taxonomy":"post_tag","embeddable":true,"href":"https:\/\/www.europesays.com\/it\/wp-json\/wp\/v2\/tags?post=533057"}],"curies":[{"name":"wp","href":"https:\/\/api.w.org\/{rel}","templated":true}]}}