{"id":533445,"date":"2026-06-11T04:37:15","date_gmt":"2026-06-11T04:37:15","guid":{"rendered":"https:\/\/www.europesays.com\/it\/533445\/"},"modified":"2026-06-11T04:37:15","modified_gmt":"2026-06-11T04:37:15","slug":"anna-valle-mi-sono-fermata-quando-tutti-pensavano-che-avessi-tutto-e-stata-una-decisione-importante","status":"publish","type":"post","link":"https:\/\/www.europesays.com\/it\/533445\/","title":{"rendered":"Anna Valle: \u00abMi sono fermata quando tutti pensavano che avessi tutto. \u00c8 stata una decisione importante\u00bb"},"content":{"rendered":"<p>\n                            Il punto serale sulle notizie del giorno<br \/>\n                            <b>Iscriviti<\/b> e ricevi le notizie via email\n                        <\/p>\n<p>Madrina della 72\u00aa edizione del <a href=\"https:\/\/www.ilmessaggero.it\/t\/taormina-film-festival\" rel=\"nofollow noopener\" target=\"_blank\">Taormina Film Festival<\/a>, <a href=\"https:\/\/www.ilmessaggero.it\/t\/anna-valle\" rel=\"nofollow noopener\" target=\"_blank\">Anna Valle<\/a> inaugura la manifestazione raccontando il valore del dialogo tra artisti e pubblico. Dalle storie che le sono rimaste dentro alla scelta di fermarsi per quasi due anni nel momento pi\u00f9 fortunato della carriera, l\u2019attrice riflette sul mestiere, sul tempo che passa e sul desiderio di continuare a cercare ruoli nuovi.<br \/><strong>Essere madrina significa anche fare da ponte tra il pubblico e gli artisti. Quanto conta oggi mantenere vivo questo dialogo?<\/strong><br \/>\u00abConta tantissimo. Noi facciamo un lavoro che \u00e8 destinato al pubblico, non soltanto a noi stessi. Un regista realizza un film perch\u00e9 qualcuno possa andare al cinema o guardarlo in televisione. Per questo credo che il dialogo debba esserci sempre: \u00e8 una parte fondamentale del nostro lavoro.\u00bb<br \/><strong>Dopo tanti personaggi interpretati, ce n\u2019\u00e8 qualcuno che le \u00e8 rimasto particolarmente nel cuore?<\/strong><br \/>\u00abPi\u00f9 che un personaggio, direi alcune storie. Quando un attore interpreta un ruolo, in quel momento quello \u00e8 il suo personaggio preferito. Poi per\u00f2 lo lascia andare. Ci sono per\u00f2 storie che restano pi\u00f9 di altre. Soraya, per esempio, era una donna realmente esistita e interpretarla mi ha permesso di conoscerne aspetti che non sapevo e di raccontarli al pubblico. Oppure Anna de \u201cLe onde del passato\u201d, una donna segnata da una violenza che affrontava il trauma in modo molto diverso dalla sua amica. Era un tema enorme e il lavoro fatto con il cast e con il regista \u00e8 stato molto intenso. Sono storie che restano dentro.\u00bb<br \/><strong>C\u2019\u00e8 ancora qualcosa che sente di non aver esplorato come attrice?<\/strong><br \/>\u00abMi piacerebbe interpretare un personaggio pi\u00f9 oscuro, con pi\u00f9 ombre che luci. Credo che per un attore sia una sfida affascinante, perch\u00e9 costringe a scavare in zone meno comode e pi\u00f9 complesse dell\u2019animo umano.\u00bb<br \/><strong>Guardandosi indietro, c\u2019\u00e8 una scelta che allora sembrava incomprensibile ad altri e che invece si \u00e8 rivelata quella giusta?<\/strong><br \/>\u00abS\u00ec. In un momento in cui il lavoro andava molto bene ho deciso di fermarmi per quasi due anni. Molti non capivano quella scelta, perch\u00e9 arrivava proprio quando sembrava che avessi tutto a disposizione. In realt\u00e0 avevo bisogno di fermarmi, guardarmi intorno e capire quale direzione volevo prendere. Sono andata anche a vivere per un periodo in Francia e poi ho scelto progetti indipendenti che mi hanno dato molto. Oggi penso sia stata una decisione importante.\u00bb<br \/><strong>Ha detto di vivere i cinquant\u2019anni con serenit\u00e0. Che cosa significa, per lei, essere sereni?<\/strong><br \/>\u00abNon li vedo tanto come un traguardo, ma come un momento di passaggio, una delle fasi della vita. Per chi fa il mio lavoro il passare degli anni \u00e8 importante, ma bisogna farci pace, accoglierlo e non subirlo. Per me la serenit\u00e0 non coincide con la tranquillit\u00e0 assoluta. Anzi, ho bisogno di sentire un fermento continuo, qualcosa che mi stimoli a guardare avanti. La curiosit\u00e0, la passione, il desiderio di scoprire cose nuove fanno parte della mia idea di serenit\u00e0. \u00c8 questo che mi tiene viva.\u00bb<br \/><strong>E Anna Valle lontano dai riflettori com\u2019\u00e8?<\/strong><br \/>\u00abMolto pi\u00f9 giocherellona di quanto possa sembrare. <\/p>\n<p>Quando sono con persone che conosco e di cui mi fido emerge una parte pi\u00f9 spontanea e leggera del mio carattere.\u00bb<\/p>\n<p>&#13;<br \/>\n    APPROFONDIMENTI&#13;<\/p>\n<p>&#13;<\/p>\n<p>                <a href=\"https:\/\/www.ilmessaggero.it\/fotogallery\/persone\/milo_infante_foto-9584147.html\" title=\"Milo Infante lascia la Rai e approda in Mediaset\" rel=\"nofollow noopener\" target=\"_blank\"><img loading=\"lazy\" decoding=\"async\" src=\"https:\/\/www.europesays.com\/it\/wp-content\/uploads\/2026\/06\/9584147_10131409_milo-infante-mediaset.jpg\" title=\"Milo Infante lascia la Rai e approda in Mediaset\" width=\"64\" height=\"64\" data-pagespeed-no-transform=\"\"\/><\/a>            <\/p>\n<p>    &#13;<\/p>\n<p>    &#13;<\/p>\n<p>&#13;<br \/>\n                            \u00a9 RIPRODUZIONE RISERVATA&#13;<\/p>\n<p>&#13;<\/p>\n","protected":false},"excerpt":{"rendered":"Il punto serale sulle notizie del giorno Iscriviti e ricevi le notizie via email Madrina della 72\u00aa edizione&hellip;\n","protected":false},"author":3,"featured_media":533446,"comment_status":"","ping_status":"","sticky":false,"template":"","format":"standard","meta":{"footnotes":"","_share_on_mastodon":"0"},"categories":[174],"tags":[148264,203,204,1537,90,89],"class_list":["post-533445","post","type-post","status-publish","format-standard","has-post-thumbnail","category-intrattenimento","tag-anna-valle","tag-entertainment","tag-intrattenimento","tag-it","tag-italia","tag-italy"],"share_on_mastodon":{"url":"https:\/\/pubeurope.com\/@it\/116729627056991032","error":""},"_links":{"self":[{"href":"https:\/\/www.europesays.com\/it\/wp-json\/wp\/v2\/posts\/533445","targetHints":{"allow":["GET"]}}],"collection":[{"href":"https:\/\/www.europesays.com\/it\/wp-json\/wp\/v2\/posts"}],"about":[{"href":"https:\/\/www.europesays.com\/it\/wp-json\/wp\/v2\/types\/post"}],"author":[{"embeddable":true,"href":"https:\/\/www.europesays.com\/it\/wp-json\/wp\/v2\/users\/3"}],"replies":[{"embeddable":true,"href":"https:\/\/www.europesays.com\/it\/wp-json\/wp\/v2\/comments?post=533445"}],"version-history":[{"count":0,"href":"https:\/\/www.europesays.com\/it\/wp-json\/wp\/v2\/posts\/533445\/revisions"}],"wp:featuredmedia":[{"embeddable":true,"href":"https:\/\/www.europesays.com\/it\/wp-json\/wp\/v2\/media\/533446"}],"wp:attachment":[{"href":"https:\/\/www.europesays.com\/it\/wp-json\/wp\/v2\/media?parent=533445"}],"wp:term":[{"taxonomy":"category","embeddable":true,"href":"https:\/\/www.europesays.com\/it\/wp-json\/wp\/v2\/categories?post=533445"},{"taxonomy":"post_tag","embeddable":true,"href":"https:\/\/www.europesays.com\/it\/wp-json\/wp\/v2\/tags?post=533445"}],"curies":[{"name":"wp","href":"https:\/\/api.w.org\/{rel}","templated":true}]}}