{"id":533470,"date":"2026-06-11T05:05:18","date_gmt":"2026-06-11T05:05:18","guid":{"rendered":"https:\/\/www.europesays.com\/it\/533470\/"},"modified":"2026-06-11T05:05:18","modified_gmt":"2026-06-11T05:05:18","slug":"buell-lancia-la-cafe-racer-da-200-cv-ma-non-la-fara-news","status":"publish","type":"post","link":"https:\/\/www.europesays.com\/it\/533470\/","title":{"rendered":"Buell lancia la Caf\u00e8 Racer da 200 cv. Ma non la far\u00e0 &#8211; News"},"content":{"rendered":"<p>\n            Le Buell Caf\u00e8 Racer ci hanno sempre fatto sognare, dai tempi del mitico Erik. Adesso ha presentato una furibonda bicilindrica da 200 cv, ma non la far\u00e0. Peccato\n        <\/p>\n<p>              10 giugno 2026<\/p>\n<p>Molti ci hanno creduto davvero. E <strong>la stessa Buell farebbe poca fatica a metterla in produzione<\/strong>. Parliamo infatti della strepitosa Caf\u00e8 Racer da 200 cavalli derivata dalla <strong>Super Cruiser da 175 cavalli che gi\u00e0 esiste e si pu\u00f2 acquistare<\/strong>. Ma purtroppo la Casa fondata da Erik Buell non la far\u00e0. Pare infatti d<strong>estinata a essere realizzata in esemplare unico<\/strong> per un facoltoso biker della Florida.<\/p>\n<p>La Super Cruiser \u00e8 spinta dall&#8217;iconico bicilindrico a V da 1190 cc raffreddato a liquido di Buell ed \u00e8\u00a0progettata in <strong>collaborazione con Roland Sands Design<\/strong>, la Super Cruiser unisce prestazioni moderne a un&#8217;inconfondibile grinta.\u00a0 Trae ispirazione da un&#8217;epoca in cui guidare era un&#8217;esperienza pura e coinvolgente, ma \u00e8 progettata per le strade di oggi. Il risultato \u00e8 una moto che trasforma ogni chilometro in un&#8217;esperienza memorabile. La produzione \u00e8 iniziata.\u00a0Prezzo di listino <strong>a partire da 25.900 dollari.<\/strong><\/p>\n<p>Ora ci resta la speranza che Buell valuti bene come \u00e8 stata accolta l&#8217;idea di una super Caf\u00e8 Racer e la metta in prouduzione a un prezzo simile.<\/p>\n<p>\n            Buell lancia la Caf\u00e8 Racer da 200 cv. Ma non la far\u00e0\n        <\/p>\n<p>                    <a class=\"aimg-link app-gallery-opener\" data-index=\"0\" href=\"#\" aria-label=\"Apri gallery\"><\/p>\n<p>                        <img decoding=\"async\" class=\"img-fluid\" loading=\"lazy\" alt=\"\" src=\"https:\/\/cdn-img.moto.it\/images\/50811842\/2000x\/scstudio-05webp.webp?quality=75&amp;format=webp&amp;width=1000\" width=\"1500\" height=\"1000\"\/><\/p>\n<p>                                            <\/a><\/p>\n<p>                    <a class=\"aimg-link app-gallery-opener\" data-index=\"1\" href=\"#\" aria-label=\"Apri gallery\"><\/p>\n<p>                        <img decoding=\"async\" class=\"img-fluid\" loading=\"lazy\" alt=\"\" src=\"https:\/\/www.europesays.com\/it\/wp-content\/uploads\/2026\/06\/scstudio-06webp.webp\" width=\"1500\" height=\"1000\"\/><\/p>\n<p>                                            <\/a><\/p>\n","protected":false},"excerpt":{"rendered":"Le Buell Caf\u00e8 Racer ci hanno sempre fatto sognare, dai tempi del mitico Erik. Adesso ha presentato una&hellip;\n","protected":false},"author":3,"featured_media":533471,"comment_status":"","ping_status":"","sticky":false,"template":"","format":"standard","meta":{"footnotes":"","_share_on_mastodon":"0"},"categories":[173],"tags":[294303,1537,90,89,73514,195,198,199,197,200,201,79821,194,196],"class_list":["post-533470","post","type-post","status-publish","format-standard","has-post-thumbnail","category-scienza-e-tecnologia","tag-buell","tag-it","tag-italia","tag-italy","tag-naked","tag-science","tag-science-and-technology","tag-scienceandtechnology","tag-scienza","tag-scienza-e-tecnologia","tag-scienzaetecnologia","tag-special","tag-technology","tag-tecnologia"],"share_on_mastodon":{"url":"https:\/\/pubeurope.com\/@it\/116729736724110172","error":""},"_links":{"self":[{"href":"https:\/\/www.europesays.com\/it\/wp-json\/wp\/v2\/posts\/533470","targetHints":{"allow":["GET"]}}],"collection":[{"href":"https:\/\/www.europesays.com\/it\/wp-json\/wp\/v2\/posts"}],"about":[{"href":"https:\/\/www.europesays.com\/it\/wp-json\/wp\/v2\/types\/post"}],"author":[{"embeddable":true,"href":"https:\/\/www.europesays.com\/it\/wp-json\/wp\/v2\/users\/3"}],"replies":[{"embeddable":true,"href":"https:\/\/www.europesays.com\/it\/wp-json\/wp\/v2\/comments?post=533470"}],"version-history":[{"count":0,"href":"https:\/\/www.europesays.com\/it\/wp-json\/wp\/v2\/posts\/533470\/revisions"}],"wp:featuredmedia":[{"embeddable":true,"href":"https:\/\/www.europesays.com\/it\/wp-json\/wp\/v2\/media\/533471"}],"wp:attachment":[{"href":"https:\/\/www.europesays.com\/it\/wp-json\/wp\/v2\/media?parent=533470"}],"wp:term":[{"taxonomy":"category","embeddable":true,"href":"https:\/\/www.europesays.com\/it\/wp-json\/wp\/v2\/categories?post=533470"},{"taxonomy":"post_tag","embeddable":true,"href":"https:\/\/www.europesays.com\/it\/wp-json\/wp\/v2\/tags?post=533470"}],"curies":[{"name":"wp","href":"https:\/\/api.w.org\/{rel}","templated":true}]}}