{"id":533490,"date":"2026-06-11T05:29:14","date_gmt":"2026-06-11T05:29:14","guid":{"rendered":"https:\/\/www.europesays.com\/it\/533490\/"},"modified":"2026-06-11T05:29:14","modified_gmt":"2026-06-11T05:29:14","slug":"volley-francia-italia-3-2-in-nations-league","status":"publish","type":"post","link":"https:\/\/www.europesays.com\/it\/533490\/","title":{"rendered":"Volley, Francia-Italia 3-2 in Nations League"},"content":{"rendered":"<p>                                Partita molto equilibrata tra due squadre in evoluzione: Azzurri sconfitti 16-14 nel set finale<\/p>\n<p class=\"paragraph\" spellcheck=\"true\">Cambiano i volti, le stagioni e le competizioni ma Italia-Francia sotto rete \u00e8 sempre una battaglia. Primo confronto del 2026 nell\u2019esordio nella Nations League e la sfida finisce 2-3 (25-19, 27-29, 25-23, 23-25, 14-16) per i francesi . Un match che riflette lo stato dell\u2019arte dei lavori per entrambe le squadre che hanno portato in campo un mix di esperienza e giovent\u00f9 con giocatori all\u2019esordio nella manifestazione e talenti da far crescere per il futuro. Nella squadra di De Giorgi l\u2019esperienza \u00e8 quella di Kamil Rychlicki, opposto italo-lussemburghese che si carica la squadra spesso sulle spalle assicurando l\u2019apporto di punti necessario a tenere il ritmo francese: sono 30 alla fine. Ma anche quello di Mattia Bottolo, capitano in assenza di Giannelli, che piazza punti pesanti e lavora di fino. C\u2019\u00e8 Sanguinetti al centro e Paolo Porro in regia difficilmente si pu\u00f2 chiamare un giovane nonostante i 24 anni vista l\u2019esperienza che ha. Nella Francia stesso discorso con Boyer e Clevenot a fare da chiocce a un gruppo nuovo in cui il bicampione olimpico Brizard, da pochi giorni con la squadra, cede il posto al ventenne Tizi-Oualou mentre Giani manda in campo il 2007 Iyegbekedo che risponde con una prestazione eccezionale: 12 punti, di cui 8 a muro. Oggi alle 22 il bis degli azzurri con la Germania.<\/p>\n<p>        LA PARTITA\u2014 \u00a0<\/p>\n<p class=\"paragraph\" spellcheck=\"true\">La prima Italia di De Giorgi vede Paolo Porro in regia in diagonale con Rychlicky, Sanguinetti e Mati centrali, Bottolo e Luca Porro schiacciatori con Laurenzano libero. Andrea Giani risponde con il modenese Tizi-Oualou in diagonale con Boyer, Gueye e Iyegbekedo al centro, Mathias Henno (che il prossimo anno dovrebbe essere a Perugia) e Clevenot martelli e Diez libero. Il primo set \u00e8 l\u2019unico senza storia: dopo una prima fase di studio sono Bottolo e Rychlicki a scavare il fossato con la Francia (17-13) che annaspa un po\u2019 senza riuscire a frenarli. Per gli amanti dei match brevi la delusione arriva subito. Dal secondo set in poi \u00e8 una partita a scacchi in cui punto a punto o sorpassi e controsorpassi  dettano il ritmo di un equilibrio difficile e discontinuo. I dieci punti di Rychlicki nel secondo set non bastano a conquistare un parziale pieno di errori in cui De Giorgi \u00e8 costretto pi\u00f9 volte a richiamare i suoi alla lucidit\u00e0. Il punto a punto finale premia la Francia che incassa l\u2019errore di Luca Porro in attacco. Un equilibrio che pesca in panchina nel finale del terzo set Matteo Boninfante e che vede crescere Pardo Mati, decisivo soprattutto a muro e a servizio (11 punti con 3 ace e quattro muri). Giani risponde inserendo a tratti Brizard e i due centrali Huetz e Magnin mentre il giovanissimo Iyegbekedo a muro diventa un incubo per gli azzurri. Rychlicki continua il suo lavoro di trascinatore mentre Luca Porro e Bottolo si alternano nei punti decisivi. Al tie break Luca Porro, Mati e Rychlicki mettono subito un break di distanza dai francesi che rimediano con Boyer e Iyegbekedo che firma anche il muro sulla pipe di Bottolo che vale il sorpasso sul 10-11. Poi \u00e8 Clevenot a mettere gi\u00f9 i punti 12 e 13 dei francesi mentre Rychlicki stavolta tira fuori la parallela per il 14-12 dei francesi. Henno e Boyer sparano fuori le due palle match. Poi Boyer e Henno chiudono il conto.<\/p>\n","protected":false},"excerpt":{"rendered":"Partita molto equilibrata tra due squadre in evoluzione: Azzurri sconfitti 16-14 nel set finale Cambiano i volti, le&hellip;\n","protected":false},"author":3,"featured_media":533491,"comment_status":"","ping_status":"","sticky":false,"template":"","format":"standard","meta":{"footnotes":"","_share_on_mastodon":"0"},"categories":[176],"tags":[4700,2233,26584,294310,3649,294314,921,4991,104,294312,3081,277,25038,13934,4876,1426,15413,4300,30031,25039,294313,1537,90,89,294311,6991,59449,1894,95569,4092,1290,26797,1292,494,29045,25044,3645,245,244,1857],"class_list":["post-533490","post","type-post","status-publish","format-standard","has-post-thumbnail","category-sport","tag-azzurri","tag-battaglia","tag-bottolo","tag-boyer","tag-break","tag-brizard","tag-campo","tag-centrali","tag-centro","tag-clevenot","tag-crescere","tag-de","tag-de-giorgi","tag-decisivo","tag-esperienza","tag-finale","tag-francesi","tag-francia","tag-giani","tag-giorgi","tag-henno","tag-it","tag-italia","tag-italy","tag-iyegbekedo","tag-luca","tag-luca-porro","tag-match","tag-mati","tag-muro","tag-partita","tag-porro","tag-punti","tag-punto","tag-risponde","tag-rychlicki","tag-set","tag-sport","tag-sports","tag-squadra"],"share_on_mastodon":{"url":"https:\/\/pubeurope.com\/@it\/116729830905997386","error":""},"_links":{"self":[{"href":"https:\/\/www.europesays.com\/it\/wp-json\/wp\/v2\/posts\/533490","targetHints":{"allow":["GET"]}}],"collection":[{"href":"https:\/\/www.europesays.com\/it\/wp-json\/wp\/v2\/posts"}],"about":[{"href":"https:\/\/www.europesays.com\/it\/wp-json\/wp\/v2\/types\/post"}],"author":[{"embeddable":true,"href":"https:\/\/www.europesays.com\/it\/wp-json\/wp\/v2\/users\/3"}],"replies":[{"embeddable":true,"href":"https:\/\/www.europesays.com\/it\/wp-json\/wp\/v2\/comments?post=533490"}],"version-history":[{"count":0,"href":"https:\/\/www.europesays.com\/it\/wp-json\/wp\/v2\/posts\/533490\/revisions"}],"wp:featuredmedia":[{"embeddable":true,"href":"https:\/\/www.europesays.com\/it\/wp-json\/wp\/v2\/media\/533491"}],"wp:attachment":[{"href":"https:\/\/www.europesays.com\/it\/wp-json\/wp\/v2\/media?parent=533490"}],"wp:term":[{"taxonomy":"category","embeddable":true,"href":"https:\/\/www.europesays.com\/it\/wp-json\/wp\/v2\/categories?post=533490"},{"taxonomy":"post_tag","embeddable":true,"href":"https:\/\/www.europesays.com\/it\/wp-json\/wp\/v2\/tags?post=533490"}],"curies":[{"name":"wp","href":"https:\/\/api.w.org\/{rel}","templated":true}]}}