{"id":533527,"date":"2026-06-11T06:16:13","date_gmt":"2026-06-11T06:16:13","guid":{"rendered":"https:\/\/www.europesays.com\/it\/533527\/"},"modified":"2026-06-11T06:16:13","modified_gmt":"2026-06-11T06:16:13","slug":"gimenez-mondiale-saro-il-capocannoniere-al-milan-non-segna-da-settembre","status":"publish","type":"post","link":"https:\/\/www.europesays.com\/it\/533527\/","title":{"rendered":"Gimenez: &#8220;Mondiale, sar\u00f2 il capocannoniere&#8221;. Al Milan non segna da settembre"},"content":{"rendered":"<p>                                L&#8217;attaccante messicano del Milan, zero reti in stagione, si vota come bomber del torneo, anche se non segna da settembre. Le statistiche dicono che \u00e8 uno dei due attaccanti centrali convocati a non aver fatto gol in campionato<\/p>\n<p class=\"paragraph\" spellcheck=\"true\">Santiago Gimenez ha coraggio. Oppure non ha senso della realt\u00e0, decidete voi. Nei giorni scorsi ha accettato l&#8217;invito di Billboard, magazine dedicato alla musica, per un&#8217;intervista doppia con il rapper Ernia. Alla domanda, &#8220;chi vincer\u00e0 il Mondiale?&#8221;, Gimenez ha detto &#8220;Messico&#8221; e Ernia lo ha seguito. Quando si \u00e8 trattato di rispondere sul capocannoniere, Ernia ha detto &#8220;Santi&#8221; e lui, Gimenez, non ha pensato ai 61 gol stagionali di Harry Kane, ha lasciato da parte Messi, non ha trovato un preferito tra Mbapp\u00e9 e il Pallone d&#8217;oro Demb\u00e9l\u00e9 ma si \u00e8 guardato dentro. E ha scelto se stesso: &#8220;Santi&#8221;. Gimenez non segna un gol da settembre.<\/p>\n<p>        gimenez, i gol e le statistiche\u2014 \u00a0<\/p>\n<p class=\"paragraph\" spellcheck=\"true\">I tifosi del Milan, a questo punto, lo guarderanno con attenzione. Davvero Gimenez, che a oggi \u00e8 una riserva del Messico, riuscir\u00e0 a conquistare una maglia da titolare e a segnare pi\u00f9 di tutto il mondo? Le partite non sono particolarmente complesse ma nemmeno semplicissime.\u00a0Il Messico giocher\u00e0 contro Sudafrica, Corea del Sud e Repubblica Ceca e s\u00ec, l&#8217;esordio sar\u00e0 la prima partita in assoluto del Mondiale.\u00a0Le statistiche votano no. Gimenez \u00e8 uno dei quattro attaccanti che, in stagione, hanno giocato pi\u00f9 di 850 minuti nei cinque grandi campionati senza segnare. Gli altri sono Alvaro Morata (Como), Amin Sarr (Verona) e Kevin Carlos (Nizza), che per\u00f2 aveva segnato nel campionato svizzero ad agosto, prima di trasferirsi in Francia. Non solo, Stats Perform suggerisce che al Mondiale ci sono solo due attaccanti centrali senza gol in stagione in campionato: Dailon Rocha Livramento (Capo Verde) e proprio lui, Gimenez.<\/p>\n<p>        perch\u00e9 si chiama bebote\u2014 \u00a0<\/p>\n<p class=\"paragraph\" spellcheck=\"true\">Non solo pronostici. Santiago a Billboard ha spiegato anche l&#8217;origine del suo soprannome: &#8220;\u00c8 stata la mia famiglia a darmelo perch\u00e9 ero un neonato davvero grande. La traduzione di Bebote \u00e8 proprio &#8216;Grande beb\u00e8&#8217;. Un amico di mio padre, che era giornalista in televisione, quando ho segnato il mio primo gol in Prima Divisione url\u00f2: &#8216;Gol del Bebote!&#8217;. Da quel momento tutti, non solo i miei familiari, hanno iniziato a chiamarmi cos\u00ec&#8221;.<\/p>\n<p><a class=\"is-partner-link\" href=\"https:\/\/fantacampionato.gazzetta.it\/home?intcmp=CTAMondiale26\" rel=\"nofollow noopener\" target=\"_blank\">Dimostra di essere il migliore: il fantaconcorso pi\u00f9 ricco d&#8217;Italia diventa Mondiale! Abbonati a soli 9,99\u20ac<\/a><\/p>\n<p>        gimenez e san siro\u2014 \u00a0<\/p>\n<p class=\"paragraph\" spellcheck=\"true\">Il Messico inizier\u00e0 il suo Mondiale all&#8217;Azteca, stadio mitico a cui Gimenez \u00e8 molto legato. Presto per\u00f2 Santi dovr\u00e0 ricostruire il rapporto con San Siro, dove non ha fatto bene: &#8220;Io tifo Milan da quando ero bambino e trovarmi a giocare in quello stadio significa molto per me &#8211; ha detto -. I tifosi mi hanno accolto con tanto affetto e, nonostante non abbia reso ancora come avrei voluto, continuano a spingermi e fidarsi di me. Sono come una famiglia&#8221;. L&#8217;ultimo gol lo ha segnato l\u00ec: 23 settembre, Coppa Italia, Milan-Lecce 3-0. Prima delle difficolt\u00e0 in campo, dell&#8217;operazione alla caviglia e della delusione di Allegri, che gli ha dato fiducia senza essere ripagato. Da quel gol, sono passati 260 giorni.<\/p>\n<p class=\"is-copyright\">\u00a9 RIPRODUZIONE RISERVATA<\/p>\n","protected":false},"excerpt":{"rendered":"L&#8217;attaccante messicano del Milan, zero reti in stagione, si vota come bomber del torneo, anche se non segna&hellip;\n","protected":false},"author":3,"featured_media":533528,"comment_status":"","ping_status":"","sticky":false,"template":"","format":"standard","meta":{"footnotes":"","_share_on_mastodon":"0"},"categories":[1452],"tags":[8398,3250,294341,294340,126279,721,1856,59050,4991,1278,8350,1909,1740,25117,1976,1537,90,89,79477,56030,59,13549,553,1353,532,9612,2327,294342,32511,11514,17114,22850,407,9613,1739,245,244,2957,577,32367,6035],"class_list":["post-533527","post","type-post","status-publish","format-standard","has-post-thumbnail","category-calcio","tag-accettato","tag-attaccanti","tag-attaccanti-centrali","tag-bebote","tag-billboard","tag-calcio","tag-campionato","tag-capocannoniere","tag-centrali","tag-davvero","tag-ernia","tag-famiglia","tag-football","tag-gimenez","tag-gol","tag-it","tag-italia","tag-italy","tag-kane","tag-mbappe","tag-messi","tag-messico","tag-milan","tag-mondiale","tag-san","tag-san-siro","tag-santi","tag-santi-gimenez","tag-santiago","tag-segna","tag-segnare","tag-segnato","tag-settembre","tag-siro","tag-soccer","tag-sport","tag-sports","tag-stadio","tag-stagione","tag-statistiche","tag-tifosi"],"share_on_mastodon":{"url":"https:\/\/pubeurope.com\/@it\/116730015771645382","error":""},"_links":{"self":[{"href":"https:\/\/www.europesays.com\/it\/wp-json\/wp\/v2\/posts\/533527","targetHints":{"allow":["GET"]}}],"collection":[{"href":"https:\/\/www.europesays.com\/it\/wp-json\/wp\/v2\/posts"}],"about":[{"href":"https:\/\/www.europesays.com\/it\/wp-json\/wp\/v2\/types\/post"}],"author":[{"embeddable":true,"href":"https:\/\/www.europesays.com\/it\/wp-json\/wp\/v2\/users\/3"}],"replies":[{"embeddable":true,"href":"https:\/\/www.europesays.com\/it\/wp-json\/wp\/v2\/comments?post=533527"}],"version-history":[{"count":0,"href":"https:\/\/www.europesays.com\/it\/wp-json\/wp\/v2\/posts\/533527\/revisions"}],"wp:featuredmedia":[{"embeddable":true,"href":"https:\/\/www.europesays.com\/it\/wp-json\/wp\/v2\/media\/533528"}],"wp:attachment":[{"href":"https:\/\/www.europesays.com\/it\/wp-json\/wp\/v2\/media?parent=533527"}],"wp:term":[{"taxonomy":"category","embeddable":true,"href":"https:\/\/www.europesays.com\/it\/wp-json\/wp\/v2\/categories?post=533527"},{"taxonomy":"post_tag","embeddable":true,"href":"https:\/\/www.europesays.com\/it\/wp-json\/wp\/v2\/tags?post=533527"}],"curies":[{"name":"wp","href":"https:\/\/api.w.org\/{rel}","templated":true}]}}