{"id":533541,"date":"2026-06-11T06:27:12","date_gmt":"2026-06-11T06:27:12","guid":{"rendered":"https:\/\/www.europesays.com\/it\/533541\/"},"modified":"2026-06-11T06:27:12","modified_gmt":"2026-06-11T06:27:12","slug":"angelo-bonelli-gaffe-rovinosa-non-sa-nulla-neppure-sulle-rinnovabili","status":"publish","type":"post","link":"https:\/\/www.europesays.com\/it\/533541\/","title":{"rendered":"Angelo Bonelli, gaffe rovinosa: non sa nulla neppure sulle rinnovabili"},"content":{"rendered":"<p><strong>Angelo Bonelli<\/strong> gaffeur senza eguali. E proprio sulla materia a lui favorita: il green. L&#8217;ultimo strafalcione \u00e8 legato al via libera della Commissione europea all\u2019Italia per il regime di aiuti di stato, valutato 23 miliardi di euro, contenuto nello schema di decreto FerX per sostenere lo sviluppo delle fonti rinnovabili. In parole povere &#8211; come spiega perfettamente il comunicato della Commissione &#8211;\u00a0Bruxelles ha autorizzato il regime preparato dal ministro dell\u2019Ambiente <strong>Gilberto Pichetto Fratin <\/strong>che pu\u00f2 comportare un aiuto di stato da 23 miliardi di euro per sviluppare la produzione di energia elettrica da fonti rinnovabili.<\/p>\n<p>Il meccanismo previsto &#8211; che punta a incentivare la costruzione di impianti eolici, fotovoltaici o idroelettrici \u2013 \u00e8 il cosiddetto contratto per differenza (Cfd) a due vie: un bonus (o un malus) per ogni kWh di energia prodotta e immessa nella rete che si scosta dal prezzo di esercizio. &#8220;In pratica &#8211; spiega Il Foglio -, si fa <strong>una gara d\u2019asta concorrenziale<\/strong> al termine della quale viene stabilito un prezzo fisso di acquisto dell\u2019energia prodotta per 20 anni: quando i prezzi di mercato dell\u2019energia elettrica sono inferiori a quello del contratto, il Gse (ovvero i consumatori nella bolletta attraverso gli oneri di sistema) paga ai produttori la differenza; quando invece i prezzi sono superiori sono le imprese produttrici a pagare al Gse la differenza. Il costo potenziale dell\u2019aiuto di stato (pagato dai consumatori) pari a 23 miliardi di euro \u00e8 una stima della Commissione che si basa su una previsione dei prezzi di mercato, ma ovviamente in caso di prezzi effettivi superiori il costo sar\u00e0 inferiore&#8221;.<\/p>\n<p>Risultato? Bonelli ha capito tutt&#8217;altro. Il leader di Europa Verde si \u00e8 prodigato in un attacco al governo senza per\u00f2 rendersi conto dell&#8217;abbaglio. &#8220;Il destino \u00e8 cinico e baro con Giorgia Meloni \u2013 dice Bonelli \u2013 lei che<strong> ha fatto la guerra al Green deal<\/strong> e che con vari provvedimenti legislativi ha fermato le rinnovabili oggi si trova a gestire un finanziamento di 23 miliardi di euro concessi dalla Commissione europea per installare 37,5 GW di nuova capacit\u00e0 rinnovabile per attuare la transizione ecologica ed energetica della Ue&#8221;. Finita qui? Niente affatto: &#8220;Era quello che dicevamo alla presidente del Consiglio, ma lei ci sbeffeggiava, ovvero che la strada \u00e8 quella delle energie pulite, non quella del gas e del nucleare. Ora questi 23 miliardi rappresentano una svolta attesa e necessaria&#8221;.<\/p>\n<p><a href=\"https:\/\/www.liberoquotidiano.it\/news\/politica\/47892589\/4-di-sera-angelo-bonelli-errore-commesso-venezia-gomitata-elly-schlein\/\" rel=\"nofollow noopener\" target=\"_blank\">4 di Sera, Angelo Bonelli e la gomitata alla Schlein. &#8220;L&#8217;errore che abbiamo commesso a Venezia&#8221;&#8221;Si continua a discutere delle elezioni amministrative e come sempre per chi vince hanno un significato politico e &#8230;<\/a><\/p>\n<p>\u00a0A detta di Bonelli, dunque, il premier avrebbe fatto di tutto per bloccare l\u2019installazione di rinnovabili e sabotare il Green deal ma, contro la sua volont\u00e0, l&#8217;Ue avrebbe elargito all\u2019Italia 23 miliardi di euro (circa un punto di pil) per imporre al governo l\u2019installazione di 37,5 GW di nuova capacit\u00e0 rinnovabile. &#8220;<strong>\u00c8 tutto sbagliato<\/strong> &#8211; tuona il quotidiano di Claudio Cerasa -, numeri inclusi (la capacit\u00e0 aggiuntiva prevista non \u00e8 di 37,5 GW ma di 37,15 GW, ma questo \u00e8 un dettaglio minore). La realt\u00e0 \u00e8 che questo decreto non \u00e8 un\u2019imposizione europea, lo ha scritto il governo italiano. E sempre il governo ha chiesto alla Commissione europea l\u2019autorizzazione per far funzionare il nuovo regime senza violare la normativa sugli aiuti di stato. Tanto \u00e8 vero che l\u2019esecutivo italiano ha gioito per la decisione presa a Bruxelles&#8221;.\u00a0<\/p>\n<p><a href=\"https:\/\/www.liberoquotidiano.it\/news\/politica\/48056206\/patrimoniale-bonelli-fuori-controllo-79-miliardari-rischiano-stangata-italia\/\" rel=\"nofollow noopener\" target=\"_blank\">Patrimoniale, Bonelli fuori controllo: i &#8220;79\u00a0miliardari&#8221; che rischiano la stangata in Italia\u201cNon penso a una patrimoniale permanente: bisogna adeguare il sistema delle aliquote, renderle pi\u00f9 giuste, &#8230;<\/a><\/p>\n<p>Ma non solo &#8211; si legge &#8211; &#8220;l&#8217;altro aspetto paradossale \u00e8 che Bonelli parli di &#8216;un finanziamento di 23 miliardi concessi dalla Commissione europea&#8217;, come se <strong>Ursula von der Leyen<\/strong> avesse generosamente staccato un assegno. Tutt\u2019altro. Ci\u00f2 che la Commissione ha concesso all\u2019Italia non sono i soldi, ma la possibilit\u00e0 di tassare la bolletta elettrica dei consumatori per finanziare i nuovi impianti rinnovabili se i prezzi di mercato dell\u2019elettricit\u00e0 non aumenteranno&#8221;. Che cantonata per Bonelli!<\/p>\n","protected":false},"excerpt":{"rendered":"Angelo Bonelli gaffeur senza eguali. E proprio sulla materia a lui favorita: il green. L&#8217;ultimo strafalcione \u00e8 legato&hellip;\n","protected":false},"author":3,"featured_media":533542,"comment_status":"","ping_status":"","sticky":false,"template":"","format":"standard","meta":{"footnotes":"","_share_on_mastodon":"0"},"categories":[172],"tags":[178,45997,177,44544,126,149077,1537,90,89,997],"class_list":["post-533541","post","type-post","status-publish","format-standard","has-post-thumbnail","category-affari","tag-affari","tag-angelo-bonelli","tag-business","tag-gilberto-pichetto-fratin","tag-giorgia-meloni","tag-green-deal","tag-it","tag-italia","tag-italy","tag-ue"],"share_on_mastodon":{"url":"https:\/\/pubeurope.com\/@it\/116730058821077456","error":""},"_links":{"self":[{"href":"https:\/\/www.europesays.com\/it\/wp-json\/wp\/v2\/posts\/533541","targetHints":{"allow":["GET"]}}],"collection":[{"href":"https:\/\/www.europesays.com\/it\/wp-json\/wp\/v2\/posts"}],"about":[{"href":"https:\/\/www.europesays.com\/it\/wp-json\/wp\/v2\/types\/post"}],"author":[{"embeddable":true,"href":"https:\/\/www.europesays.com\/it\/wp-json\/wp\/v2\/users\/3"}],"replies":[{"embeddable":true,"href":"https:\/\/www.europesays.com\/it\/wp-json\/wp\/v2\/comments?post=533541"}],"version-history":[{"count":0,"href":"https:\/\/www.europesays.com\/it\/wp-json\/wp\/v2\/posts\/533541\/revisions"}],"wp:featuredmedia":[{"embeddable":true,"href":"https:\/\/www.europesays.com\/it\/wp-json\/wp\/v2\/media\/533542"}],"wp:attachment":[{"href":"https:\/\/www.europesays.com\/it\/wp-json\/wp\/v2\/media?parent=533541"}],"wp:term":[{"taxonomy":"category","embeddable":true,"href":"https:\/\/www.europesays.com\/it\/wp-json\/wp\/v2\/categories?post=533541"},{"taxonomy":"post_tag","embeddable":true,"href":"https:\/\/www.europesays.com\/it\/wp-json\/wp\/v2\/tags?post=533541"}],"curies":[{"name":"wp","href":"https:\/\/api.w.org\/{rel}","templated":true}]}}