{"id":533545,"date":"2026-06-11T06:29:14","date_gmt":"2026-06-11T06:29:14","guid":{"rendered":"https:\/\/www.europesays.com\/it\/533545\/"},"modified":"2026-06-11T06:29:14","modified_gmt":"2026-06-11T06:29:14","slug":"notte-choc-a-firenze-per-una-minorenne-mi-ha-palpeggiata-e-inseguita-adesso-soffro-di-attacchi-di-panico","status":"publish","type":"post","link":"https:\/\/www.europesays.com\/it\/533545\/","title":{"rendered":"Notte choc a Firenze per una minorenne: \u201cMi ha palpeggiata e inseguita, adesso soffro di attacchi di panico\u201d"},"content":{"rendered":"<p>Firenze, 11 giugno 2026 \u2013\u00a0<strong>Una ragazza di 17 anni<\/strong> sarebbe stata <strong>palpeggiata da uno sconosciuto <\/strong>mentre tornava a casa a piedi dopo una cena di classe di fine anno. \u00c8 accaduto luned\u00ec sera, intorno alle 23.30, in via Pistoiese. Sul caso \u00e8 stata presentata una<strong> denuncia ai carabinieri <\/strong>di Peretola e sono in corso gli accertamenti.<\/p>\n<p>La denuncia della madre <\/p>\n<p>A raccontare l\u2019episodio \u00e8 la madre della giovane, ancora scossa per quanto accaduto. \u201cMia figlia stava tornando da una<strong> cena di classe in pizzeria<\/strong>. L\u2019autobus sarebbe passato dopo circa quaranta minuti e cos\u00ec ha deciso di fare a piedi il tratto che la separava da casa. A un certo punto <strong>mi ha telefonato piangendo<\/strong>. Era terrorizzata\u201d. Secondo il racconto della donna, la ragazza stava percorrendo la strada quando sarebbe stata avvicinata da un uomo straniero, con la carnagione scura, in bicicletta. \u201cPrima le ha toccato le spalle da dietro, poi l\u2019ha palpeggiata. Mia figlia si \u00e8 spaventata e gli ha gridato: \u2019Che fai?\u2019. A quel punto ha iniziato a correre\u201d.  <\/p>\n<p>&#8220;Le ha offerto dei soldi per farla stare zitta\u201d <\/p>\n<p>La vicenda per\u00f2 non si sarebbe conclusa l\u00ec. Sempre secondo quanto riferito dalla madre, l\u2019uomo avrebbe raggiunto nuovamente la giovane poco dopo, nei pressi di una fermata dell\u2019autobus. \u201c\u00c8 tornato e le ha detto che era ubriaco e che era dispiaciuto e ha cercato di convincerla a non raccontare nulla. Le avrebbe detto di non chiamare nessuno e che le avrebbe anche <strong>offerto dei soldi perch\u00e9 stesse zitta<\/strong>. Fortunatamente mia figlia era gi\u00e0 al telefono con me\u201d.  <\/p>\n<p>L\u2019intervento dei soccorritori <\/p>\n<p>Sentendo la voce di un adulto al cellulare, l\u2019uomo si sarebbe<strong> <\/strong><strong>allontanato rapidamente <\/strong>facendo perdere le proprie tracce. La madre, allarmata dalla telefonata ricevuta, ha immediatamente allertato i soccorsi. Sul posto sono intervenuti gli agenti della polizia e un\u2019ambulanza del 118. \u201cI sanitari sono stati molto gentili e hanno cercato di tranquillizzarla. Le avevano proposto di accompagnarla al Meyer per ulteriori accertamenti, ma lei ha preferito tornare a casa\u201d.  <\/p>\n<p>Era sotto choc, adesso quando esce si guarda continuamente intorno<\/p>\n<p>Le conseguenze psicologiche dell\u2019accaduto, racconta la donna, sono state pesanti. \u201cEra sotto choc. Ha dormito pochissimo durante la notte e il giorno dopo non \u00e8 andata a scuola. Mia figlia \u00e8 una ragazza molto timida, ha avuto anche un attacco di panico. Adesso quando esce si guarda continuamente intorno per vedere se riconosce quella persona\u201d. La famiglia ha sporto denuncia ai carabinieri di Peretola. <\/p>\n<p>Le reazioni <\/p>\n<p>Sulla vicenda interviene anche Alessandro Draghi, consigliere comunale di Fratelli d\u2019Italia. \u201cQuello che \u00e8 successo \u00e8 vergognoso. \u00c8 preoccupante che una ragazza si sia trovata da sola in una situazione del genere senza ricevere aiuto. Credo che la polizia di prossimit\u00e0, di cui tanto si parla, debba essere presente anche nelle ore serali e notturne\u201d. Draghi collega poi l\u2019episodio al dibattito nazionale sulla normativa relativa ai reati contro la persona. \u201cProprio oggi a Palazzo Vecchio \u00e8 presente Marta Cartabia, ex ministro della Giustizia. \u00c8 l\u2019occasione per ricordare che molte fattispecie sono diventate perseguibili soltanto con querela di parte. Ritengo che questa norma debba essere modificata per garantire maggiore tutela alle vittime\u201d.  <\/p>\n","protected":false},"excerpt":{"rendered":"Firenze, 11 giugno 2026 \u2013\u00a0Una ragazza di 17 anni sarebbe stata palpeggiata da uno sconosciuto mentre tornava a&hellip;\n","protected":false},"author":3,"featured_media":533546,"comment_status":"","ping_status":"","sticky":false,"template":"","format":"standard","meta":{"footnotes":"","_share_on_mastodon":"0"},"categories":[79],"tags":[787,23006,14,93,94,2266,72937,1537,90,89,40244,7,15,4476,294353,14515,210732,11,84,91,12,85,92],"class_list":["post-533545","post","type-post","status-publish","format-standard","has-post-thumbnail","category-italia","tag-attacchi","tag-choc","tag-cronaca","tag-cronaca-italiana","tag-cronacaitaliana","tag-firenze","tag-inseguita","tag-it","tag-italia","tag-italy","tag-minorenne","tag-news","tag-notizie","tag-notte","tag-palpeggiata","tag-panico","tag-soffro","tag-ultime-notizie","tag-ultime-notizie-e-news-di-oggi","tag-ultime-notizie-italia","tag-ultimenotizie","tag-ultimenotizieenewsdioggi","tag-ultimenotizieitalia"],"share_on_mastodon":{"url":"https:\/\/pubeurope.com\/@it\/116730066939495454","error":""},"_links":{"self":[{"href":"https:\/\/www.europesays.com\/it\/wp-json\/wp\/v2\/posts\/533545","targetHints":{"allow":["GET"]}}],"collection":[{"href":"https:\/\/www.europesays.com\/it\/wp-json\/wp\/v2\/posts"}],"about":[{"href":"https:\/\/www.europesays.com\/it\/wp-json\/wp\/v2\/types\/post"}],"author":[{"embeddable":true,"href":"https:\/\/www.europesays.com\/it\/wp-json\/wp\/v2\/users\/3"}],"replies":[{"embeddable":true,"href":"https:\/\/www.europesays.com\/it\/wp-json\/wp\/v2\/comments?post=533545"}],"version-history":[{"count":0,"href":"https:\/\/www.europesays.com\/it\/wp-json\/wp\/v2\/posts\/533545\/revisions"}],"wp:featuredmedia":[{"embeddable":true,"href":"https:\/\/www.europesays.com\/it\/wp-json\/wp\/v2\/media\/533546"}],"wp:attachment":[{"href":"https:\/\/www.europesays.com\/it\/wp-json\/wp\/v2\/media?parent=533545"}],"wp:term":[{"taxonomy":"category","embeddable":true,"href":"https:\/\/www.europesays.com\/it\/wp-json\/wp\/v2\/categories?post=533545"},{"taxonomy":"post_tag","embeddable":true,"href":"https:\/\/www.europesays.com\/it\/wp-json\/wp\/v2\/tags?post=533545"}],"curies":[{"name":"wp","href":"https:\/\/api.w.org\/{rel}","templated":true}]}}