{"id":533555,"date":"2026-06-11T06:47:10","date_gmt":"2026-06-11T06:47:10","guid":{"rendered":"https:\/\/www.europesays.com\/it\/533555\/"},"modified":"2026-06-11T06:47:10","modified_gmt":"2026-06-11T06:47:10","slug":"isola-dei-famosi-2026-ecco-chi-sono-i-concorrenti-dalla-nuova-conduttrice-alla-location-inedita","status":"publish","type":"post","link":"https:\/\/www.europesays.com\/it\/533555\/","title":{"rendered":"Isola dei Famosi 2026: ecco chi sono i concorrenti, dalla nuova conduttrice alla location inedita"},"content":{"rendered":"<p>\n                            Ogni giorno le notizie pi\u00f9 lette della giornata<br \/>\n                            <b>Iscriviti<\/b> e ricevi le notizie via email\n                        <\/p>\n<p>La nuova edizione de <strong>L\u2019Isola dei Famosi<\/strong> \u00e8 pronta a partire con le registrazioni. Il celebre reality di Canale 5 si rinnova a partire dalla conduttrice, che sar\u00e0 <a href=\"https:\/\/www.ilmattino.it\/t\/selvaggia-lucarelli\" rel=\"nofollow noopener\" target=\"_blank\">Selvaggia Lucarelli<\/a>, che prende il posto di <a href=\"https:\/\/www.ilmattino.it\/t\/veronica-gentili\" rel=\"nofollow noopener\" target=\"_blank\">Veronica Gentili<\/a>, mentre <a href=\"https:\/\/www.ilmattino.it\/t\/alvin\" rel=\"nofollow noopener\" target=\"_blank\">Alvin<\/a> torner\u00e0 come inviato direttamente dal luogo delle riprese.\u00a0<\/p>\n<p>&#13;<\/p>\n<p>APPROFONDIMENTI<\/p>\n<p>&#13;<br \/>\n    &#13;<\/p>\n<p>Una delle principali novit\u00e0 riguarda la location. Dopo anni trascorsi tra le spiagge e gli scenari dell\u2019<a href=\"https:\/\/www.ilmattino.it\/t\/honduras\" rel=\"nofollow noopener\" target=\"_blank\">Honduras<\/a>, la produzione avrebbe deciso di trasferire il reality nelle <strong><a href=\"https:\/\/www.ilmattino.it\/t\/filippine\" rel=\"nofollow noopener\" target=\"_blank\">Filippine<\/a><\/strong>. <\/p>\n<p>Un&#8217;altra importante novit\u00e0 riguarda la trasmissione del programma, che non sar\u00e0 pi\u00f9 in diretta. Lo show andr\u00e0 infatti in onda il prossimo autunno, ma sar\u00e0 registrato a partire dalla prossima settimana.Il cast dell&#8217;Isola dei Famosi <\/p>\n<p>In attesa delle conferme ufficiali da parte di <a href=\"https:\/\/www.ilmattino.it\/t\/mediaset\" rel=\"nofollow noopener\" target=\"_blank\">Mediaset<\/a>, sul web continuano a circolare indiscrezioni sul possibile cast. Secondo quanto riportato da Deianira Marzano, <strong>sarebbero sedici i naufraghi selezionati <\/strong>per prendere parte all\u2019avventura. Un gruppo eterogeneo composto da ex protagonisti di reality, influencer, personaggi televisivi e volti storici del piccolo schermo.<\/p>\n<p>Tra gli uomini figurerebbero <strong><a href=\"https:\/\/www.ilmattino.it\/t\/alex-caniggia\" rel=\"nofollow noopener\" target=\"_blank\">Alex Caniggia<\/a><\/strong>, <strong>Daniele Laia<\/strong>, <strong><a href=\"https:\/\/www.ilmattino.it\/t\/flavio-ubirti\" rel=\"nofollow noopener\" target=\"_blank\">Flavio Ubirti<\/a><\/strong>, <strong><a href=\"https:\/\/www.ilmattino.it\/t\/francesco-chiofalo\" rel=\"nofollow noopener\" target=\"_blank\">Francesco Chiofalo<\/a><\/strong>, <strong>Il Musazzi<\/strong>, <strong><a href=\"https:\/\/www.ilmattino.it\/t\/luca-onestini\" rel=\"nofollow noopener\" target=\"_blank\">Luca Onestini<\/a><\/strong>, <strong><a href=\"https:\/\/www.ilmattino.it\/t\/pasquale-laricchia\" rel=\"nofollow noopener\" target=\"_blank\">Pasquale Laricchia<\/a><\/strong>, <strong><a href=\"https:\/\/www.ilmattino.it\/t\/patrick-ray-pugliese\" rel=\"nofollow noopener\" target=\"_blank\">Patrick Ray Pugliese<\/a><\/strong> e <strong><a href=\"https:\/\/www.ilmattino.it\/t\/pierpaolo-pretelli\" rel=\"nofollow noopener\" target=\"_blank\">Pierpaolo Pretelli<\/a><\/strong>. Per quanto riguarda il cast femminile, invece, i nomi pi\u00f9 accreditati sarebbero quelli di <strong><a href=\"https:\/\/www.ilmattino.it\/t\/claudia-peroni\" rel=\"nofollow noopener\" target=\"_blank\">Claudia Peroni<\/a><\/strong>, <strong><a href=\"https:\/\/www.ilmattino.it\/t\/denny-mendez\" rel=\"nofollow noopener\" target=\"_blank\">Denny Mendez<\/a><\/strong>, <strong><a href=\"https:\/\/www.ilmattino.it\/t\/eva-grimaldi\" rel=\"nofollow noopener\" target=\"_blank\">Eva Grimaldi<\/a><\/strong>, <strong><a href=\"https:\/\/www.ilmattino.it\/t\/martina-maggiore\" rel=\"nofollow noopener\" target=\"_blank\">Martina Maggiore<\/a><\/strong>, <strong>Michelle Veronesi<\/strong>, <strong><a href=\"https:\/\/www.ilmattino.it\/t\/raffaella-fico\" rel=\"nofollow noopener\" target=\"_blank\">Raffaella Fico<\/a><\/strong> e <strong><a href=\"https:\/\/www.ilmattino.it\/t\/zeudi-di-palma\" rel=\"nofollow noopener\" target=\"_blank\">Zeudi Di Palma<\/a><\/strong>.<\/p>\n<p>Selvaggia Lucarelli e Alvin sarebbero gi\u00e0 arrivati nelle Filippine per preparare l\u2019avvio delle registrazioni.\u00a0<\/p>\n","protected":false},"excerpt":{"rendered":"Ogni giorno le notizie pi\u00f9 lette della giornata Iscriviti e ricevi le notizie via email La nuova edizione&hellip;\n","protected":false},"author":3,"featured_media":533556,"comment_status":"","ping_status":"","sticky":false,"template":"","format":"standard","meta":{"footnotes":"","_share_on_mastodon":"0"},"categories":[1444],"tags":[294356,19367,294357,294358,203,96408,39654,132071,204,14322,1537,90,89,9060,292133,37954,35988,253,29948,238017],"class_list":["post-533555","post","type-post","status-publish","format-standard","has-post-thumbnail","category-tv","tag-alex-caniggia","tag-alvin","tag-claudia-peroni","tag-denny-mendez","tag-entertainment","tag-eva-grimaldi","tag-filippine","tag-honduras","tag-intrattenimento","tag-isola-dei-famosi","tag-it","tag-italia","tag-italy","tag-mediaset","tag-patrick-ray-pugliese","tag-raffaella-fico","tag-selvaggia-lucarelli","tag-tv","tag-veronica-gentili","tag-zeudi-di-palma"],"share_on_mastodon":{"url":"https:\/\/pubeurope.com\/@it\/116730137562370665","error":""},"_links":{"self":[{"href":"https:\/\/www.europesays.com\/it\/wp-json\/wp\/v2\/posts\/533555","targetHints":{"allow":["GET"]}}],"collection":[{"href":"https:\/\/www.europesays.com\/it\/wp-json\/wp\/v2\/posts"}],"about":[{"href":"https:\/\/www.europesays.com\/it\/wp-json\/wp\/v2\/types\/post"}],"author":[{"embeddable":true,"href":"https:\/\/www.europesays.com\/it\/wp-json\/wp\/v2\/users\/3"}],"replies":[{"embeddable":true,"href":"https:\/\/www.europesays.com\/it\/wp-json\/wp\/v2\/comments?post=533555"}],"version-history":[{"count":0,"href":"https:\/\/www.europesays.com\/it\/wp-json\/wp\/v2\/posts\/533555\/revisions"}],"wp:featuredmedia":[{"embeddable":true,"href":"https:\/\/www.europesays.com\/it\/wp-json\/wp\/v2\/media\/533556"}],"wp:attachment":[{"href":"https:\/\/www.europesays.com\/it\/wp-json\/wp\/v2\/media?parent=533555"}],"wp:term":[{"taxonomy":"category","embeddable":true,"href":"https:\/\/www.europesays.com\/it\/wp-json\/wp\/v2\/categories?post=533555"},{"taxonomy":"post_tag","embeddable":true,"href":"https:\/\/www.europesays.com\/it\/wp-json\/wp\/v2\/tags?post=533555"}],"curies":[{"name":"wp","href":"https:\/\/api.w.org\/{rel}","templated":true}]}}